{"id":81559,"date":"2019-02-14T15:30:53","date_gmt":"2019-02-14T17:30:53","guid":{"rendered":"https:\/\/www.novaconcursos.com.br\/portal\/?p=81559"},"modified":"2019-03-08T12:31:20","modified_gmt":"2019-03-08T15:31:20","slug":"concurso-prefeitura-de-salvador-ba-confirmado-editais-no-fim-de-fevereiro","status":"publish","type":"post","link":"https:\/\/www.novaconcursos.com.br\/portal\/noticias\/concurso-prefeitura-de-salvador-ba-confirmado-editais-no-fim-de-fevereiro\/","title":{"rendered":"Concurso Prefeitura de Salvador &#8211; BA: Editais est\u00e3o previstos para o fim de fevereiro!"},"content":{"rendered":"<p>Excelente not\u00edcia concurseiros baianos! <strong>O concurso Prefeitura de Salvador \u2013 BA ter\u00e1 seu edital publicado no fim de fevereiro<\/strong>. As oportunidades <a href=\"https:\/\/www.novaconcursos.com.br\/concurso\/prefeitura-de-salvador\/apostila?promo_name=pref-de-salvador-ba-blog&amp;promo_id=1&amp;promo_creative=link-saiu-edital-pref-de-salvador-ba&amp;promo_position=pref-de-salvador-ba\" target=\"_blank\" rel=\"noopener noreferrer\">ser\u00e3o<\/a> para <strong>n\u00edveis m\u00e9dio e superior<\/strong>, com sal\u00e1rios de at\u00e9 <strong>R$ 11 mil!<\/strong><\/p>\n<p>A equipe de jornalismo da <span style=\"text-decoration: underline;\"><span style=\"color: #0000ff;\"><a style=\"color: #0000ff; text-decoration: underline;\" href=\"https:\/\/www.novaconcursos.com.br\" target=\"_blank\" rel=\"noopener noreferrer\">Nova Concursos<\/a><\/span><\/span> entrou em contato com a <strong>Assessoria de Comunica\u00e7\u00e3o da Secretaria Municipal de Gest\u00e3o<\/strong>, e obteve informa\u00e7\u00f5es exclusivas <a href=\"https:\/\/www.novaconcursos.com.br\/concurso\/prefeitura-de-salvador\/apostila?promo_name=pref-de-salvador-ba-blog&amp;promo_id=1&amp;promo_creative=link-saiu-edital-pref-de-salvador-ba&amp;promo_position=pref-de-salvador-ba\" target=\"_blank\" rel=\"noopener noreferrer\">sobre<\/a> o andamento do certame.<\/p>\n<p style=\"text-align: center;\"><strong><span style=\"text-decoration: underline;\"><span style=\"color: #000000;\"><a style=\"color: #000000; text-decoration: underline;\" href=\"https:\/\/www.novaconcursos.com.br\/portal\/wp-content\/uploads\/2019\/02\/Prefeitura-de-Salvador.gif\" target=\"_blank\" rel=\"noopener noreferrer\">\u21d2 Confira um trecho da nota divulgada!<\/a><\/span><\/span><\/strong><\/p>\n<p><a href=\"https:\/\/www.novaconcursos.com.br\/portal\/wp-content\/uploads\/2019\/02\/Prefeitura-de-Salvador.gif\" target=\"_blank\" rel=\"noopener noreferrer\"><img decoding=\"async\" class=\"aligncenter wp-image-81560 \" src=\"https:\/\/www.novaconcursos.com.br\/portal\/wp-content\/uploads\/2019\/02\/Prefeitura-de-Salvador.gif\" alt=\"Prefeitura de Salvador\" width=\"581\" height=\"269\" loading=\"lazy\" title=\"\"><\/a><\/p>\n<h2 id=\"editais-e-vagas-ofertadas\">Editais e vagas ofertadas<\/h2>\n<p>O concurso <strong>Prefeitura de Salvador \u2013 BA ser\u00e1 dividido em tr\u00eas editais<\/strong>, e a publica\u00e7\u00e3o dos documentos ocorrer\u00e1 no <strong>final do m\u00eas de fevereiro<\/strong>.<\/p>\n<p>O <strong>primeiro edital<\/strong> ofertar\u00e1 <strong>150 vagas<\/strong> de car\u00e1ter imediato, mais\u00a0<strong>1.500 vagas<\/strong> para forma\u00e7\u00e3o de cadastro reserva, no <a href=\"https:\/\/www.novaconcursos.com.br\/concurso\/prefeitura-de-salvador\/apostila?promo_name=pref-de-salvador-ba-blog&amp;promo_id=1&amp;promo_creative=link-saiu-edital-pref-de-salvador-ba&amp;promo_position=pref-de-salvador-ba\" target=\"_blank\" rel=\"noopener noreferrer\">cargo<\/a> de <strong>Professor<\/strong>.<\/p>\n<p>O <strong>segundo edital<\/strong> ter\u00e1 a oferta para cargos de Guarda Civil Municipal, Agente de Tr\u00e2nsito, Agente de Fiscaliza\u00e7\u00e3o e Agente de Salvamento Aqu\u00e1tico (Salva-Vidas).<\/p>\n<p>J\u00e1 o <strong>terceiro edital<\/strong> ser\u00e1 destinado para os seguintes cargos: M\u00e9dico, Engenheiro Civil, Fiscal de Servi\u00e7os Municipais, Engenheiro Eletricista, Engenheiro\/Arquiteto e pela primeira vez na administra\u00e7\u00e3o municipal para as fun\u00e7\u00f5es de Psic\u00f3logo, Gestor P\u00fablico, M\u00e9dico Perito, M\u00e9dico do Trabalho, T\u00e9cnico de Enfermagem do Trabalho e T\u00e9cnico em Seguran\u00e7a do Trabalho.<\/p>\n<p>As <strong>vagas<\/strong> ofertadas ser\u00e3o para <strong>n\u00edveis m\u00e9dio e superior<\/strong>, <a href=\"https:\/\/www.novaconcursos.com.br\/concurso\/prefeitura-de-salvador\/apostila?promo_name=pref-de-salvador-ba-blog&amp;promo_id=1&amp;promo_creative=link-saiu-edital-pref-de-salvador-ba&amp;promo_position=pref-de-salvador-ba\" target=\"_blank\" rel=\"noopener noreferrer\">com<\/a> sal\u00e1rios de <strong>R$ 2.147,85 a R$ 11.484,19<\/strong>, com jornadas de trabalho de <strong>20 e 40<\/strong> horas semanais.<\/p>\n<p>Do total de vagas, <strong>30%<\/strong> ser\u00e3o destinadas para candidatos afrodescendentes e <strong>5%<\/strong> para pessoas com defici\u00eancia, conforme previsto em legisla\u00e7\u00e3o municipal.<\/p>\n<h2 id=\"etapas-do-certame\">Etapas do certame<\/h2>\n<p>De acordo com o <strong>Secret\u00e1rio Municipal de Gest\u00e3o<\/strong>, Thiago Dantas, o <strong>edital<\/strong> ser\u00e1 <a href=\"https:\/\/www.novaconcursos.com.br\/concurso\/prefeitura-de-salvador\/apostila?promo_name=pref-de-salvador-ba-blog&amp;promo_id=1&amp;promo_creative=link-saiu-edital-pref-de-salvador-ba&amp;promo_position=pref-de-salvador-ba\" target=\"_blank\" rel=\"noopener noreferrer\">publicado<\/a> no fim de <strong>fevereiro<\/strong>, com <strong>inscri\u00e7\u00f5es<\/strong> a serem realizadas em <strong>mar\u00e7o<\/strong> e as <strong>provas em abril<\/strong>.<\/p>\n<p>Vencedora da licita\u00e7\u00e3o, <strong>a Funda\u00e7\u00e3o Get\u00falio Vargas (FGV) ser\u00e1 a empresa organizadora da sele\u00e7\u00e3o<\/strong>. Al\u00e9m das vagas imediatas, tamb\u00e9m haver\u00e1 vagas em cadastro reserva, que poder\u00e1 chegar at\u00e9 <strong>15 vezes<\/strong> o n\u00famero inicial para <a href=\"https:\/\/www.novaconcursos.com.br\/concurso\/prefeitura-de-salvador\/apostila?promo_name=pref-de-salvador-ba-blog&amp;promo_id=1&amp;promo_creative=link-saiu-edital-pref-de-salvador-ba&amp;promo_position=pref-de-salvador-ba\" target=\"_blank\" rel=\"noopener noreferrer\">cada<\/a> cargo.<\/p>\n<h2 id=\"reas-de-atuao-dos-servidores\">\u00c1reas de atua\u00e7\u00e3o dos servidores<\/h2>\n<p><strong>Os profissionais aprovados<\/strong> ir\u00e3o <a href=\"https:\/\/www.novaconcursos.com.br\/concurso\/prefeitura-de-salvador\/apostila?promo_name=pref-de-salvador-ba-blog&amp;promo_id=1&amp;promo_creative=link-saiu-edital-pref-de-salvador-ba&amp;promo_position=pref-de-salvador-ba\" target=\"_blank\" rel=\"noopener noreferrer\">atuar<\/a> nas Secretarias Municipais de Sa\u00fade, Educa\u00e7\u00e3o, Mobilidade, Desenvolvimento Urbano, Gest\u00e3o, Infraestrutura, Manuten\u00e7\u00e3o, Ordem P\u00fablica e Promo\u00e7\u00e3o Social e Combate \u00e0 Pobreza, al\u00e9m da Guarda Civil Municipal (GCM) e das superintend\u00eancias de Tr\u00e2nsito de Salvador (Transalvador) e de Obras P\u00fablicas (Sucop).<\/p>\n<p>Os novos<strong> postos de trabalho<\/strong> v\u00e3o representar <a href=\"https:\/\/www.novaconcursos.com.br\/concurso\/prefeitura-de-salvador\/apostila?promo_name=pref-de-salvador-ba-blog&amp;promo_id=1&amp;promo_creative=link-saiu-edital-pref-de-salvador-ba&amp;promo_position=pref-de-salvador-ba\" target=\"_blank\" rel=\"noopener noreferrer\">um<\/a> investimento de <strong>R$23,3 milh\u00f5es<\/strong> para refor\u00e7ar as \u00e1reas estrat\u00e9gicas e priorit\u00e1rias do servi\u00e7o p\u00fablico municipal.<\/p>\n<p style=\"text-align: center;\"><strong><span style=\"text-decoration: underline;\"><span style=\"color: #0000ff;\"><a style=\"color: #0000ff; text-decoration: underline;\" href=\"https:\/\/www.novaconcursos.com.br\/concurso\/prefeitura-de-salvador\/apostila?promo_name=pref-de-salvador-ba-blog&amp;promo_id=1&amp;promo_creative=link-saiu-edital-pref-de-salvador-ba&amp;promo_position=pref-de-salvador-ba\" target=\"_blank\" rel=\"noopener noreferrer\">\u00bb Prepare-se com a Apostila\u00a0Prefeitura de Salvador \u2013 BA\u00a0\u00ab<\/a><\/span><\/span><\/strong><\/p>","protected":false},"excerpt":{"rendered":"<p>Excelente not\u00edcia concurseiros baianos! O concurso Prefeitura de Salvador \u2013 BA ter\u00e1 seu edital publicado no fim de fevereiro. As oportunidades ser\u00e3o para n\u00edveis m\u00e9dio e superior, com sal\u00e1rios de at\u00e9 R$ 11 mil! A equipe de jornalismo da Nova Concursos entrou em contato com a Assessoria de Comunica\u00e7\u00e3o da Secretaria Municipal de Gest\u00e3o, e [&hellip;]<\/p>\n","protected":false},"author":16,"featured_media":81565,"comment_status":"closed","ping_status":"closed","sticky":false,"template":"","format":"standard","meta":{"_acf_changed":false,"footnotes":"","_wp_rev_ctl_limit":""},"categories":[228],"tags":[392,35527,367,21494,35531,35748,35749,21603,35530],"class_list":["post-81559","post","type-post","status-publish","format-standard","has-post-thumbnail","hentry","category-noticias","tag-bahia","tag-certame-prefeitura-de-salvador-ba","tag-concurso-bahia","tag-concurso-prefeitura-de-salvador-ba","tag-concurso-salvador-ba","tag-edital-do-concurso-prefeitura-de-salvador-ba","tag-edital-prefeitura-de-salvador-ba","tag-prefeitura-de-salvador-ba","tag-salvador-ba"],"acf":[],"_links":{"self":[{"href":"https:\/\/www.novaconcursos.com.br\/portal\/wp-json\/wp\/v2\/posts\/81559","targetHints":{"allow":["GET"]}}],"collection":[{"href":"https:\/\/www.novaconcursos.com.br\/portal\/wp-json\/wp\/v2\/posts"}],"about":[{"href":"https:\/\/www.novaconcursos.com.br\/portal\/wp-json\/wp\/v2\/types\/post"}],"author":[{"embeddable":true,"href":"https:\/\/www.novaconcursos.com.br\/portal\/wp-json\/wp\/v2\/users\/16"}],"replies":[{"embeddable":true,"href":"https:\/\/www.novaconcursos.com.br\/portal\/wp-json\/wp\/v2\/comments?post=81559"}],"version-history":[{"count":3,"href":"https:\/\/www.novaconcursos.com.br\/portal\/wp-json\/wp\/v2\/posts\/81559\/revisions"}],"predecessor-version":[{"id":82315,"href":"https:\/\/www.novaconcursos.com.br\/portal\/wp-json\/wp\/v2\/posts\/81559\/revisions\/82315"}],"wp:featuredmedia":[{"embeddable":true,"href":"https:\/\/www.novaconcursos.com.br\/portal\/wp-json\/wp\/v2\/media\/81565"}],"wp:attachment":[{"href":"https:\/\/www.novaconcursos.com.br\/portal\/wp-json\/wp\/v2\/media?parent=81559"}],"wp:term":[{"taxonomy":"category","embeddable":true,"href":"https:\/\/www.novaconcursos.com.br\/portal\/wp-json\/wp\/v2\/categories?post=81559"},{"taxonomy":"post_tag","embeddable":true,"href":"https:\/\/www.novaconcursos.com.br\/portal\/wp-json\/wp\/v2\/tags?post=81559"}],"curies":[{"name":"wp","href":"https:\/\/api.w.org\/{rel}","templated":true}]}}