{"id":81611,"date":"2019-02-15T15:24:17","date_gmt":"2019-02-15T17:24:17","guid":{"rendered":"https:\/\/www.novaconcursos.com.br\/portal\/?p=81611"},"modified":"2019-02-15T16:28:49","modified_gmt":"2019-02-15T18:28:49","slug":"concurso-detran-pa-datas-de-provas-sao-alteradas","status":"publish","type":"post","link":"https:\/\/www.novaconcursos.com.br\/portal\/noticias\/concurso-detran-pa-datas-de-provas-sao-alteradas\/","title":{"rendered":"Concurso Detran-PA: Datas de provas s\u00e3o alteradas!"},"content":{"rendered":"<p>Mais uma altera\u00e7\u00e3o no concurso do <strong>Departamento de Tr\u00e2nsito do Estado do Par\u00e1 (Detran-PA)<\/strong>!<\/p>\n<p>Desta vez, a Fadesp (Funda\u00e7\u00e3o de Amparo e Desenvolvimento de Pesquisa) divulgou o novo cronograma para o cargo de Agente de Educa\u00e7\u00e3o de Tr\u00e2nsito.<\/p>\n<p>As <strong>provas objetivas<\/strong> est\u00e3o marcadas para o dia <strong>28 de abril<\/strong>, durante o turno da manh\u00e3 (8h \u00e0s 12h), sendo que o cart\u00e3o definitivo de inscri\u00e7\u00e3o ser\u00e1 liberado no dia 2 de abril.<\/p>\n<p style=\"text-align: center;\"><span style=\"text-decoration: underline;\"><span style=\"color: #0000ff;\"><strong><a style=\"color: #0000ff; text-decoration: underline;\" href=\"https:\/\/www.novaconcursos.com.br\/concurso\/detran-pa-departamento-de-transito-do-para\/apostila?promo_name=detran-pa-blog&amp;promo_id=1&amp;promo_creative=link-concurso-detran-pa&amp;promo_position=detran-pa\" target=\"_blank\" rel=\"noopener noreferrer\">\u00bb Prepare-se com a Apostila\u00a0Detran-PA\u00a0+ Curso Lei n\u00b0 9.503\/1997 \u2013 C\u00f3digo de Tr\u00e2nsito Brasileiro (GR\u00c1TIS)\u00a0\u00ab<\/a><\/strong><\/span><\/span><\/p>\n<h2 id=\"concurso-detranpa\">Concurso Detran-PA<\/h2>\n<p>S\u00e3o\u00a0<strong>100 vagas<\/strong>\u00a0ofertadas para os dois cargos, de Agente de Educa\u00e7\u00e3o de Tr\u00e2nsito e Agente de Fiscaliza\u00e7\u00e3o de Tr\u00e2nsito. Ambos t\u00eam o requisito de\u00a0<strong>n\u00edvel m\u00e9dio<\/strong>. O sal\u00e1rio \u00e9 de\u00a0<strong>R$ 2,1 mil<\/strong>!<\/p>\n<p>Os candidatos para o cargo de Agente de Educa\u00e7\u00e3o de Tr\u00e2nsito ser\u00e3o avaliados unicamente por meio de prova objetiva e discursiva.<\/p>\n<p>O\u00a0<strong>conte\u00fado program\u00e1tico<\/strong>\u00a0da prova, que ter\u00e1\u00a0<strong>50 quest\u00f5es<\/strong>, \u00e9 dividido da seguinte forma:<\/p>\n<p>\u2013\u00a0<strong>Conhecimentos B\u00e1sicos (20)<\/strong>: L\u00edngua Portuguesa (6), Matem\u00e1tica e Racioc\u00ednio L\u00f3gico (4), Legisla\u00e7\u00e3o Aplic\u00e1vel (4), \u00c9tica e Qualidade no Servi\u00e7o P\u00fablico (3), No\u00e7\u00f5es de Microinform\u00e1tica (3);<\/p>\n<p>\u2013\u00a0<strong>Conhecimentos Espec\u00edficos (30)<\/strong>.<\/p>\n<p style=\"text-align: center;\"><span style=\"text-decoration: underline; color: #0000ff;\"><strong><a style=\"color: #0000ff; text-decoration: underline;\" href=\"https:\/\/www.novaconcursos.com.br\/concurso\/detran-pa-departamento-de-transito-do-para\/apostila?promo_name=detran-pa-blog&amp;promo_id=1&amp;promo_creative=link-concurso-detran-pa&amp;promo_position=detran-pa\" target=\"_blank\" rel=\"noopener noreferrer\">\u00bb Prepare-se com a Apostila\u00a0Detran-PA\u00a0+ Curso Lei n\u00b0 9.503\/1997 \u2013 C\u00f3digo de Tr\u00e2nsito Brasileiro (GR\u00c1TIS)\u00a0\u00ab<\/a><\/strong><\/span><\/p>\n<p>A\u00a0<span style=\"text-decoration: underline;\"><span style=\"color: #0000ff;\"><strong><a style=\"color: #0000ff; text-decoration: underline;\" href=\"https:\/\/www.novaconcursos.com.br\/?utm_source=blog&amp;utm_medium=smm&amp;utm_content=link-texto&amp;utm_campaign=home\">Nova\u2002Concursos<\/a><\/strong><\/span><\/span>\u00a0tem ajudado h\u00e1 mais de 10 anos quem quer vencer a batalha do concurso p\u00fablico. Se voc\u00ea quer aumentar as suas chances de passar, conhe\u00e7a os nossos materiais, acessando o nosso site!<\/p>\n<p>\u00a0<\/p>","protected":false},"excerpt":{"rendered":"<p>Mais uma altera\u00e7\u00e3o no concurso do Departamento de Tr\u00e2nsito do Estado do Par\u00e1 (Detran-PA)! Desta vez, a Fadesp (Funda\u00e7\u00e3o de Amparo e Desenvolvimento de Pesquisa) divulgou o novo cronograma para o cargo de Agente de Educa\u00e7\u00e3o de Tr\u00e2nsito. As provas objetivas est\u00e3o marcadas para o dia 28 de abril, durante o turno da manh\u00e3 (8h [&hellip;]<\/p>\n","protected":false},"author":16,"featured_media":81614,"comment_status":"closed","ping_status":"closed","sticky":false,"template":"","format":"standard","meta":{"_acf_changed":false,"footnotes":"","_wp_rev_ctl_limit":""},"categories":[228],"tags":[],"class_list":["post-81611","post","type-post","status-publish","format-standard","has-post-thumbnail","hentry","category-noticias"],"acf":[],"_links":{"self":[{"href":"https:\/\/www.novaconcursos.com.br\/portal\/wp-json\/wp\/v2\/posts\/81611","targetHints":{"allow":["GET"]}}],"collection":[{"href":"https:\/\/www.novaconcursos.com.br\/portal\/wp-json\/wp\/v2\/posts"}],"about":[{"href":"https:\/\/www.novaconcursos.com.br\/portal\/wp-json\/wp\/v2\/types\/post"}],"author":[{"embeddable":true,"href":"https:\/\/www.novaconcursos.com.br\/portal\/wp-json\/wp\/v2\/users\/16"}],"replies":[{"embeddable":true,"href":"https:\/\/www.novaconcursos.com.br\/portal\/wp-json\/wp\/v2\/comments?post=81611"}],"version-history":[{"count":2,"href":"https:\/\/www.novaconcursos.com.br\/portal\/wp-json\/wp\/v2\/posts\/81611\/revisions"}],"predecessor-version":[{"id":81621,"href":"https:\/\/www.novaconcursos.com.br\/portal\/wp-json\/wp\/v2\/posts\/81611\/revisions\/81621"}],"wp:featuredmedia":[{"embeddable":true,"href":"https:\/\/www.novaconcursos.com.br\/portal\/wp-json\/wp\/v2\/media\/81614"}],"wp:attachment":[{"href":"https:\/\/www.novaconcursos.com.br\/portal\/wp-json\/wp\/v2\/media?parent=81611"}],"wp:term":[{"taxonomy":"category","embeddable":true,"href":"https:\/\/www.novaconcursos.com.br\/portal\/wp-json\/wp\/v2\/categories?post=81611"},{"taxonomy":"post_tag","embeddable":true,"href":"https:\/\/www.novaconcursos.com.br\/portal\/wp-json\/wp\/v2\/tags?post=81611"}],"curies":[{"name":"wp","href":"https:\/\/api.w.org\/{rel}","templated":true}]}}