{"id":81733,"date":"2019-02-19T18:14:35","date_gmt":"2019-02-19T21:14:35","guid":{"rendered":"https:\/\/www.novaconcursos.com.br\/portal\/?p=81733"},"modified":"2019-02-20T15:46:53","modified_gmt":"2019-02-20T18:46:53","slug":"concurso-pc-df-servidores-terao-paridade-salarial-com-a-pf-2019-02","status":"publish","type":"post","link":"https:\/\/www.novaconcursos.com.br\/portal\/noticias\/concurso-pc-df-servidores-terao-paridade-salarial-com-a-pf-2019-02\/","title":{"rendered":"Concurso PC-DF: Edital sai em abril!"},"content":{"rendered":"<p>Excelente not\u00edcia aos concurseiros que aguardam o novo concurso p\u00fablico da <strong>Pol\u00edcia Civil do Distrito Federal (PC-DF)!<\/strong><\/p>\n<p>No dia <strong>19 de fevereiro de 2019<\/strong>, o governador do Distrito Federal, Ibaneis Rocha, declarou que o edital do certame deve sair em abril.<\/p>\n<p>Al\u00e9m disso, ressaltou a <strong>equipara\u00e7\u00e3o salarial<\/strong> dos Policiais Civis com os sal\u00e1rios da <strong>Pol\u00edcia Federal (PF).<\/strong><\/p>\n<p>Sendo assim, o sal\u00e1rio de um Delegado de carreira, por exemplo, poder\u00e1 ser de at\u00e9 <strong>R$ 30 mil!<\/strong><\/p>\n<p style=\"text-align: center;\"><span style=\"text-decoration: underline; color: #0000ff;\"><strong><a style=\"color: #0000ff; text-decoration: underline;\" href=\"https:\/\/www.novaconcursos.com.br\/concurso\/pc-df-policia-civil-distrito-federal\/apostila?promo_name=pc-df-blog&amp;promo_id=1&amp;promo_creative=link-saiu-edital-pc-df&amp;promo_position=pc-df\" target=\"_blank\" rel=\"noopener noreferrer\">\u00bb Prepare-se com a Apostila\u00a0PC-DF\u00a0+ Curso\u00a0Portugu\u00eas (GR\u00c1TIS)\u00a0\u00ab<\/a><\/strong><\/span><\/p>\n<p>Os Policiais Civis do Distrito Federal lutavam j\u00e1 h\u00e1 alguns anos\u00a0para obter o sal\u00e1rio igualado \u00e0 PF.\u00a0O reajuste, que ser\u00e1 de <strong>37%<\/strong> no total, ser\u00e1 entregue em <strong>seis parcelas<\/strong>, sendo <strong>15% em 2019, 13% em 2020<\/strong>, e o restante em <strong>2021<\/strong>, com dois reajustes anuais, nos meses de <strong>abril e setembro<\/strong> de cada ano.<\/p>\n<p><span style=\"color: #000000;\"><strong>Novo Concurso PC-DF<\/strong><\/span><\/p>\n<p>O <strong>an\u00fancio da equipara\u00e7\u00e3o salarial<\/strong> aconteceu durante a entrega de 109 novas viaturas descaracterizadas para a Pol\u00edcia Civil, com investimento de <strong>R$ 6,5 milh\u00f5es<\/strong>, e contou com a participa\u00e7\u00e3o de policiais e representantes do sindicato.<\/p>\n<p>Na mesma ocasi\u00e3o, o governador comentou sobre a poss\u00edvel realiza\u00e7\u00e3o de um <strong>novo concurso p\u00fablico<\/strong>, com oferta de <strong>1,5 mil vagas para Agentes e 300 para Escriv\u00e3es.<\/strong><\/p>\n<p>Ainda segundo Ibaneis Rocha, o certame dever\u00e1 acontecer possivelmente no <strong>m\u00eas de abril de 2019<\/strong>.<\/p>\n<p><span style=\"color: #000000;\"><strong>Vagas e sal\u00e1rios<\/strong><\/span><\/p>\n<p>Segundo o governador,\u00a0<strong>existe um d\u00e9ficit de 7 mil policiais<\/strong>, no momento est\u00e1 sendo realizado um levantamento junto com os\u00a0<strong>Sindicatos e a Secretaria de Seguran\u00e7a<\/strong>\u00a0para identificar as necessidades do efetivo.<\/p>\n<p>O concurso\u00a0<strong>PC-DF<\/strong>, possui uma\u00a0<strong>portaria autorizativa<\/strong>\u00a0com a previs\u00e3o de oferta\u00a0<a href=\"https:\/\/www.novaconcursos.com.br\/concurso\/pc-df-policia-civil-distrito-federal\/apostila?promo_name=pc-df-blog&amp;promo_id=1&amp;promo_creative=link-saiu-edital-pc-df&amp;promo_position=pc-df\" target=\"_blank\" rel=\"noopener noreferrer\">para<\/a>\u00a0<strong>300 vagas no cargo de Escriv\u00e3o<\/strong>.<\/p>\n<p>O\u00a0<strong>sal\u00e1rio inicial<\/strong>\u00a0para os cargos de\u00a0<strong>Agente e Escriv\u00e3o<\/strong>, tem o valor de\u00a0<strong>R$ 8.284,55<\/strong>, atrav\u00e9s de evolu\u00e7\u00f5es salariais, o valor pode chegar at\u00e9\u00a0<strong>R$ 13.096,69<\/strong>, mais os benef\u00edcios.<\/p>\n<p>Vale ressaltar que a\u00a0<strong>Lei Or\u00e7ament\u00e1ria Anual de 2019 (LOA)<\/strong>, prev\u00ea a cria\u00e7\u00e3o de\u00a0<strong>700 cargos<\/strong>, j\u00e1 que existe um enorme d\u00e9ficit na corpora\u00e7\u00e3o.<\/p>\n<p><span style=\"color: #000000;\"><strong>\u00daltimo concurso<\/strong><\/span><\/p>\n<p>O\u00a0<strong>\u00faltimo<\/strong>\u00a0concurso PC-DF foi realizado no ano de\u00a0<strong>2013<\/strong>, na \u00e9poca foram ofertadas vagas para os cargos de\u00a0<strong>Agente da Pol\u00edcia Civil e para Escriv\u00e3o<\/strong>.<\/p>\n<p>O\u00a0<a href=\"https:\/\/www.novaconcursos.com.br\/portal\/wp-content\/uploads\/2019\/01\/edital-concurso-PCDF-agente.pdf\" target=\"_blank\" rel=\"noopener noreferrer\">edital<\/a>\u00a0para\u00a0<strong>Agente da Pol\u00edcia Civil<\/strong>, ofertou\u00a0<strong>300<\/strong>\u00a0vagas, sendo\u00a0<strong>285<\/strong>\u00a0vagas para ampla concorr\u00eancia e\u00a0<strong>15<\/strong>\u00a0vagas reservadas para pessoas com defici\u00eancia.<\/p>\n<p>J\u00e1 o\u00a0<a href=\"https:\/\/www.novaconcursos.com.br\/portal\/wp-content\/uploads\/2019\/01\/edital-concurso-PCDF-escriv%C3%A3o.pdf\" target=\"_blank\" rel=\"noopener noreferrer\">edital<\/a>\u00a0para o cargo de\u00a0<strong>Escriv\u00e3o<\/strong>, contemplou\u00a0<strong>98<\/strong>\u00a0vagas, com\u00a0<strong>93<\/strong>\u00a0vagas para ampla concorr\u00eancia e\u00a0<strong>05<\/strong>\u00a0vagas destinadas para pessoas com defici\u00eancia.<\/p>\n<p>A\u00a0<strong>banca organizadora<\/strong>\u00a0respons\u00e1vel pelo certame\u00a0<a href=\"https:\/\/www.novaconcursos.com.br\/concurso\/pc-df-policia-civil-distrito-federal\/apostila?promo_name=pc-df-blog&amp;promo_id=1&amp;promo_creative=link-saiu-edital-pc-df&amp;promo_position=pc-df\" target=\"_blank\" rel=\"noopener noreferrer\">foi<\/a>\u00a0a\u00a0<strong>Cespe\/UnB<\/strong>.<\/p>\n<p style=\"text-align: center;\"><span style=\"text-decoration: underline; color: #0000ff;\"><strong><a style=\"color: #0000ff; text-decoration: underline;\" href=\"https:\/\/www.novaconcursos.com.br\/concurso\/pc-df-policia-civil-distrito-federal\/apostila?promo_name=pc-df-blog&amp;promo_id=1&amp;promo_creative=link-saiu-edital-pc-df&amp;promo_position=pc-df\" target=\"_blank\" rel=\"noopener noreferrer\">\u00bb Prepare-se com a Apostila\u00a0PC-DF\u00a0+ Curso\u00a0Portugu\u00eas (GR\u00c1TIS)\u00a0\u00ab<\/a><\/strong><\/span><\/p>\n<p>A\u00a0<span style=\"text-decoration: underline; color: #0000ff;\"><strong><a style=\"color: #0000ff; text-decoration: underline;\" href=\"https:\/\/www.novaconcursos.com.br\/\" target=\"_blank\" rel=\"noopener noreferrer\">Nova\u2002Concursos<\/a><\/strong><\/span>\u00a0tem ajudado h\u00e1 mais de 10 anos quem quer\u00a0<a href=\"https:\/\/www.novaconcursos.com.br\/concurso\/pc-df-policia-civil-distrito-federal\/apostila?promo_name=pc-df-blog&amp;promo_id=1&amp;promo_creative=link-saiu-edital-pc-df&amp;promo_position=pc-df\" target=\"_blank\" rel=\"noopener noreferrer\">vencer<\/a>\u00a0a batalha do concurso p\u00fablico. Se voc\u00ea quer aumentar as suas chances de passar, conhe\u00e7a os nossos materiais, acessando o nosso site!<\/p>","protected":false},"excerpt":{"rendered":"<p>Excelente not\u00edcia aos concurseiros que aguardam o novo concurso p\u00fablico da Pol\u00edcia Civil do Distrito Federal (PC-DF)! No dia 19 de fevereiro de 2019, o governador do Distrito Federal, Ibaneis Rocha, declarou que o edital do certame deve sair em abril. Al\u00e9m disso, ressaltou a equipara\u00e7\u00e3o salarial dos Policiais Civis com os sal\u00e1rios da Pol\u00edcia [&hellip;]<\/p>\n","protected":false},"author":16,"featured_media":81783,"comment_status":"closed","ping_status":"closed","sticky":false,"template":"","format":"standard","meta":{"_acf_changed":false,"footnotes":"","_wp_rev_ctl_limit":""},"categories":[228],"tags":[2316,35329,25375,2320,35819,16532,35330,2332,2336,35820,25376],"class_list":["post-81733","post","type-post","status-publish","format-standard","has-post-thumbnail","hentry","category-noticias","tag-apostila-pc-df","tag-autorizacao-do-concurso-pc-df","tag-concurso-pc-df-previsto","tag-concurso-pc-df","tag-concurso-pc-df-2019","tag-concurso-policia-civil-do-distrito-federal","tag-edital-do-concurso-pc-df","tag-pc-df","tag-policia-civil-do-distrito-federal","tag-salario-concurso-pc-df","tag-vagas-concurso-pc-df"],"acf":[],"_links":{"self":[{"href":"https:\/\/www.novaconcursos.com.br\/portal\/wp-json\/wp\/v2\/posts\/81733","targetHints":{"allow":["GET"]}}],"collection":[{"href":"https:\/\/www.novaconcursos.com.br\/portal\/wp-json\/wp\/v2\/posts"}],"about":[{"href":"https:\/\/www.novaconcursos.com.br\/portal\/wp-json\/wp\/v2\/types\/post"}],"author":[{"embeddable":true,"href":"https:\/\/www.novaconcursos.com.br\/portal\/wp-json\/wp\/v2\/users\/16"}],"replies":[{"embeddable":true,"href":"https:\/\/www.novaconcursos.com.br\/portal\/wp-json\/wp\/v2\/comments?post=81733"}],"version-history":[{"count":3,"href":"https:\/\/www.novaconcursos.com.br\/portal\/wp-json\/wp\/v2\/posts\/81733\/revisions"}],"predecessor-version":[{"id":81754,"href":"https:\/\/www.novaconcursos.com.br\/portal\/wp-json\/wp\/v2\/posts\/81733\/revisions\/81754"}],"wp:featuredmedia":[{"embeddable":true,"href":"https:\/\/www.novaconcursos.com.br\/portal\/wp-json\/wp\/v2\/media\/81783"}],"wp:attachment":[{"href":"https:\/\/www.novaconcursos.com.br\/portal\/wp-json\/wp\/v2\/media?parent=81733"}],"wp:term":[{"taxonomy":"category","embeddable":true,"href":"https:\/\/www.novaconcursos.com.br\/portal\/wp-json\/wp\/v2\/categories?post=81733"},{"taxonomy":"post_tag","embeddable":true,"href":"https:\/\/www.novaconcursos.com.br\/portal\/wp-json\/wp\/v2\/tags?post=81733"}],"curies":[{"name":"wp","href":"https:\/\/api.w.org\/{rel}","templated":true}]}}