{"id":82357,"date":"2026-08-07T09:54:51","date_gmt":"2026-08-07T12:54:51","guid":{"rendered":"https:\/\/www.novaconcursos.com.br\/portal\/?post_type=nc-public-tender&#038;p=82357"},"modified":"2026-08-07T09:54:58","modified_gmt":"2026-08-07T12:54:58","slug":"concurso-prefeitura-de-embu-das-artes-sp","status":"publish","type":"post","link":"https:\/\/www.novaconcursos.com.br\/portal\/concursos\/concurso-prefeitura-de-embu-das-artes-sp\/","title":{"rendered":"Concurso Prefeitura de Embu das Artes SP: Edital publicado; 94 vagas!"},"content":{"rendered":"<p class=\"wp-block-paragraph\">O concurso Prefeitura de Embu das Artes SP \u00e9 a sele\u00e7\u00e3o destinada ao preenchimento de cargos efetivos do quadro municipal. O Edital n\u00ba 003\/2026 foi publicado com a oferta de <strong>94 vagas imediatas, al\u00e9m de forma\u00e7\u00e3o de cadastro de reserva<\/strong>, para candidatos de n\u00edveis fundamental, m\u00e9dio, t\u00e9cnico e superior. Organizado pelo Instituto Nacional Especializado em Pesquisa e Apoio aos Munic\u00edpios (INEPAM), o certame oferece sal\u00e1rios iniciais entre R$ 1.816,52 e R$ 9.745,00. <\/p>\n\n\n\n    <div class=\"nova-resumo-edital\">\n        <h2 class=\"nova-resumo-edital-title\" id=\"resumo-edital\">Resumo Edital<\/h2>\n        <ul class=\"nova-resumo-edital-list nova-menu\"><li>\n                <img decoding=\"async\" width=\"24\" height=\"24\" loading=\"lazy\" src=\"https:\/\/www.novaconcursos.com.br\/portal\/wp-content\/themes\/nova-theme\/includes\/assets\/img\/person.svg\" aria-hidden=\"true\" alt=\"\u00edcone pessoa\" title=\"\"><span>\n                    <b>Vagas: <\/b> 94 + CR\n                <\/span>\n            <\/li>\n            <li>\n                <img decoding=\"async\" width=\"24\" height=\"24\" loading=\"lazy\" src=\"https:\/\/www.novaconcursos.com.br\/portal\/wp-content\/themes\/nova-theme\/includes\/assets\/img\/inscricoes.svg\" aria-hidden=\"true\" alt=\"\u00edcone pessoa\" title=\"\"><span>\n                    <b>Per\u00edodo de inscri\u00e7\u00f5es: <\/b> 10\/08\/2026 a 08\/10\/2026\n                <\/span>\n            <\/li>\n            <li>\n                <img decoding=\"async\" width=\"24\" height=\"24\" loading=\"lazy\" src=\"https:\/\/www.novaconcursos.com.br\/portal\/wp-content\/themes\/nova-theme\/includes\/assets\/img\/taxa-inscricao.svg\" aria-hidden=\"true\" alt=\"\u00edcone pessoa\" title=\"\"><span>\n                    <b>Taxa de inscri\u00e7\u00e3o: <\/b> R$ 31,91 a R$ 75,92\n                <\/span>\n            <\/li>\n            <li>\n                <img decoding=\"async\" width=\"24\" height=\"24\" loading=\"lazy\" src=\"https:\/\/www.novaconcursos.com.br\/portal\/wp-content\/themes\/nova-theme\/includes\/assets\/img\/prova.svg\" aria-hidden=\"true\" alt=\"\u00edcone pessoa\" title=\"\"><span>\n                    <b>Prova: <\/b> 29\/11\/2026 e 06\/12\/2026\n                <\/span>\n            <\/li>\n            <li>\n                <img decoding=\"async\" width=\"24\" height=\"24\" loading=\"lazy\" src=\"https:\/\/www.novaconcursos.com.br\/portal\/wp-content\/themes\/nova-theme\/includes\/assets\/img\/banca.svg\" aria-hidden=\"true\" alt=\"\u00edcone pessoa\" title=\"\"><span>\n                    <b>Banca: <\/b> INEPAM\n                <\/span>\n            <\/li>\n        <\/ul><div class=\"nova-resumo-edital-baixar\">\n            <a href=\"https:\/\/www.novaconcursos.com.br\/portal\/wp-content\/uploads\/2026\/08\/Concurso-Prefeitura-de-Embu-das-Artes-SP-Edital.pdf\" target=\"_blank\" rel=\"noopener\">\n                Baixe aqui o edital\n            <\/a>\n        <\/div>\n    <\/div>\n\n\n\n<p class=\"wp-block-paragraph\">As inscri\u00e7\u00f5es ser\u00e3o realizadas entre os dias <strong>10 de agosto e 8 de outubro de 2026<\/strong>, enquanto as provas objetivas est\u00e3o previstas para os dias <strong>29 de novembro e 6 de dezembro de 2026<\/strong>. Se voc\u00ea ficou interessado, continue a leitura e confira todos os detalhes sobre inscri\u00e7\u00f5es, cargos, sal\u00e1rios, requisitos e etapas do concurso Prefeitura de Embu das Artes SP. <\/p>\n\n\n\n<h2 class=\"wp-block-heading\" id=\"cronograma-do-concurso-prefeitura-de-embu-das-artes-sp\">Cronograma do concurso Prefeitura de Embu das Artes SP<\/h2>\n\n\n\n<p class=\"wp-block-paragraph\">Confira o cronograma do concurso Prefeitura de Embu das Artes SP com as principais datas: <\/p>\n\n\n\n<ul class=\"wp-block-list\"><li><strong>Per\u00edodo de inscri\u00e7\u00f5es<\/strong>: 10 de agosto a 8 de outubro de 2026;<\/li>\n\n\n\n<li><strong>solicita\u00e7\u00e3o de isen\u00e7\u00e3o da taxa<\/strong>: 10 a 12 de agosto de 2026;<\/li>\n\n\n\n<li><strong>\u00faltimo dia para pagamento da taxa<\/strong>: 8 de outubro de 2026;<\/li>\n\n\n\n<li><strong>provas objetivas do 1\u00ba, 2\u00ba e 3\u00ba per\u00edodos<\/strong>: 29 de novembro de 2026;<\/li>\n\n\n\n<li><strong>provas objetivas do 4\u00ba, 5\u00ba e 6\u00ba per\u00edodos<\/strong>: 6 de dezembro de 2026;<\/li>\n<\/ul><h2 class=\"wp-block-heading\" id=\"como-fazer-a-inscrio-no-concurso-prefeitura-de-embu-das-arte\">Como fazer a inscri\u00e7\u00e3o no concurso Prefeitura de Embu das Artes SP?<\/h2>\n\n\n\n<p class=\"wp-block-paragraph\">As inscri\u00e7\u00f5es dever\u00e3o ser realizadas exclusivamente pela internet, no site do <a href=\"https:\/\/app.inepam.org.br\/concurso\/concursoPaginaInterna.do?idInstituicao=14&amp;idConcurso=26\" target=\"_blank\" rel=\"noopener\">INEPAM<\/a>, das <strong>10h do dia 10 de agosto at\u00e9 as 16h do dia 8 de outubro de 2026<\/strong>. <\/p>\n\n\n\n<p class=\"wp-block-paragraph\">Para participar, o candidato dever\u00e1 localizar o Concurso P\u00fablico n\u00ba 003\/2026, ler o edital, preencher corretamente a ficha eletr\u00f4nica, escolher o cargo pretendido e transmitir os dados.<\/p>\n\n\n\n<p class=\"wp-block-paragraph\">Depois, ser\u00e1 necess\u00e1rio emitir o boleto banc\u00e1rio e realizar o pagamento at\u00e9 8 de outubro. A inscri\u00e7\u00e3o somente ser\u00e1 efetivada ap\u00f3s a confirma\u00e7\u00e3o banc\u00e1ria. <\/p>\n\n\n\n<p class=\"wp-block-paragraph\">Os valores s\u00e3o:<\/p>\n\n\n\n<ul class=\"wp-block-list\"><li>N\u00edvel fundamental: R$ 31,91;<\/li>\n\n\n\n<li>n\u00edveis m\u00e9dio e t\u00e9cnico: R$ 64,92;<\/li>\n\n\n\n<li>n\u00edvel superior: R$ 75,92.<\/li>\n<\/ul><p class=\"wp-block-paragraph\">O edital permite mais de uma inscri\u00e7\u00e3o, desde que as provas dos cargos escolhidos ocorram em per\u00edodos diferentes. N\u00e3o ser\u00e1 poss\u00edvel realizar mais de uma avalia\u00e7\u00e3o no mesmo hor\u00e1rio. <\/p>\n\n\n\n<h3 class=\"wp-block-heading\">Isen\u00e7\u00e3o da taxa de inscri\u00e7\u00e3o<\/h3>\n\n\n\n<p class=\"wp-block-paragraph\">A solicita\u00e7\u00e3o de isen\u00e7\u00e3o poder\u00e1 ser realizada entre os dias <strong>10 e 12 de agosto de 2026<\/strong>. O benef\u00edcio ser\u00e1 destinado aos candidatos inscritos no Cadastro \u00danico para Programas Sociais do Governo Federal (Cad\u00danico) ou integrantes de fam\u00edlia de baixa renda cuja renda familiar per capita seja igual ou inferior a 50% de um sal\u00e1rio m\u00ednimo. <\/p>\n\n\n\n<p class=\"wp-block-paragraph\">Para solicitar a gratuidade, ser\u00e1 necess\u00e1rio encaminhar ao INEPAM, via Sedex, os documentos exigidos no edital, incluindo requerimento de isen\u00e7\u00e3o, comprovante de inscri\u00e7\u00e3o no Cad\u00danico com indica\u00e7\u00e3o do NIS ou declara\u00e7\u00e3o de hipossufici\u00eancia, documentos pessoais, comprovante de resid\u00eancia e boleto banc\u00e1rio n\u00e3o pago. <\/p>\n\n\n\n<p class=\"wp-block-paragraph\">O resultado dos pedidos ser\u00e1 divulgado em 26 de agosto. Os candidatos com solicita\u00e7\u00e3o indeferida poder\u00e3o apresentar recurso e, caso o resultado negativo seja mantido, dever\u00e3o pagar a taxa at\u00e9 8 de outubro para permanecer no concurso. <\/p>\n\n\n\n<h2 class=\"wp-block-heading\" id=\"cargos-e-vagas-do-concurso-prefeitura-de-embu-das-artes-sp\">Cargos e vagas do concurso Prefeitura de Embu das Artes SP<\/h2>\n\n\n\n<p class=\"wp-block-paragraph\">O concurso Prefeitura de Embu das Artes SP oferece <strong>94 vagas imediatas<\/strong>, al\u00e9m de cadastro de reserva, distribu\u00eddas entre 25 cargos. Do total inicial, 36 oportunidades s\u00e3o para n\u00edvel fundamental, 45 para n\u00edveis m\u00e9dio e t\u00e9cnico e 13 para n\u00edvel superior.<\/p>\n\n\n\n<h3 class=\"wp-block-heading\">N\u00edvel fundamental<\/h3>\n\n\n\n<ul class=\"wp-block-list\"><li>Agente Municipal: 30 vagas + CR;<\/li>\n\n\n\n<li>Oficial de Manuten\u00e7\u00e3o \u2013 Borracheiro: uma vaga + CR;<\/li>\n\n\n\n<li>Oficial de Manuten\u00e7\u00e3o \u2013 Encanador: uma vaga + CR;<\/li>\n\n\n\n<li>Oficial de Manuten\u00e7\u00e3o \u2013 Pedreiro: duas vagas + CR;<\/li>\n\n\n\n<li>Oficial de Manuten\u00e7\u00e3o \u2013 Pintor: duas vagas + CR.<\/li>\n<\/ul><h3 class=\"wp-block-heading\">N\u00edvel m\u00e9dio e t\u00e9cnico<\/h3>\n\n\n\n<ul class=\"wp-block-list\"><li>Agente de Transporte e Tr\u00e2nsito: tr\u00eas vagas + CR;<\/li>\n\n\n\n<li>Almoxarife: uma vaga + CR;<\/li>\n\n\n\n<li>Assistente T\u00e9cnico Administrativo: 20 vagas + CR;<\/li>\n\n\n\n<li>Eletricista: uma vaga + CR;<\/li>\n\n\n\n<li>Fiscal: cinco vagas + CR;<\/li>\n\n\n\n<li>Motorista: dez vagas + CR;<\/li>\n\n\n\n<li>Operador de M\u00e1quinas: duas vagas + CR;<\/li>\n\n\n\n<li>T\u00e9cnico de Seguran\u00e7a do Trabalho: uma vaga + CR;<\/li>\n\n\n\n<li>Top\u00f3grafo: duas vagas + CR.<\/li>\n<\/ul><h3 class=\"wp-block-heading\">N\u00edvel superior<\/h3>\n\n\n\n<ul class=\"wp-block-list\"><li>Analista de Geoprocessamento: uma vaga + CR;<\/li>\n\n\n\n<li>Analista de Meio Ambiente: uma vaga + CR;<\/li>\n\n\n\n<li>Analista de Turismo: uma vaga + CR;<\/li>\n\n\n\n<li>Analista Econ\u00f4mico Financeiro: uma vaga;<\/li>\n\n\n\n<li>Analista Jur\u00eddico: uma vaga + CR;<\/li>\n\n\n\n<li>Arquiteto: cadastro de reserva;<\/li>\n\n\n\n<li>Assistente Social: tr\u00eas vagas + CR;<\/li>\n\n\n\n<li>Contador: uma vaga + CR;<\/li>\n\n\n\n<li>Engenheiro Civil: uma vaga + CR;<\/li>\n\n\n\n<li>Engenheiro El\u00e9trico: uma vaga + CR;<\/li>\n\n\n\n<li>T\u00e9cnico Desportivo: duas vagas + CR. <\/li>\n<\/ul><p class=\"wp-block-paragraph\">O concurso ter\u00e1 validade de dois anos a partir da homologa\u00e7\u00e3o, podendo ser prorrogado uma \u00fanica vez por igual per\u00edodo. Durante esse prazo, tamb\u00e9m poder\u00e3o ser preenchidas vagas que surgirem ou forem criadas. <\/p>\n\n\n\n<h2 class=\"wp-block-heading\" id=\"salrios-do-concurso-prefeitura-de-embu-das-artes-sp\">Sal\u00e1rios do concurso Prefeitura de Embu das Artes SP<\/h2>\n\n\n\n<p class=\"wp-block-paragraph\">Os sal\u00e1rios iniciais variam de <strong>R$ 1.816,52 a R$ 9.745,00<\/strong>, conforme o cargo. As jornadas s\u00e3o de 30 ou 40 horas semanais. Os valores apresentados no edital t\u00eam como refer\u00eancia junho de 2026.<\/p>\n\n\n\n<h3 class=\"wp-block-heading\">N\u00edvel fundamental<\/h3>\n\n\n\n<ul class=\"wp-block-list\"><li>Agente Municipal: R$ 1.816,52;<\/li>\n\n\n\n<li>Oficial de Manuten\u00e7\u00e3o \u2013 Borracheiro: R$ 2.015,05;<\/li>\n\n\n\n<li>Oficial de Manuten\u00e7\u00e3o \u2013 Encanador: R$ 2.015,05;<\/li>\n\n\n\n<li>Oficial de Manuten\u00e7\u00e3o \u2013 Pedreiro: R$ 2.015,05;<\/li>\n\n\n\n<li>Oficial de Manuten\u00e7\u00e3o \u2013 Pintor: R$ 2.015,05.<\/li>\n<\/ul><h3 class=\"wp-block-heading\">N\u00edvel m\u00e9dio e t\u00e9cnico<\/h3>\n\n\n\n<ul class=\"wp-block-list\"><li>Agente de Transporte e Tr\u00e2nsito: R$ 3.915,44;<\/li>\n\n\n\n<li>Almoxarife: R$ 2.055,29;<\/li>\n\n\n\n<li>Assistente T\u00e9cnico Administrativo: R$ 2.396,94;<\/li>\n\n\n\n<li>Eletricista: R$ 2.396,94;<\/li>\n\n\n\n<li>Fiscal: R$ 3.915,44;<\/li>\n\n\n\n<li>Motorista: R$ 2.396,94;<\/li>\n\n\n\n<li>Operador de M\u00e1quinas: R$ 3.376,13;<\/li>\n\n\n\n<li>T\u00e9cnico de Seguran\u00e7a do Trabalho: R$ 2.396,94;<\/li>\n\n\n\n<li>Top\u00f3grafo: R$ 2.396,94.<\/li>\n<\/ul><h3 class=\"wp-block-heading\">N\u00edvel superior<\/h3>\n\n\n\n<ul class=\"wp-block-list\"><li>Analista de Geoprocessamento: R$ 6.574,76;<\/li>\n\n\n\n<li>Analista de Meio Ambiente: R$ 6.574,76;<\/li>\n\n\n\n<li>Analista de Turismo: R$ 6.574,76;<\/li>\n\n\n\n<li>Analista Econ\u00f4mico Financeiro: R$ 6.574,76;<\/li>\n\n\n\n<li>Analista Jur\u00eddico: R$ 6.574,76;<\/li>\n\n\n\n<li>Arquiteto: R$ 9.745,00;<\/li>\n\n\n\n<li>Assistente Social: R$ 6.574,76;<\/li>\n\n\n\n<li>Contador: R$ 6.574,76;<\/li>\n\n\n\n<li>Engenheiro Civil: R$ 9.745,00;<\/li>\n\n\n\n<li>Engenheiro El\u00e9trico: R$ 9.745,00;<\/li>\n\n\n\n<li>T\u00e9cnico Desportivo: R$ 6.574,76.<\/li>\n<\/ul><h2 class=\"wp-block-heading\" id=\"requisitos-do-concurso-prefeitura-de-embu-das-artes-sp\">Requisitos do concurso Prefeitura de Embu das Artes SP<\/h2>\n\n\n\n<p class=\"wp-block-paragraph\">Al\u00e9m de atender \u00e0s condi\u00e7\u00f5es gerais para ingresso no servi\u00e7o p\u00fablico, os candidatos dever\u00e3o comprovar a escolaridade e as habilita\u00e7\u00f5es profissionais exigidas para cada fun\u00e7\u00e3o. <\/p>\n\n\n\n<h3 class=\"wp-block-heading\">Requisitos gerais<\/h3>\n\n\n\n<p class=\"wp-block-paragraph\">Entre as principais exig\u00eancias est\u00e3o:<\/p>\n\n\n\n<ul class=\"wp-block-list\"><li>Ser brasileiro nato ou naturalizado ou atender \u00e0s condi\u00e7\u00f5es constitucionais aplic\u00e1veis;<\/li>\n\n\n\n<li>ter idade m\u00ednima de 18 anos;<\/li>\n\n\n\n<li>estar quite com a Justi\u00e7a Eleitoral;<\/li>\n\n\n\n<li>estar em dia com as obriga\u00e7\u00f5es militares, quando aplic\u00e1vel;<\/li>\n\n\n\n<li>estar no gozo dos direitos pol\u00edticos;<\/li>\n\n\n\n<li>possuir escolaridade e habilita\u00e7\u00e3o profissional exigidas;<\/li>\n\n\n\n<li>possuir aptid\u00e3o f\u00edsica e mental;<\/li>\n\n\n\n<li>ter sido aprovado no concurso;<\/li>\n\n\n\n<li>n\u00e3o possuir condena\u00e7\u00e3o incompat\u00edvel com o exerc\u00edcio do cargo;<\/li>\n\n\n\n<li>n\u00e3o estar aposentado por invalidez ou em idade de aposentadoria compuls\u00f3ria;<\/li>\n\n\n\n<li>apresentar declara\u00e7\u00e3o de bens no momento da posse. <\/li>\n<\/ul><h3 class=\"wp-block-heading\">N\u00edvel fundamental<\/h3>\n\n\n\n<p class=\"wp-block-paragraph\"><strong>Agente Municipal<\/strong><\/p>\n\n\n\n<ul class=\"wp-block-list\"><li>Ensino fundamental completo.<\/li>\n<\/ul><p class=\"wp-block-paragraph\"><strong>Oficial de Manuten\u00e7\u00e3o \u2013 Borracheiro<\/strong><\/p>\n\n\n\n<ul class=\"wp-block-list\"><li>Ensino fundamental completo.<\/li>\n<\/ul><p class=\"wp-block-paragraph\"><strong>Oficial de Manuten\u00e7\u00e3o \u2013 Encanador<\/strong><\/p>\n\n\n\n<ul class=\"wp-block-list\"><li>Ensino fundamental completo.<\/li>\n<\/ul><p class=\"wp-block-paragraph\"><strong>Oficial de Manuten\u00e7\u00e3o \u2013 Pedreiro<\/strong><\/p>\n\n\n\n<ul class=\"wp-block-list\"><li>Ensino fundamental completo.<\/li>\n<\/ul><p class=\"wp-block-paragraph\"><strong>Oficial de Manuten\u00e7\u00e3o \u2013 Pintor<\/strong><\/p>\n\n\n\n<ul class=\"wp-block-list\"><li>Ensino fundamental completo.<\/li>\n<\/ul><h3 class=\"wp-block-heading\">N\u00edvel m\u00e9dio e t\u00e9cnico<\/h3>\n\n\n\n<p class=\"wp-block-paragraph\"><strong>Agente de Transporte e Tr\u00e2nsito<\/strong><\/p>\n\n\n\n<ul class=\"wp-block-list\"><li>Ensino m\u00e9dio completo;<\/li>\n\n\n\n<li>CNH categoria B.<\/li>\n<\/ul><p class=\"wp-block-paragraph\"><strong>Almoxarife<\/strong><\/p>\n\n\n\n<ul class=\"wp-block-list\"><li>Ensino m\u00e9dio completo.<\/li>\n<\/ul><p class=\"wp-block-paragraph\"><strong>Assistente T\u00e9cnico Administrativo<\/strong><\/p>\n\n\n\n<ul class=\"wp-block-list\"><li>Ensino m\u00e9dio completo.<\/li>\n<\/ul><p class=\"wp-block-paragraph\"><strong>Eletricista<\/strong><\/p>\n\n\n\n<ul class=\"wp-block-list\"><li>Ensino m\u00e9dio completo.<\/li>\n<\/ul><p class=\"wp-block-paragraph\"><strong>Fiscal<\/strong><\/p>\n\n\n\n<ul class=\"wp-block-list\"><li>Ensino m\u00e9dio completo.<\/li>\n<\/ul><p class=\"wp-block-paragraph\"><strong>Motorista<\/strong><\/p>\n\n\n\n<ul class=\"wp-block-list\"><li>Ensino m\u00e9dio completo;<\/li>\n\n\n\n<li>CNH categoria D.<\/li>\n<\/ul><p class=\"wp-block-paragraph\"><strong>Operador de M\u00e1quinas<\/strong><\/p>\n\n\n\n<ul class=\"wp-block-list\"><li>Ensino m\u00e9dio completo;<\/li>\n\n\n\n<li>CNH categoria D.<\/li>\n<\/ul><p class=\"wp-block-paragraph\"><strong>T\u00e9cnico de Seguran\u00e7a do Trabalho<\/strong><\/p>\n\n\n\n<ul class=\"wp-block-list\"><li>Ensino m\u00e9dio completo;<\/li>\n\n\n\n<li>curso t\u00e9cnico em Seguran\u00e7a do Trabalho;<\/li>\n\n\n\n<li>registro no Minist\u00e9rio do Trabalho e Emprego.<\/li>\n<\/ul><p class=\"wp-block-paragraph\"><strong>Top\u00f3grafo<\/strong><\/p>\n\n\n\n<ul class=\"wp-block-list\"><li>Ensino m\u00e9dio completo;<\/li>\n\n\n\n<li>curso t\u00e9cnico em Agrimensura.<\/li>\n<\/ul><h3 class=\"wp-block-heading\">N\u00edvel superior<\/h3>\n\n\n\n<p class=\"wp-block-paragraph\"><strong>Analista de Geoprocessamento<\/strong><\/p>\n\n\n\n<ul class=\"wp-block-list\"><li>Ensino superior completo;<\/li>\n\n\n\n<li>especializa\u00e7\u00e3o ou p\u00f3s-gradua\u00e7\u00e3o em Geoprocessamento;<\/li>\n\n\n\n<li>registro profissional.<\/li>\n<\/ul><p class=\"wp-block-paragraph\"><strong>Analista de Meio Ambiente<\/strong><\/p>\n\n\n\n<ul class=\"wp-block-list\"><li>Ensino superior completo em Biologia ou Gest\u00e3o Ambiental.<\/li>\n<\/ul><p class=\"wp-block-paragraph\"><strong>Analista de Turismo<\/strong><\/p>\n\n\n\n<ul class=\"wp-block-list\"><li>Ensino superior completo em Turismo.<\/li>\n<\/ul><p class=\"wp-block-paragraph\"><strong>Analista Econ\u00f4mico Financeiro<\/strong><\/p>\n\n\n\n<ul class=\"wp-block-list\"><li>Ensino superior completo em Administra\u00e7\u00e3o, Economia ou Ci\u00eancias Cont\u00e1beis;<\/li>\n\n\n\n<li>registro profissional.<\/li>\n<\/ul><p class=\"wp-block-paragraph\"><strong>Analista Jur\u00eddico<\/strong><\/p>\n\n\n\n<ul class=\"wp-block-list\"><li>Gradua\u00e7\u00e3o em Direito;<\/li>\n\n\n\n<li>inscri\u00e7\u00e3o na OAB.<\/li>\n<\/ul><p class=\"wp-block-paragraph\"><strong>Arquiteto<\/strong><\/p>\n\n\n\n<ul class=\"wp-block-list\"><li>Gradua\u00e7\u00e3o em Arquitetura;<\/li>\n\n\n\n<li>inscri\u00e7\u00e3o no CAU.<\/li>\n<\/ul><p class=\"wp-block-paragraph\"><strong>Assistente Social<\/strong><\/p>\n\n\n\n<ul class=\"wp-block-list\"><li>Gradua\u00e7\u00e3o em Servi\u00e7o Social;<\/li>\n\n\n\n<li>inscri\u00e7\u00e3o no CRESS.<\/li>\n<\/ul><p class=\"wp-block-paragraph\"><strong>Contador<\/strong><\/p>\n\n\n\n<ul class=\"wp-block-list\"><li>Gradua\u00e7\u00e3o em Ci\u00eancias Cont\u00e1beis;<\/li>\n\n\n\n<li>inscri\u00e7\u00e3o no CRC.<\/li>\n<\/ul><p class=\"wp-block-paragraph\"><strong>Engenheiro Civil<\/strong><\/p>\n\n\n\n<ul class=\"wp-block-list\"><li>Gradua\u00e7\u00e3o em Engenharia Civil;<\/li>\n\n\n\n<li>inscri\u00e7\u00e3o no CREA.<\/li>\n<\/ul><p class=\"wp-block-paragraph\"><strong>Engenheiro El\u00e9trico<\/strong><\/p>\n\n\n\n<ul class=\"wp-block-list\"><li>Gradua\u00e7\u00e3o em Engenharia El\u00e9trica;<\/li>\n\n\n\n<li>inscri\u00e7\u00e3o no CREA.<\/li>\n<\/ul><p class=\"wp-block-paragraph\"><strong>T\u00e9cnico Desportivo<\/strong><\/p>\n\n\n\n<ul class=\"wp-block-list\"><li>Bacharelado em Educa\u00e7\u00e3o F\u00edsica;<\/li>\n\n\n\n<li>inscri\u00e7\u00e3o no CREF.<\/li>\n<\/ul><h2 class=\"wp-block-heading\" id=\"atribuies\">Atribui\u00e7\u00f5es<\/h2>\n\n\n\n<p class=\"wp-block-paragraph\">As atribui\u00e7\u00f5es variam conforme o cargo e est\u00e3o detalhadas no Anexo I do edital. As fun\u00e7\u00f5es abrangem atividades administrativas, operacionais, de fiscaliza\u00e7\u00e3o, infraestrutura, planejamento, assist\u00eancia social, engenharia, meio ambiente e gest\u00e3o p\u00fablica. <\/p>\n\n\n\n<h3 class=\"wp-block-heading\">O que faz um Agente Municipal?<\/h3>\n\n\n\n<p class=\"wp-block-paragraph\">O profissional desempenha atividades operacionais e de apoio aos servi\u00e7os municipais, executando tarefas relacionadas \u00e0 manuten\u00e7\u00e3o, conserva\u00e7\u00e3o, limpeza e suporte \u00e0s unidades da administra\u00e7\u00e3o.<\/p>\n\n\n\n<h3 class=\"wp-block-heading\">O que faz um Agente de Transporte e Tr\u00e2nsito?<\/h3>\n\n\n\n<p class=\"wp-block-paragraph\">Atua na fiscaliza\u00e7\u00e3o e orienta\u00e7\u00e3o do tr\u00e2nsito e do transporte municipal, aplicando as normas do C\u00f3digo de Tr\u00e2nsito Brasileiro e auxiliando em atividades de sinaliza\u00e7\u00e3o, fiscaliza\u00e7\u00e3o e educa\u00e7\u00e3o para o tr\u00e2nsito. <\/p>\n\n\n\n<h3 class=\"wp-block-heading\">O que faz um Assistente T\u00e9cnico Administrativo?<\/h3>\n\n\n\n<p class=\"wp-block-paragraph\">O servidor presta apoio \u00e0s rotinas administrativas, incluindo organiza\u00e7\u00e3o de documentos, atendimento, elabora\u00e7\u00e3o de expedientes e utiliza\u00e7\u00e3o de sistemas e ferramentas de escrit\u00f3rio.<\/p>\n\n\n\n<h3 class=\"wp-block-heading\">O que faz um Analista de Geoprocessamento?<\/h3>\n\n\n\n<p class=\"wp-block-paragraph\">Atua na an\u00e1lise e produ\u00e7\u00e3o de informa\u00e7\u00f5es geogr\u00e1ficas, elabora\u00e7\u00e3o de mapas, tratamento de dados espaciais e atividades de georreferenciamento.<\/p>\n\n\n\n<h3 class=\"wp-block-heading\">O que faz um Assistente Social?<\/h3>\n\n\n\n<p class=\"wp-block-paragraph\">O profissional executa atividades relacionadas \u00e0s pol\u00edticas p\u00fablicas de assist\u00eancia social, atendimento \u00e0 popula\u00e7\u00e3o, elabora\u00e7\u00e3o de estudos, acompanhamento de fam\u00edlias e encaminhamento aos servi\u00e7os p\u00fablicos.<\/p>\n\n\n\n<h3 class=\"wp-block-heading\">O que faz um Engenheiro Civil?<\/h3>\n\n\n\n<p class=\"wp-block-paragraph\">Atua na elabora\u00e7\u00e3o e fiscaliza\u00e7\u00e3o de projetos, obras e servi\u00e7os de engenharia, al\u00e9m da emiss\u00e3o de laudos, pareceres e avalia\u00e7\u00f5es t\u00e9cnicas.<\/p>\n\n\n\n<h3 class=\"wp-block-heading\">O que faz um T\u00e9cnico de Seguran\u00e7a do Trabalho?<\/h3>\n\n\n\n<p class=\"wp-block-paragraph\">Executa atividades relacionadas \u00e0 preven\u00e7\u00e3o de acidentes e \u00e0 seguran\u00e7a dos servidores, acompanhando procedimentos, condi\u00e7\u00f5es de trabalho e cumprimento das normas aplic\u00e1veis. <\/p>\n\n\n\n<h3 class=\"wp-block-heading\">O que faz um Top\u00f3grafo?<\/h3>\n\n\n\n<p class=\"wp-block-paragraph\">O Top\u00f3grafo realiza levantamentos topogr\u00e1ficos e geod\u00e9sicos, coleta dados para georreferenciamento, interpreta imagens a\u00e9reas e de sat\u00e9lites e elabora plantas, cartas e mapas. <\/p>\n\n\n\n<h2 class=\"wp-block-heading\" id=\"etapas-e-provas-do-concurso-prefeitura-de-embu-das-artes-sp\">Etapas e provas do concurso Prefeitura de Embu das Artes SP<\/h2>\n\n\n\n<p class=\"wp-block-paragraph\">Os candidatos ser\u00e3o avaliados por prova objetiva, de car\u00e1ter eliminat\u00f3rio e classificat\u00f3rio. Para determinadas fun\u00e7\u00f5es, haver\u00e1 ainda prova pr\u00e1tica. <\/p>\n\n\n\n<h3 class=\"wp-block-heading\">Prova objetiva<\/h3>\n\n\n\n<p class=\"wp-block-paragraph\">A prova objetiva contar\u00e1 com <strong>40 quest\u00f5es de m\u00faltipla escolha<\/strong>, com cinco alternativas e apenas uma resposta correta. A dura\u00e7\u00e3o ser\u00e1 de tr\u00eas horas. <\/p>\n\n\n\n<p class=\"wp-block-paragraph\">As avalia\u00e7\u00f5es ser\u00e3o aplicadas em seis per\u00edodos, distribu\u00eddos entre os dias 29 de novembro e 6 de dezembro de 2026.<\/p>\n\n\n\n<p class=\"wp-block-paragraph\">Para os cargos de n\u00edveis fundamental, m\u00e9dio e t\u00e9cnico, a distribui\u00e7\u00e3o ser\u00e1:<\/p>\n\n\n\n<ul class=\"wp-block-list\"><li>L\u00edngua Portuguesa: dez quest\u00f5es;<\/li>\n\n\n\n<li>Matem\u00e1tica: dez quest\u00f5es;<\/li>\n\n\n\n<li>Conhecimentos Espec\u00edficos: 20 quest\u00f5es.<\/li>\n<\/ul><p class=\"wp-block-paragraph\">Para os cargos de n\u00edvel superior:<\/p>\n\n\n\n<ul class=\"wp-block-list\"><li>L\u00edngua Portuguesa: dez quest\u00f5es;<\/li>\n\n\n\n<li>Racioc\u00ednio L\u00f3gico: dez quest\u00f5es;<\/li>\n\n\n\n<li>Conhecimentos Espec\u00edficos: 20 quest\u00f5es.<\/li>\n<\/ul><p class=\"wp-block-paragraph\">A prova valer\u00e1 100 pontos, e ser\u00e1 necess\u00e1rio alcan\u00e7ar <strong>pelo menos 50 pontos<\/strong> para aprova\u00e7\u00e3o.<\/p>\n\n\n\n<h3 class=\"wp-block-heading\">Prova pr\u00e1tica<\/h3>\n\n\n\n<p class=\"wp-block-paragraph\">Tamb\u00e9m haver\u00e1 prova pr\u00e1tica, de car\u00e1ter eliminat\u00f3rio e classificat\u00f3rio, para os seguintes cargos:<\/p>\n\n\n\n<ul class=\"wp-block-list\"><li>Agente Municipal;<\/li>\n\n\n\n<li>Assistente T\u00e9cnico Administrativo;<\/li>\n\n\n\n<li>Eletricista;<\/li>\n\n\n\n<li>Motorista;<\/li>\n\n\n\n<li>Oficial de Manuten\u00e7\u00e3o \u2013 Borracheiro;<\/li>\n\n\n\n<li>Oficial de Manuten\u00e7\u00e3o \u2013 Encanador;<\/li>\n\n\n\n<li>Oficial de Manuten\u00e7\u00e3o \u2013 Pedreiro;<\/li>\n\n\n\n<li>Oficial de Manuten\u00e7\u00e3o \u2013 Pintor;<\/li>\n\n\n\n<li>Operador de M\u00e1quinas.<\/li>\n<\/ul><p class=\"wp-block-paragraph\">Somente os candidatos classificados dentro dos limites estabelecidos no edital ser\u00e3o convocados. Ser\u00e1 necess\u00e1rio ter obtido, no m\u00ednimo, 50 pontos na prova objetiva. <\/p>\n\n\n\n<p class=\"wp-block-paragraph\">A avalia\u00e7\u00e3o pr\u00e1tica valer\u00e1 at\u00e9 100 pontos, sendo eliminado o candidato que obtiver pontua\u00e7\u00e3o inferior a 50. As atividades ser\u00e3o espec\u00edficas para cada fun\u00e7\u00e3o. <\/p>\n\n\n\n<p class=\"wp-block-paragraph\">Para Assistente T\u00e9cnico Administrativo, por exemplo, a etapa ser\u00e1 realizada em computador e avaliar\u00e1 elabora\u00e7\u00e3o e formata\u00e7\u00e3o de documentos, uso de planilhas e reda\u00e7\u00e3o de correspond\u00eancia oficial.<\/p>\n\n\n\n<p class=\"wp-block-paragraph\">J\u00e1 para Motorista e Operador de M\u00e1quinas, ser\u00e3o analisadas habilidades de condu\u00e7\u00e3o e opera\u00e7\u00e3o. Os cargos de manuten\u00e7\u00e3o ser\u00e3o submetidos a tarefas pr\u00e1ticas relacionadas \u00e0s respectivas especialidades. <\/p>\n\n\n\n<h2 class=\"wp-block-heading\" id=\"o-que-cai-na-prova-do-concurso-prefeitura-de-embu-das-artes-\">O que cai na prova do concurso Prefeitura de Embu das Artes SP?<\/h2>\n\n\n\n<p class=\"wp-block-paragraph\">O conte\u00fado program\u00e1tico varia conforme a escolaridade e o cargo escolhido. Al\u00e9m dos conhecimentos gerais, os candidatos dever\u00e3o estudar os assuntos espec\u00edficos previstos para cada carreira. <\/p>\n\n\n\n<h3 class=\"wp-block-heading\">L\u00edngua Portuguesa \u2013 n\u00edvel fundamental<\/h3>\n\n\n\n<ul class=\"wp-block-list\"><li>Interpreta\u00e7\u00e3o de textos;<\/li>\n\n\n\n<li>significado das palavras;<\/li>\n\n\n\n<li>identifica\u00e7\u00e3o de vogais e consoantes;<\/li>\n\n\n\n<li>escrita correta das palavras.<\/li>\n<\/ul><h3 class=\"wp-block-heading\">Matem\u00e1tica \u2013 n\u00edvel fundamental<\/h3>\n\n\n\n<ul class=\"wp-block-list\"><li>Adi\u00e7\u00e3o;<\/li>\n\n\n\n<li>subtra\u00e7\u00e3o;<\/li>\n\n\n\n<li>multiplica\u00e7\u00e3o;<\/li>\n\n\n\n<li>divis\u00e3o;<\/li>\n\n\n\n<li>juros simples;<\/li>\n\n\n\n<li>sistema m\u00e9trico decimal;<\/li>\n\n\n\n<li>medidas de comprimento;<\/li>\n\n\n\n<li>massa;<\/li>\n\n\n\n<li>capacidade;<\/li>\n\n\n\n<li>transforma\u00e7\u00e3o de unidades;<\/li>\n\n\n\n<li>raz\u00e3o e propor\u00e7\u00e3o.<\/li>\n<\/ul><h3 class=\"wp-block-heading\">L\u00edngua Portuguesa \u2013 n\u00edveis m\u00e9dio e t\u00e9cnico<\/h3>\n\n\n\n<ul class=\"wp-block-list\"><li>Fonema;<\/li>\n\n\n\n<li>s\u00edlaba;<\/li>\n\n\n\n<li>ortografia;<\/li>\n\n\n\n<li>classes de palavras;<\/li>\n\n\n\n<li>acentua\u00e7\u00e3o;<\/li>\n\n\n\n<li>concord\u00e2ncia nominal;<\/li>\n\n\n\n<li>concord\u00e2ncia verbal;<\/li>\n\n\n\n<li>pontua\u00e7\u00e3o;<\/li>\n\n\n\n<li>crase;<\/li>\n\n\n\n<li>coloca\u00e7\u00e3o pronominal;<\/li>\n\n\n\n<li>an\u00e1lise sint\u00e1tica;<\/li>\n\n\n\n<li>per\u00edodo simples e composto;<\/li>\n\n\n\n<li>figuras de linguagem;<\/li>\n\n\n\n<li>interpreta\u00e7\u00e3o de textos.<\/li>\n<\/ul><h3 class=\"wp-block-heading\">Matem\u00e1tica \u2013 n\u00edveis m\u00e9dio e t\u00e9cnico<\/h3>\n\n\n\n<ul class=\"wp-block-list\"><li>Radicais;<\/li>\n\n\n\n<li>raz\u00e3o e propor\u00e7\u00e3o;<\/li>\n\n\n\n<li>porcentagem;<\/li>\n\n\n\n<li>juros simples;<\/li>\n\n\n\n<li>n\u00fameros reais;<\/li>\n\n\n\n<li>fatora\u00e7\u00e3o;<\/li>\n\n\n\n<li>express\u00f5es alg\u00e9bricas;<\/li>\n\n\n\n<li>MDC e MMC;<\/li>\n\n\n\n<li>sistema de medidas;<\/li>\n\n\n\n<li>estat\u00edstica;<\/li>\n\n\n\n<li>interpreta\u00e7\u00e3o de tabelas e gr\u00e1ficos;<\/li>\n\n\n\n<li>geometria;<\/li>\n\n\n\n<li>probabilidade;<\/li>\n\n\n\n<li>an\u00e1lise combinat\u00f3ria.<\/li>\n<\/ul><h3 class=\"wp-block-heading\">L\u00edngua Portuguesa \u2013 n\u00edvel superior<\/h3>\n\n\n\n<ul class=\"wp-block-list\"><li>Fonema e s\u00edlaba;<\/li>\n\n\n\n<li>ortografia;<\/li>\n\n\n\n<li>classes de palavras;<\/li>\n\n\n\n<li>acentua\u00e7\u00e3o;<\/li>\n\n\n\n<li>concord\u00e2ncia nominal e verbal;<\/li>\n\n\n\n<li>pontua\u00e7\u00e3o;<\/li>\n\n\n\n<li>crase;<\/li>\n\n\n\n<li>coloca\u00e7\u00e3o pronominal;<\/li>\n\n\n\n<li>an\u00e1lise sint\u00e1tica;<\/li>\n\n\n\n<li>per\u00edodo simples e composto;<\/li>\n\n\n\n<li>figuras de linguagem;<\/li>\n\n\n\n<li>interpreta\u00e7\u00e3o textual.<\/li>\n<\/ul><h3 class=\"wp-block-heading\">Racioc\u00ednio L\u00f3gico \u2013 n\u00edvel superior<\/h3>\n\n\n\n<ul class=\"wp-block-list\"><li>Estruturas l\u00f3gicas;<\/li>\n\n\n\n<li>rela\u00e7\u00f5es entre pessoas, lugares, objetos e eventos;<\/li>\n\n\n\n<li>an\u00e1lise de hip\u00f3teses;<\/li>\n\n\n\n<li>dedu\u00e7\u00f5es;<\/li>\n\n\n\n<li>conclus\u00f5es l\u00f3gicas;<\/li>\n\n\n\n<li>resolu\u00e7\u00e3o de situa\u00e7\u00f5es por meio de racioc\u00ednio l\u00f3gico. <\/li>\n<\/ul><h2 class=\"wp-block-heading\" id=\"materiais-preparatrios-para-o-concurso-prefeitura-de-embu-da\">Materiais preparat\u00f3rios para o concurso Prefeitura de Embu das Artes SP<\/h2>\n\n\n\n<p class=\"wp-block-paragraph\">Estudar para o\u00a0<strong>concurso Prefeitura de Embu das Artes SP<\/strong>\u00a0exige comprometimento, disciplina e um planejamento bem estruturado. A const\u00e2ncia nos estudos e a aplica\u00e7\u00e3o de m\u00e9todos eficazes s\u00e3o fundamentais para manter o foco e evitar o desgaste durante a prepara\u00e7\u00e3o.<\/p>\n\n\n\n<p class=\"wp-block-paragraph\">A\u00a0<a href=\"https:\/\/www.novaconcursos.com.br\/\">Nova Concursos<\/a>\u00a0oferece materiais atualizados e estrat\u00e9gias eficientes, ideais para quem precisa equilibrar rotina e estudos. Aproveitar esses recursos pode ser o diferencial na sua caminhada rumo \u00e0 aprova\u00e7\u00e3o.<\/p>\n\n\n\n<p class=\"wp-block-paragraph\">Cada dia sem estudar \u00e9 um obst\u00e1culo a mais entre voc\u00ea e a sua vaga. Inicie agora sua prepara\u00e7\u00e3o com materiais que j\u00e1 ajudaram mais de 100 mil de candidatos a conquistar um lugar no servi\u00e7o p\u00fablico. N\u00e3o deixe para depois!<\/p>\n\n\n\n<p class=\"wp-block-paragraph\"><\/p><div class=\"nova-continue-reading\">Estude com os materiais da <a href=\"https:\/\/www.novaconcursos.com.br\/\">Nova Concursos<\/a>!<\/div>","protected":false},"excerpt":{"rendered":"<p>O concurso Prefeitura de Embu das Artes SP oferece 94 vagas imediatas, al\u00e9m de cadastro de reserva! Sal\u00e1rios chegam a R$ 9,7 mil. Saiba mais.<\/p>\n","protected":false},"author":54693,"featured_media":312416,"comment_status":"closed","ping_status":"closed","sticky":false,"template":"","format":"standard","meta":{"_acf_changed":false,"footnotes":"","_wp_rev_ctl_limit":""},"categories":[44999,44949],"tags":[45939,45026],"class_list":["post-82357","post","type-post","status-publish","format-standard","has-post-thumbnail","hentry","category-concursos","category-sp","tag-concurso-prefeitura-de-embu-das-artes-sp-2","tag-concursos-abertos-sp-2"],"acf":[],"_links":{"self":[{"href":"https:\/\/www.novaconcursos.com.br\/portal\/wp-json\/wp\/v2\/posts\/82357","targetHints":{"allow":["GET"]}}],"collection":[{"href":"https:\/\/www.novaconcursos.com.br\/portal\/wp-json\/wp\/v2\/posts"}],"about":[{"href":"https:\/\/www.novaconcursos.com.br\/portal\/wp-json\/wp\/v2\/types\/post"}],"author":[{"embeddable":true,"href":"https:\/\/www.novaconcursos.com.br\/portal\/wp-json\/wp\/v2\/users\/54693"}],"replies":[{"embeddable":true,"href":"https:\/\/www.novaconcursos.com.br\/portal\/wp-json\/wp\/v2\/comments?post=82357"}],"version-history":[{"count":8,"href":"https:\/\/www.novaconcursos.com.br\/portal\/wp-json\/wp\/v2\/posts\/82357\/revisions"}],"predecessor-version":[{"id":312421,"href":"https:\/\/www.novaconcursos.com.br\/portal\/wp-json\/wp\/v2\/posts\/82357\/revisions\/312421"}],"wp:featuredmedia":[{"embeddable":true,"href":"https:\/\/www.novaconcursos.com.br\/portal\/wp-json\/wp\/v2\/media\/312416"}],"wp:attachment":[{"href":"https:\/\/www.novaconcursos.com.br\/portal\/wp-json\/wp\/v2\/media?parent=82357"}],"wp:term":[{"taxonomy":"category","embeddable":true,"href":"https:\/\/www.novaconcursos.com.br\/portal\/wp-json\/wp\/v2\/categories?post=82357"},{"taxonomy":"post_tag","embeddable":true,"href":"https:\/\/www.novaconcursos.com.br\/portal\/wp-json\/wp\/v2\/tags?post=82357"}],"curies":[{"name":"wp","href":"https:\/\/api.w.org\/{rel}","templated":true}]}}