{"id":82371,"date":"2026-03-25T12:03:18","date_gmt":"2026-03-25T15:03:18","guid":{"rendered":"https:\/\/www.novaconcursos.com.br\/portal\/?post_type=nc-public-tender&#038;p=82371"},"modified":"2026-03-25T12:03:22","modified_gmt":"2026-03-25T15:03:22","slug":"concurso-dp-df","status":"publish","type":"post","link":"https:\/\/www.novaconcursos.com.br\/portal\/concursos\/concurso-dp-df\/","title":{"rendered":"Concurso DP DF: Edital confirmado para o primeiro semestre deste ano!"},"content":{"rendered":"<p>A movimenta\u00e7\u00e3o em torno do <strong>concurso DP DF<\/strong> voltou a ganhar for\u00e7a ap\u00f3s o Defensor P\u00fablico-Geral, Celestino Chupel, da Defensoria P\u00fablica do Distrito Federal, <strong>confirmar o novo edital do concurso DP DF para o primeiro semestre deste ano.  <\/strong><\/p>\n\n\n\n<p>Com a banca organizadora j\u00e1 definida e previs\u00e3o de edital para meados de 2026, o certame ganha for\u00e7a e entra em fase mais concreta de prepara\u00e7\u00e3o. A expectativa \u00e9 de oferta de vagas para o cargo de <strong>Analista de Apoio \u00e0 Assist\u00eancia Jur\u00eddica,<\/strong> com oportunidades distribu\u00eddas em diferentes especialidades.<\/p>\n\n\n\n<p>Diante desse cen\u00e1rio, o interesse dos candidatos tende a crescer, especialmente pela estabilidade e pelos benef\u00edcios oferecidos pela carreira p\u00fablica. Siga comigo e confira tudo o que j\u00e1 se sabe sobre o concurso DP DF.<\/p>\n\n\n\n<h2 class=\"wp-block-heading\" id=\"situa\u00e7\u00e3o\">Concurso DP DF: Situa\u00e7\u00e3o atual!<\/h2>\n\n\n\n<p>O edital do\u00a0<strong>concurso DPDF\u00a0<\/strong>(Defensoria P\u00fablica do Distrito Federal) deve ser\u00a0<strong>publicado at\u00e9 o 1\u00ba semestre de 2026 com oportunidades para o cargo de Analista!\u00a0<\/strong>A informa\u00e7\u00e3o foi compartilhada no epis\u00f3dio do programa institucional\u00a0<em>Fala A\u00ed, DPDF!<\/em>\u00a0desta segunda-feira, 23 de mar\u00e7o, pelo\u00a0Defensor P\u00fablico-Geral, Celestino Chupel.<\/p>\n\n\n\n<p>Vale lembrar que no dia 4 de mar\u00e7o, foi publicado no Di\u00e1rio Oficial do Distrito Federal, o extrato de contrato da Defensoria P\u00fablica do Distrito Federal e o Instituto Access.<\/p>\n\n\n\n<p>De acordo com o documento, o contrato tem validade pelo per\u00edodo de 24 meses, prazo necess\u00e1rio para a realiza\u00e7\u00e3o de todos os procedimentos da sele\u00e7\u00e3o, incluindo a publica\u00e7\u00e3o do edital, recebimento de inscri\u00e7\u00f5es, aplica\u00e7\u00e3o das provas e divulga\u00e7\u00e3o dos resultados.<\/p>\n\n\n\n<p>Confira o documento:<\/p>\n\n\n\n<figure class=\"wp-block-image size-full\"><img decoding=\"async\" width=\"678\" height=\"474\" src=\"https:\/\/www.novaconcursos.com.br\/portal\/wp-content\/uploads\/2026\/03\/concurso-dp-df-banca-definida.webp\" alt=\"Concurso DP DF\" class=\"wp-image-305331\" loading=\"lazy\" title=\"\" srcset=\"https:\/\/www.novaconcursos.com.br\/portal\/wp-content\/uploads\/2026\/03\/concurso-dp-df-banca-definida-300x210.webp 300w, https:\/\/www.novaconcursos.com.br\/portal\/wp-content\/uploads\/2026\/03\/concurso-dp-df-banca-definida-480x336.webp 480w, https:\/\/www.novaconcursos.com.br\/portal\/wp-content\/uploads\/2026\/03\/concurso-dp-df-banca-definida.webp 678w\" sizes=\"auto, (max-width: 480px) 100vw, (max-width: 768px) 100vw, (max-width: 1200px) 70vw, 768px\"><figcaption><\/figcaption><\/figure><p>A autoriza\u00e7\u00e3o inicial do certame prev\u00ea o preenchimento de <strong>7 vagas imediatas para Analista de Apoio \u00e0 Assist\u00eancia Judici\u00e1ria<\/strong>, al\u00e9m de forma\u00e7\u00e3o de cadastro reserva. O aval para realiza\u00e7\u00e3o do concurso DP DF j\u00e1 havia sido concedido em 2024 pelo Defensor P\u00fablico-Geral, conforme publica\u00e7\u00e3o oficial.<\/p>\n\n\n\n<p>Vale lembrar que o certame j\u00e1 contava com confirma\u00e7\u00e3o de previs\u00e3o or\u00e7ament\u00e1ria na<strong> Lei Or\u00e7ament\u00e1ria Anual (LOA) de 2026.<\/strong> A reserva de recursos indica que o \u00f3rg\u00e3o mant\u00e9m o planejamento para realiza\u00e7\u00e3o de um novo certame, especialmente voltado \u00e0 \u00e1rea de apoio.<\/p>\n\n\n\n<p>A sinaliza\u00e7\u00e3o or\u00e7ament\u00e1ria refor\u00e7a o que j\u00e1 havia sido apontado na Proposta de Lei de Diretrizes Or\u00e7ament\u00e1rias, que mencionou a possibilidade de provimento de <strong>250 cargos para a Carreira de Apoio \u00e0 Assist\u00eancia Judici\u00e1ria<\/strong> e <strong>40 cargos de Defensor P\u00fablico<\/strong>. Al\u00e9m disso, foi aprovado o Projeto de Lei n\u00ba 1.588\/2025, que trata da cria\u00e7\u00e3o de 250 cargos de Analista de Apoio \u00e0 Assist\u00eancia Judici\u00e1ria, fortalecendo o cen\u00e1rio para publica\u00e7\u00e3o do edital.<\/p>\n\n\n\n<p>Al\u00e9m disso, uma comiss\u00e3o anterior, institu\u00edda em maio de 2024, foi oficialmente desfeita em mar\u00e7o de 2025, o que exigiu reestrutura\u00e7\u00e3o interna antes da continuidade dos tr\u00e2mites.<\/p>\n\n\n\n<h2 class=\"wp-block-heading\" id=\"carreira\">O que faz o Analista da DP DF?<\/h2>\n\n\n\n<p>O Analista de Apoio \u00e0 Assist\u00eancia Judici\u00e1ria da Defensoria P\u00fablica do Distrito Federal desempenha uma variedade de fun\u00e7\u00f5es de apoio e assessoramento aos Defensores P\u00fablicos, em <strong>diversas especialidades<\/strong>.<\/p>\n\n\n\n<p>Essas fun\u00e7\u00f5es s\u00e3o definidas de acordo com as especialidades existentes para esse cargo, conforme regulamentado pela Lei Distrital n\u00ba 4.516\/2010, que estabelece a estrutura da carreira composta por<strong> 301 cargos<\/strong>.<\/p>\n\n\n\n<p>Confira as atribui\u00e7\u00f5es a seguir:<\/p>\n\n\n\n<ul class=\"wp-block-list\"><li><strong>Direito e Legisla\u00e7\u00e3o:\u00a0<\/strong>planejar, coordenar, supervisionar, avaliar e executar atividades referentes \u00e0 an\u00e1lise de processos administrativos e judiciais; participar de programas de desenvolvimento que envolvam conte\u00fados relativos \u00e0 \u00e1rea de atua\u00e7\u00e3o ou neles atuar; executar outras atividades de interesse da \u00e1rea<\/li>\n\n\n\n<li><strong>Administra\u00e7\u00e3o:\u00a0<\/strong>planejar, coordenar, supervisionar, avaliar e executar atividades administrativas referentes \u00e0 gest\u00e3o de pessoas, finan\u00e7as, or\u00e7amento,\u00a0 patrim\u00f4nio, material, transporte, cargos e sal\u00e1rios, e organiza\u00e7\u00e3o e m\u00e9todos; participar de programas de desenvolvimento que envolvam conte\u00fados relativos \u00e0 \u00e1rea de atua\u00e7\u00e3o ou neles atuar; executar outras atividades de interesse da \u00e1rea<\/li>\n\n\n\n<li><strong>Arquivologia:\u00a0<\/strong>\u00a0planejar, coordenar, supervisionar, avaliar e executar atividades arquiv\u00edsticas, estudos e pesquisas com enfoque hist\u00f3rico-administrativo sobre gerenciamento de informa\u00e7\u00e3o\u00a0 e de gest\u00e3o documental e sua aplica\u00e7\u00e3o; participar de programas de desenvolvimento que envolvam conte\u00fados relativos<br>\u00e0 \u00e1rea de atua\u00e7\u00e3o ou neles atuar; executar outras atividades de interesse da \u00e1rea<\/li>\n\n\n\n<li><strong>Arquitetura<\/strong>: planejar, coordenar, supervisionar, avaliar e executar projetos de arquitetura, urbaniza\u00e7\u00e3o e paisagismo, definindo e especificando servi\u00e7os e materiais; participar de programas de desenvolvimento que envolvam conte\u00fados relativos \u00e0 \u00e1rea de atua\u00e7\u00e3o ou neles atuar; executar outras atividades de interesse da \u00e1rea.<\/li>\n\n\n\n<li><strong>Jornalismo:\u00a0<\/strong>planejar, coordenar, supervisionar, avaliar e executar atividades relacionadas \u00e0 cobertura dos eventos e das reuni\u00f5es, quando a DPDF for parte, e manifestar sobre os t\u00f3picos referentes \u00e0 \u00e1rea de comunica\u00e7\u00e3o social; participar de programas de desenvolvimento que envolvam conte\u00fados relativos \u00e0 \u00e1rea de atua\u00e7\u00e3o ou neles atuar; executar outras atividades de interesse da \u00e1rea<\/li>\n\n\n\n<li><strong>Contabilidade:\u00a0<\/strong>planejar, coordenar, supervisionar, avaliar e executar atividades relacionadas \u00e0 contabilidade em geral, com vistas \u00e0 elabora\u00e7\u00e3o or\u00e7ament\u00e1ria e ao controle da situa\u00e7\u00e3o financeira e patrimonial; participar de programas de desenvolvimento que envolvam conte\u00fados relativos \u00e0 \u00e1rea de atua\u00e7\u00e3o ou neles atuar; executar outras atividades de interesse da \u00e1rea<\/li>\n\n\n\n<li><strong>Economia:\u00a0<\/strong>\u00a0planejar, coordenar, supervisionar, avaliar e executar atividades referentes \u00e0 pesquisa, an\u00e1lise econ\u00f4mica e sua aplica\u00e7\u00e3o; participar de programas de desenvolvimento que envolvam conte\u00fados relativos \u00e0 \u00e1rea de atua\u00e7\u00e3o ou neles atuar; executar outras atividades de interesse da \u00e1rea.<\/li>\n\n\n\n<li><strong>Engenharia Civil:\u00a0<\/strong>\u00a0planejar, coordenar, supervisionar, avaliar e executar atividades referentes \u00e0 pesquisa e estudo que visem ao conhecimento e interpreta\u00e7\u00e3o das caracter\u00edsticas t\u00e9cnicas e f\u00edsicas dos projetos de constru\u00e7\u00e3o civil; participar de programas de desenvolvimento que envolvam conte\u00fados relativos \u00e0 \u00e1rea de atua\u00e7\u00e3o ou neles atuar; executar outras atividades de interesse da \u00e1rea.<\/li>\n\n\n\n<li><strong>Inform\u00e1tica \u2013 Banco de Dados:\u00a0<\/strong>planejar, coordenar, supervisionar, avaliar e executar atividades relacionadas aos sistemas informatizados do \u00f3rg\u00e3o; participar de programas de desenvolvimento que envolvam conte\u00fados relativos \u00e0 \u00e1rea de atua\u00e7\u00e3o ou neles atuar; executar outras atividades de interesse da \u00e1rea.<\/li>\n\n\n\n<li><strong>Inform\u00e1tica \u2013 Desenvolvimento de Sistemas:\u00a0<\/strong>planejar, coordenar, supervisionar, avaliar e executar atividades relacionadas aos sistemas informatizados do \u00f3rg\u00e3o; participar de<br>programas de desenvolvimento que envolvam conte\u00fados relativos \u00e0 \u00e1rea de atua\u00e7\u00e3o ou neles atuar; executar outras atividades de interesse da \u00e1rea<\/li>\n\n\n\n<li><strong>Inform\u00e1tica \u2013 Redes:\u00a0<\/strong>planejar, coordenar, supervisionar, avaliar e executar atividades relacionadas aos sistemas informatizados do \u00f3rg\u00e3o; participar de programas de desenvolvimento que envolvam conte\u00fados relativos \u00e0 \u00e1rea de atua\u00e7\u00e3o ou neles atuar; executar outras atividades de interesse da \u00e1rea<\/li>\n\n\n\n<li><strong>Psicologia:\u00a0<\/strong>\u00a0planejar, coordenar, supervisionar, avaliar e executar atividades referentes \u00e0 Psicologia conforme \u00e1rea de atua\u00e7\u00e3o; participar de programas de desenvolvimento que envolvam conte\u00fados relativos \u00e0 sua \u00e1rea ou neles atuar; executar outras atividades de interesse da \u00e1rea<\/li>\n\n\n\n<li><strong>Servi\u00e7o Social:\u00a0<\/strong>\u00a0planejar, coordenar, supervisionar, avaliar e executar planos, programas e projetos sociais orientando indiv\u00edduos, fam\u00edlias, comunidade e institui\u00e7\u00f5es sobre direitos e deveres; participar de programas de desenvolvimento que envolvam conte\u00fados relativos \u00e0 \u00e1rea de atua\u00e7\u00e3o ou neles atuar; executar outras atividades de interesse da \u00e1rea.<\/li>\n<\/ul><h2 class=\"wp-block-heading\" id=\"sal\u00e1rio\">Sal\u00e1rio do concurso DP DF<\/h2>\n\n\n\n<p>A remunera\u00e7\u00e3o do concurso DP DF para o cargo de <strong>Analista de Apoio \u00e0 Assist\u00eancia Judici\u00e1ria<\/strong> \u00e9 fixada em lei e apresenta valores atrativos desde o in\u00edcio da carreira. O sal\u00e1rio inicial previsto \u00e9 de <mark style=\"background-color:#8ed1fc\" class=\"has-inline-color\"><strong>R$ 8.828,12<\/strong>,<\/mark> composto por:<\/p>\n\n\n\n<ul class=\"wp-block-list\"><li><strong>R$ 7.062,50<\/strong> de vencimento b\u00e1sico<\/li>\n\n\n\n<li><strong>R$ 1.765,62<\/strong> de Gratifica\u00e7\u00e3o Judici\u00e1ria (25% sobre o padr\u00e3o remunerat\u00f3rio)<\/li>\n<\/ul><p>Al\u00e9m disso, a carreira possui progress\u00e3o estruturada em classes e padr\u00f5es. Confira a tabela de vencimento b\u00e1sico organizada em bullets:<\/p>\n\n\n\n<p><strong>DPDF \u2013 Terceira Classe (Vencimento b\u00e1sico)<\/strong><\/p>\n\n\n\n<ul class=\"wp-block-list\"><li>Padr\u00e3o V: R$ 7.422,30<\/li>\n\n\n\n<li>Padr\u00e3o IV: R$ 7.330,67<\/li>\n\n\n\n<li>Padr\u00e3o III: R$ 7.240,17<\/li>\n\n\n\n<li>Padr\u00e3o II: R$ 7.150,78<\/li>\n\n\n\n<li>Padr\u00e3o I: R$ 7.062,50<\/li>\n<\/ul><p><strong>DPDF \u2013 Segunda Classe (Vencimento b\u00e1sico)<\/strong><\/p>\n\n\n\n<ul class=\"wp-block-list\"><li>Padr\u00e3o V: R$ 7.995,44<\/li>\n\n\n\n<li>Padr\u00e3o IV: R$ 7.896,74<\/li>\n\n\n\n<li>Padr\u00e3o III: R$ 7.799,25<\/li>\n\n\n\n<li>Padr\u00e3o II: R$ 7.702,95<\/li>\n\n\n\n<li>Padr\u00e3o I: R$ 7.607,85<\/li>\n<\/ul><p><strong>DPDF \u2013 Primeira Classe (Vencimento b\u00e1sico)<\/strong><\/p>\n\n\n\n<ul class=\"wp-block-list\"><li>Padr\u00e3o V: R$ 8.612,84<\/li>\n\n\n\n<li>Padr\u00e3o IV: R$ 8.506,51<\/li>\n\n\n\n<li>Padr\u00e3o III: R$ 8.401,50<\/li>\n\n\n\n<li>Padr\u00e3o II: R$ 8.297,77<\/li>\n\n\n\n<li>Padr\u00e3o I: R$ 8.195,33<\/li>\n<\/ul><p><strong>DPDF \u2013 Classe Especial (Vencimento b\u00e1sico)<\/strong><\/p>\n\n\n\n<ul class=\"wp-block-list\"><li>Padr\u00e3o V: R$ 9.277,92<\/li>\n\n\n\n<li>Padr\u00e3o IV: R$ 9.163,38<\/li>\n\n\n\n<li>Padr\u00e3o III: R$ 9.050,25<\/li>\n\n\n\n<li>Padr\u00e3o II: R$ 8.938,52<\/li>\n\n\n\n<li>Padr\u00e3o I: R$ 8.828,16<\/li>\n<\/ul><p>Com essa estrutura, o concurso DP DF se destaca pelo sal\u00e1rio inicial competitivo e pelo potencial de crescimento remunerat\u00f3rio ao longo da carreira.<\/p>\n\n\n\n<p>Al\u00e9m disso, o cargo conta com os seguintes <strong>benef\u00edcios<\/strong>:<\/p>\n\n\n\n<ul class=\"wp-block-list\"><li>13\u00ba sal\u00e1rio;<\/li>\n\n\n\n<li>Adicional por tempo de Servi\u00e7o \u2013 ATS (anu\u00eanio);<\/li>\n\n\n\n<li>Adicional por Servi\u00e7o Extraordin\u00e1rio (horas extras);<\/li>\n\n\n\n<li>Aux\u00edlio Alimenta\u00e7\u00e3o;<\/li>\n\n\n\n<li>Aux\u00edlio Transporte (Vale Transporte);<\/li>\n\n\n\n<li>Aux\u00edlio Natalidade;<\/li>\n\n\n\n<li>Aux\u00edlio Funeral;<\/li>\n\n\n\n<li>Aux\u00edlio Creche;<\/li>\n\n\n\n<li>F\u00e9rias;<\/li>\n\n\n\n<li>Abono de ponto.<\/li>\n<\/ul><h2 class=\"wp-block-heading\" id=\"requisito\">Quem pode fazer o concurso para Analista DP DF? <\/h2>\n\n\n\n<p>As exig\u00eancias <strong>espec\u00edficas <\/strong>de cada especialidade do Analista DP DF s\u00e3o: <\/p>\n\n\n\n<ul class=\"wp-block-list\"><li>Direito e Legisla\u00e7\u00e3o: Diploma em Direito;<\/li>\n\n\n\n<li>Administra\u00e7\u00e3o: Diploma em Administra\u00e7\u00e3o;<\/li>\n\n\n\n<li>Arquivologia: Diploma em Arquivologia e Registro no Conselho de Classe;<\/li>\n\n\n\n<li>Arquitetura: Diploma em Arquitetura e Registro no Conselho de Classe;<\/li>\n\n\n\n<li>Jornalismo: Diploma em Comunica\u00e7\u00e3o Social com habilita\u00e7\u00e3o em Jornalismo e Registro no Conselho de Classe;<\/li>\n\n\n\n<li>Contabilidade: Diploma em Ci\u00eancias Cont\u00e1beis e Registro no Conselho de Classe;<\/li>\n\n\n\n<li>Economia: Diploma em Ci\u00eancias Econ\u00f4micas e Registro no Conselho de Classe;<\/li>\n\n\n\n<li>Engenharia Civil: Diploma em Engenharia Civil e Registro no Conselho de Classe;<\/li>\n\n\n\n<li>Inform\u00e1tica \u2013 Banco de Dados: Diploma em Tecnologia da Informa\u00e7\u00e3o ou em qualquer \u00e1rea do conhecimento com especializa\u00e7\u00e3o em Tecnologia da Informa\u00e7\u00e3o;<\/li>\n\n\n\n<li>Inform\u00e1tica \u2013 Desenvolvimento de Sistemas: Diploma em Tecnologia da Informa\u00e7\u00e3o ou em qualquer \u00e1rea do conhecimento com especializa\u00e7\u00e3o em Tecnologia da Informa\u00e7\u00e3o;<\/li>\n\n\n\n<li>Inform\u00e1tica \u2013 Redes: Diploma em Tecnologia da Informa\u00e7\u00e3o ou em qualquer \u00e1rea do conhecimento com especializa\u00e7\u00e3o em Tecnologia da Informa\u00e7\u00e3o;<\/li>\n\n\n\n<li>Psicologia: Diploma em Psicologia e Registro no Conselho de Classe;<\/li>\n\n\n\n<li>Servi\u00e7o Social: Diploma em Servi\u00e7o Social e Registro no Conselho de Classe.<\/li>\n<\/ul><p>J\u00e1 os requisitos<strong> gerais<\/strong> para investidura nos cargos s\u00e3o:<\/p>\n\n\n\n<ul class=\"wp-block-list\"><li>Ser aprovado no concurso p\u00fablico;<\/li>\n\n\n\n<li>Ter a nacionalidade brasileira ou portuguesa e, no caso de nacionalidade portuguesa, estar amparado pelo Estatuto de Igualdade entre Brasileiros e Portugueses;<\/li>\n\n\n\n<li>Estar em gozo dos direitos pol\u00edticos;<\/li>\n\n\n\n<li>Estar quite com as obriga\u00e7\u00f5es militares, em caso de candidato do sexo masculino;<\/li>\n\n\n\n<li>Estar quite com as obriga\u00e7\u00f5es eleitorais;<\/li>\n\n\n\n<li>Ter idade m\u00ednima de 18 anos completos na data da posse;<\/li>\n\n\n\n<li>Ter aptid\u00e3o f\u00edsica e mental para o exerc\u00edcio das atribui\u00e7\u00f5es do cargo;<\/li>\n\n\n\n<li>O candidato dever\u00e1 declarar, na solicita\u00e7\u00e3o de inscri\u00e7\u00e3o, que tem ci\u00eancia e aceita que, caso aprovado, dever\u00e1 entregar os documentos comprobat\u00f3rios dos requisitos exigidos para o cargo por ocasi\u00e3o da posse.<\/li>\n<\/ul><h2 class=\"wp-block-heading\" id=\"prova\">O que cai na prova da Defensoria P\u00fablica DF?<\/h2>\n\n\n\n<p>De acordo com o \u00faltimo edital, os <a href=\"https:\/\/www.novaconcursos.com.br\/apostila\/basico-para-concursos-lingua-portuguesa?promo_creative=Adquira+o+seu+material+aqui%21&amp;promo_name=concurso&amp;promo_id=%2Fportal%2Fconcursos%2Fconcurso-tce-pa&amp;promo_position=corpo-texto\">conte\u00fados<\/a> cobrados nas provas do concurso DP DF s\u00e3o divididos entre conhecimentos gerais e conhecimentos espec\u00edficos. <\/p>\n\n\n\n<p>Confira o conte\u00fado program\u00e1tico das disciplinas de conhecimentos gerais:<\/p>\n\n\n\n<h3 class=\"wp-block-heading\">L\u00edngua Portuguesa<\/h3>\n\n\n\n<ul class=\"wp-block-list\"><li>Compreens\u00e3o e interpreta\u00e7\u00e3o de textos de g\u00eaneros variados;<\/li>\n\n\n\n<li>Reconhecimento de tipos e g\u00eaneros textuais;<\/li>\n\n\n\n<li>Dom\u00ednio da ortografia oficial;<\/li>\n\n\n\n<li>Dom\u00ednio dos mecanismos de coes\u00e3o textual;\n<ul class=\"wp-block-list\"><li>Emprego de elementos de referencia\u00e7\u00e3o, substitui\u00e7\u00e3o e repeti\u00e7\u00e3o, de conectores e de outros elementos de sequencia\u00e7\u00e3o textual;<\/li>\n\n\n\n<li>Emprego de tempos e modos verbais;<\/li>\n<\/ul><\/li>\n\n\n\n<li>Dom\u00ednio da estrutura morfossint\u00e1tica do per\u00edodo;\n<ul class=\"wp-block-list\"><li>Emprego das classes de palavras;<\/li>\n\n\n\n<li>Rela\u00e7\u00f5es de coordena\u00e7\u00e3o entre ora\u00e7\u00f5es e entre termos da ora\u00e7\u00e3o;<\/li>\n\n\n\n<li>Rela\u00e7\u00f5es de subordina\u00e7\u00e3o entre ora\u00e7\u00f5es e entre termos da ora\u00e7\u00e3o;<\/li>\n\n\n\n<li>Emprego dos sinais de pontua\u00e7\u00e3o;<\/li>\n\n\n\n<li>Concord\u00e2ncia verbal e nominal;<\/li>\n\n\n\n<li>Reg\u00eancia verbal e nominal;<\/li>\n\n\n\n<li>Emprego do sinal indicativo de crase;<\/li>\n\n\n\n<li>Coloca\u00e7\u00e3o dos pronomes \u00e1tonos;<\/li>\n<\/ul><\/li>\n\n\n\n<li>Reescrita de frases e par\u00e1grafos do texto;\n<ul class=\"wp-block-list\"><li>Significa\u00e7\u00e3o das palavras;<\/li>\n\n\n\n<li>Substitui\u00e7\u00e3o de palavras ou de trechos de texto<\/li>\n\n\n\n<li>Reorganiza\u00e7\u00e3o da estrutura de ora\u00e7\u00f5es e de per\u00edodos do texto<\/li>\n\n\n\n<li>Reescrita de textos de diferentes g\u00eaneros e n\u00edveis de formalidade.<\/li>\n<\/ul><\/li>\n<\/ul><h3 class=\"wp-block-heading\">Conhecimentos Sobre o Distrito Federal<\/h3>\n\n\n\n<ul class=\"wp-block-list\"><li>Realidade \u00e9tnica, social, hist\u00f3rica, geogr\u00e1fica, cultural, pol\u00edtica e econ\u00f4mica do Distrito Federal e da Regi\u00e3o Integrada de Desenvolvimento do Distrito Federal e Entorno (RIDE), institu\u00edda pela Lei Complementar n\u00ba 94\/1998 e suas altera\u00e7\u00f5es.<\/li>\n<\/ul><h3 class=\"wp-block-heading\">Legisla\u00e7\u00e3o<\/h3>\n\n\n\n<ul class=\"wp-block-list\"><li>Lei Org\u00e2nica do Distrito Federal;\n<ul class=\"wp-block-list\"><li>Fundamentos da Organiza\u00e7\u00e3o dos Poderes e do Distrito Federal.<\/li>\n\n\n\n<li>Organiza\u00e7\u00e3o do Distrito Federal.<\/li>\n\n\n\n<li>Organiza\u00e7\u00e3o Administrativa do Distrito Federal.<\/li>\n<\/ul><\/li>\n\n\n\n<li>Lei Complementar Distrital n\u00ba 840\/2011 e suas altera\u00e7\u00f5es (Regime Jur\u00eddico dos Servidores P\u00fablicos Civis do Distrito Federal, das Autarquias e das Funda\u00e7\u00f5es P\u00fablicas Distritais);<\/li>\n\n\n\n<li>Lei Complementar do Distrito Federal n\u00ba 828\/2010 e suas altera\u00e7\u00f5es.<\/li>\n<\/ul><h2 class=\"wp-block-heading\" id=\"materiais\">Materiais preparat\u00f3rios para o concurso DP PF<\/h2>\n\n\n\n<p>Para melhorar sua prepara\u00e7\u00e3o para o concurso da Defensoria P\u00fablica do Distrito Federal, \u00e9 essencial ter \u00e0 disposi\u00e7\u00e3o <strong>materiais de estudo<\/strong> eficazes e uma <strong>rotina<\/strong> bem estruturada! Nesse sentido, o<strong> m\u00e9todo<\/strong> de estudo da Nova Concursos pode ser um grande aliado!<\/p>\n\n\n\n<p>A Nova Concursos \u00e9 reconhecida no mercado por oferecer materiais pr\u00e1ticos e de alta qualidade, contando com um hist\u00f3rico de mais de <strong>70 mil candidatos aprovados<\/strong>. Agora, pode ser a sua vez de alcan\u00e7ar o sucesso!<\/p>\n\n\n\n<p>N\u00e3o perca tempo, invista em nossos materiais e esteja mais perto de conquistar sua vaga. A pr\u00f3xima pessoa aprovada pode ser voc\u00ea!<\/p>\n\n\n\n<h3 class=\"wp-block-heading\">Mapa de quest\u00f5es DP DF<\/h3>\n\n\n\n<p>O <a href=\"https:\/\/www.novaconcursos.com.br\/concurso\/dpdf-defensoria-publica-do-distrito-federal\/questoes\">Mapa de Quest\u00f5es<\/a> organiza os exerc\u00edcios conforme os temas cobrados no \u00faltimo edital, facilitando um estudo mais direcionado e estrat\u00e9gico. Com ele, \u00e9 poss\u00edvel compreender o formato, o padr\u00e3o e o estilo de cobran\u00e7a da banca organizadora, al\u00e9m de treinar com quest\u00f5es de institui\u00e7\u00f5es semelhantes. A pr\u00e1tica intensiva permite identificar os conte\u00fados mais recorrentes nas provas e mapear os assuntos com maior incid\u00eancia. Tamb\u00e9m possibilita analisar o desempenho por disciplina e t\u00f3pico, auxiliando na prioriza\u00e7\u00e3o dos pontos que exigem maior aten\u00e7\u00e3o na prepara\u00e7\u00e3o.<\/p>\n\n\n\n<h2 class=\"wp-block-heading\" id=\"\u00faltimo\">Quando foi o \u00faltimo concurso DP DF? <\/h2>\n\n\n\n<p>O \u00faltimo concurso da Defensoria P\u00fablica DF foi publicado em 2020, sob organiza\u00e7\u00e3o do <a href=\"https:\/\/www.cebraspe.org.br\/concursos\/DPDF_20_ANALISTA\" target=\"_blank\" rel=\"noopener noreferrer\">Cebraspe<\/a>.<\/p>\n\n\n\n<p>O certame ofertou <strong>60 vagas<\/strong> imediatas de n\u00edvel superior para o cargo de <strong>Analista de Apoio \u00e0 Assist\u00eancia Judici\u00e1ria<\/strong>, nas seguintes especialidades: <\/p>\n\n\n\n<ul class=\"wp-block-list\"><li>Direito e Legisla\u00e7\u00e3o (30)<\/li>\n\n\n\n<li>Administra\u00e7\u00e3o (8)<\/li>\n\n\n\n<li>Arquivologia (1)<\/li>\n\n\n\n<li>Arquitetura (2)<\/li>\n\n\n\n<li>Comunica\u00e7\u00e3o Social \u2013 Jornalismo (1)<\/li>\n\n\n\n<li>Contabilidade (5)<\/li>\n\n\n\n<li>Economia (1)<\/li>\n\n\n\n<li>Engenharia Civil (2)<\/li>\n\n\n\n<li>Inform\u00e1tica \u2013 Banco de Dados (1)<\/li>\n\n\n\n<li>Inform\u00e1tica \u2013 Desenvolvimento de Sistemas (2)<\/li>\n\n\n\n<li>Inform\u00e1tica \u2013 Redes (3)<\/li>\n\n\n\n<li>Psicologia (2<\/li>\n\n\n\n<li>Servi\u00e7o Social (2).<\/li>\n<\/ul><p>Os <strong>sal\u00e1rios<\/strong> para todas as \u00e1reas foi de <strong>R$ 5.241,22<\/strong>, com jornadas de trabalho de 35 horas semanais. <\/p>\n\n\n\n<h3 class=\"wp-block-heading\">Requisitos<\/h3>\n\n\n\n<p>As exig\u00eancias <strong>b\u00e1sicas<\/strong> para investidura nos cargos da DP DF foram:<\/p>\n\n\n\n<p>\u2013 Ser aprovado no concurso p\u00fablico;<\/p>\n\n\n\n<p>\u2013 Ter a nacionalidade brasileira ou portuguesa e, no caso de nacionalidade portuguesa, estar amparado pelo Estatuto de Igualdade entre Brasileiros e Portugueses, com reconhecimento do gozo dos direitos pol\u00edticos, nos termos do \u00a7 1\u00ba do art. 12 da Constitui\u00e7\u00e3o Federal;<\/p>\n\n\n\n<p>\u2013 Estar em gozo dos direitos pol\u00edticos;<\/p>\n\n\n\n<p>\u2013 Estar quite com as obriga\u00e7\u00f5es militares, em caso de candidato do sexo masculino;<\/p>\n\n\n\n<p>\u2013 Estar quite com as obriga\u00e7\u00f5es eleitorais;<\/p>\n\n\n\n<p>\u2013 Possuir os requisitos exigidos para o exerc\u00edcio do cargo;<\/p>\n\n\n\n<p>\u2013 Ter idade m\u00ednima de 18 anos completos na data da posse;<\/p>\n\n\n\n<p>\u2013 Ter aptid\u00e3o f\u00edsica e mental para o exerc\u00edcio das atribui\u00e7\u00f5es do cargo;<\/p>\n\n\n\n<p>\u2013 O candidato dever\u00e1 declarar, na solicita\u00e7\u00e3o de inscri\u00e7\u00e3o, que tem ci\u00eancia e aceita que, caso aprovado, dever\u00e1 entregar os documentos comprobat\u00f3rios dos requisitos exigidos para o cargo por ocasi\u00e3o da posse.<\/p>\n\n\n\n<h3 class=\"wp-block-heading\">Quais foram as etapas de sele\u00e7\u00e3o do DP DF?<\/h3>\n\n\n\n<p>A avalia\u00e7\u00e3o dos candidatos foi realizada por meio de <strong>tr\u00eas etapas<\/strong>, sendo elas:<\/p>\n\n\n\n<p>\u2022Prova Objetiva, de car\u00e1ter eliminat\u00f3rio e classificat\u00f3rio;<\/p>\n\n\n\n<p>\u2022Prova Dissertativa, de car\u00e1ter eliminat\u00f3rio e classificat\u00f3rio;<\/p>\n\n\n\n<p>\u2022Avalia\u00e7\u00e3o de T\u00edtulos, de car\u00e1ter classificat\u00f3rio.<\/p>\n\n\n\n<h4 class=\"wp-block-heading\">Provas Objetivas<\/h4>\n\n\n\n<p>As provas objetivas foram compostas por 120 quest\u00f5es de certo ou errado, avaliada em at\u00e9 120,00 pontos. <\/p>\n\n\n\n<p>Foi <strong>reprovado nas provas objetivas<\/strong> e eliminado do concurso p\u00fablico o candidato que se enquadrou em pelo menos um dos itens a seguir:<\/p>\n\n\n\n<ul class=\"wp-block-list\"><li>obteve nota inferior a 10,00 pontos na prova objetiva de conhecimentos b\u00e1sicos P1;<\/li>\n\n\n\n<li>obteve nota inferior a 21,00 pontos na prova objetiva de conhecimentos especializados P2;<\/li>\n\n\n\n<li>obteve nota inferior a 36,00 pontos no conjunto das provas objetivas.<\/li>\n<\/ul><h4 class=\"wp-block-heading\">Prova Discursiva <\/h4>\n\n\n\n<p>A prova discursiva valeu 50,00 pontos e consistiu na reda\u00e7\u00e3o de <strong>uma disserta\u00e7\u00e3o<\/strong> acerca de tema de atualidade, at\u00e9 30 linhas, e<strong> tr\u00eas quest\u00f5es<\/strong> a respeito dos objetos de avalia\u00e7\u00e3o de conhecimentos especializados de cada cargo\/\u00e1rea\/especialidade, a serem respondidas em at\u00e9 20 linhas cada.<\/p>\n\n\n\n<p><\/p>","protected":false},"excerpt":{"rendered":"<p>O concurso DP DF ofertar\u00e1 7 vagas para o cargo de Analista de Apoio \u00e0 Assist\u00eancia Judici\u00e1ria!<\/p>\n","protected":false},"author":54701,"featured_media":306328,"comment_status":"closed","ping_status":"closed","sticky":false,"template":"","format":"standard","meta":{"_acf_changed":false,"footnotes":"","_wp_rev_ctl_limit":""},"categories":[44999,44983],"tags":[41532],"class_list":["post-82371","post","type-post","status-publish","format-standard","has-post-thumbnail","hentry","category-concursos","category-df","tag-concurso-dp-df-2"],"acf":[],"_links":{"self":[{"href":"https:\/\/www.novaconcursos.com.br\/portal\/wp-json\/wp\/v2\/posts\/82371","targetHints":{"allow":["GET"]}}],"collection":[{"href":"https:\/\/www.novaconcursos.com.br\/portal\/wp-json\/wp\/v2\/posts"}],"about":[{"href":"https:\/\/www.novaconcursos.com.br\/portal\/wp-json\/wp\/v2\/types\/post"}],"author":[{"embeddable":true,"href":"https:\/\/www.novaconcursos.com.br\/portal\/wp-json\/wp\/v2\/users\/54701"}],"replies":[{"embeddable":true,"href":"https:\/\/www.novaconcursos.com.br\/portal\/wp-json\/wp\/v2\/comments?post=82371"}],"version-history":[{"count":22,"href":"https:\/\/www.novaconcursos.com.br\/portal\/wp-json\/wp\/v2\/posts\/82371\/revisions"}],"predecessor-version":[{"id":306332,"href":"https:\/\/www.novaconcursos.com.br\/portal\/wp-json\/wp\/v2\/posts\/82371\/revisions\/306332"}],"wp:featuredmedia":[{"embeddable":true,"href":"https:\/\/www.novaconcursos.com.br\/portal\/wp-json\/wp\/v2\/media\/306328"}],"wp:attachment":[{"href":"https:\/\/www.novaconcursos.com.br\/portal\/wp-json\/wp\/v2\/media?parent=82371"}],"wp:term":[{"taxonomy":"category","embeddable":true,"href":"https:\/\/www.novaconcursos.com.br\/portal\/wp-json\/wp\/v2\/categories?post=82371"},{"taxonomy":"post_tag","embeddable":true,"href":"https:\/\/www.novaconcursos.com.br\/portal\/wp-json\/wp\/v2\/tags?post=82371"}],"curies":[{"name":"wp","href":"https:\/\/api.w.org\/{rel}","templated":true}]}}