{"id":82558,"date":"2019-03-19T14:37:47","date_gmt":"2019-03-19T17:37:47","guid":{"rendered":"https:\/\/www.novaconcursos.com.br\/portal\/?p=82558"},"modified":"2019-03-19T14:45:13","modified_gmt":"2019-03-19T17:45:13","slug":"concurso-guarda-municipal-de-belo-horizonte-mg-o-que-cai-na-prova","status":"publish","type":"post","link":"https:\/\/www.novaconcursos.com.br\/portal\/artigos\/concurso-guarda-municipal-de-belo-horizonte-mg-o-que-cai-na-prova\/","title":{"rendered":"O que cai na prova do Concurso da Guarda Municipal de Belo Horizonte &#8211; MG?"},"content":{"rendered":"<p>O\u00a0edital do concurso da\u00a0<strong>Guarda Municipal de Belo Horizonte<\/strong>, capital do estado de Minas Gerais, foi divulgado!<strong>\u00a0J\u00e1 est\u00e1 com o foco total nos estudos?<\/strong><\/p>\n<p>O documento conta com a oferta de<strong> 500 vagas<\/strong> para o <strong>n\u00edvel m\u00e9dio de escolaridade<\/strong>, com sal\u00e1rios de <strong>R$ 3,4 mil<\/strong>!<\/p>\n<p style=\"text-align: center;\"><span style=\"text-decoration: underline;\"><span style=\"color: #0000ff;\"><strong><a style=\"color: #0000ff; text-decoration: underline;\" href=\"https:\/\/www.novaconcursos.com.br\/concurso\/prefeitura-de-belo-horizonte-mg\/apostila?promo_name=guarda-municipal-de-belo-horizonte-mg-blog&amp;promo_id=1&amp;promo_creative=link-cai-na-prova-guarda-municipal-de-belo-horizonte-mg&amp;promo_position=guarda-municipal-de-belo-horizonte-mg\" target=\"_blank\" rel=\"noopener noreferrer\">\u00bb Prepare-se com a Apostila\u00a0Guarda Municipal de Belo Horizonte \u2013 MG + 2 B\u00d4NUS (GR\u00c1TIS)\u00a0\u00ab<\/a><\/strong><\/span><\/span><\/p>\n<p>As\u00a0<strong>inscri\u00e7\u00f5es<\/strong>\u00a0ir\u00e3o come\u00e7ar no dia<strong>\u00a015 de\u00a0abril e permanecer\u00e3o assim at\u00e9 o dia 14 de\u00a0maio de 2019<\/strong>, com a prova objetiva acontecendo no dia\u00a0<strong>23 de julho<\/strong>.<\/p>\n<h2 id=\"requisitos-do-concurso-guarda-de-bh\">Requisitos do concurso Guarda de BH<\/h2>\n<p><strong>Os<\/strong>\u00a0<strong>requisitos necess\u00e1rios para posse do cargo<\/strong>\u00a0s\u00e3o:<\/p>\n<p>\u2013 ter idade m\u00ednima de\u00a0<strong>18 anos<\/strong>\u00a0completos na data da posse;<\/p>\n<p>\u2013 altura m\u00ednima de\u00a0<strong>1,65m<\/strong>\u00a0e\u00a0<strong>1,60m<\/strong>\u00a0para candidatos do sexo\u00a0<strong>masculino<\/strong>\u00a0e\u00a0<strong>feminino<\/strong>, respectivamente;<\/p>\n<p>\u2013 estar em gozo dos direitos pol\u00edticos;<\/p>\n<p>\u2013 estar quite com as obriga\u00e7\u00f5es militares, em caso de candidato do sexo masculino;<\/p>\n<p>\u2013 estar quite com as obriga\u00e7\u00f5es eleitorais;<\/p>\n<p>\u2013 ter aptid\u00e3o f\u00edsica e mental para o exerc\u00edcio das atribui\u00e7\u00f5es do cargo, comprovadas junto \u00e0 per\u00edcia m\u00e9dica oficial.<\/p>\n<h2 id=\"como-ser-a-prova-do-concurso-pcmg-escrivo\"><strong>Como ser\u00e1 a prova do concurso PC-MG Escriv\u00e3o?<\/strong><\/h2>\n<p>Os\u00a0<strong>candidatos ser\u00e3o avaliados em v\u00e1rias etapas<\/strong>, contando de:<\/p>\n<p>\u2013 Prova Objetiva;<br>\n\u2013 Prova de T\u00edtulos;<br>\n\u2013 Prova de Capacidade F\u00edsica;<br>\n\u2013 Sindic\u00e2ncia Social;<br>\n\u2013 Avalia\u00e7\u00e3o Psicol\u00f3gica;<br>\n\u2013 Investiga\u00e7\u00e3o Social;<br>\n\u2013 Curso de Forma\u00e7\u00e3o T\u00e9cnico-Profissional.<\/p>\n<p><strong>A\u00a0prova objetiva<\/strong><\/p>\n<p>A\u00a0<strong>prova objetiva <\/strong>ser\u00e1 aplicada no dia\u00a0<strong>23 de junho<\/strong>, exclusivamente na cidade de Belo Horizonte, tem\u00a0car\u00e1ter\u00a0<strong>eliminat\u00f3rio e classificat\u00f3rio<\/strong>.<\/p>\n<p>O exame contar\u00e1 com\u00a0<strong>50 quest\u00f5es<\/strong>\u00a0de m\u00faltipla-escolha, existindo apenas uma op\u00e7\u00e3o a ser marcada em cada uma das quest\u00f5es.<\/p>\n<p>As\u00a0<strong>disciplinas cobradas<\/strong>\u00a0s\u00e3o as seguintes:<\/p>\n<p><img decoding=\"async\" class=\"aligncenter wp-image-82503\" src=\"https:\/\/www.novaconcursos.com.br\/portal\/wp-content\/uploads\/2019\/03\/Gra%CC%81fico-Mate%CC%81rias-GM-BH.png\" alt=\"Gra\u0301fico-Mate\u0301rias-GM-BH\" width=\"600\" height=\"600\" loading=\"lazy\" title=\"\" srcset=\"https:\/\/www.novaconcursos.com.br\/portal\/wp-content\/uploads\/2019\/03\/Gra\u0301fico-Mate\u0301rias-GM-BH-55x55.png 55w, https:\/\/www.novaconcursos.com.br\/portal\/wp-content\/uploads\/2019\/03\/Gra\u0301fico-Mate\u0301rias-GM-BH-150x150.png 150w, https:\/\/www.novaconcursos.com.br\/portal\/wp-content\/uploads\/2019\/03\/Gra\u0301fico-Mate\u0301rias-GM-BH-300x300.png 300w, https:\/\/www.novaconcursos.com.br\/portal\/wp-content\/uploads\/2019\/03\/Gra\u0301fico-Mate\u0301rias-GM-BH-1024x1024.png 1024w, https:\/\/www.novaconcursos.com.br\/portal\/wp-content\/uploads\/2019\/03\/Gra\u0301fico-Mate\u0301rias-GM-BH.png 2000w\" sizes=\"auto, (max-width: 480px) 100vw, (max-width: 768px) 100vw, (max-width: 1200px) 70vw, 768px\"><\/p>\n<p>Uma boa oportunidade de aprofundar seus estudos e aproveitar ainda mais seu tempo \u00e9 fazer um cronograma de estudos, levando em conta a quantidade de cada frente pela totalidade de quest\u00f5es.<\/p>\n<h2 id=\"contedo-programtico-detalhado\">C<strong>onte\u00fado program\u00e1tico detalhado<\/strong>:<\/h2>\n<p><span style=\"text-decoration: underline;\"><strong>\u21d2 L\u00edngua Portuguesa\u00a0<\/strong><\/span><\/p>\n<p>1. Sem\u00e2ntica: denota\u00e7\u00e3o e conota\u00e7\u00e3o, figuras de linguagem (met\u00e1fora, meton\u00edmia, ironia, ant\u00edtese, paradoxo) e fun\u00e7\u00f5es<br>\nde linguagem;<\/p>\n<p>2. Leitura e interpreta\u00e7\u00e3o de textos: informa\u00e7\u00f5es impl\u00edcitas e expl\u00edcitas;<\/p>\n<p>3. Tipologia textual e g\u00eaneros de circula\u00e7\u00e3o social: estrutura composicional; objetivos discursivos do texto; contexto de<br>\ncircula\u00e7\u00e3o; aspectos lingu\u00edsticos;<\/p>\n<p>4. Texto e Textualidade: coes\u00e3o, coer\u00eancia e outros fatores de textualidade;<\/p>\n<p>5. Varia\u00e7\u00e3o lingu\u00edstica. Heterogeneidade lingu\u00edstica: aspectos culturais, hist\u00f3ricos, sociais e regionais no uso da L\u00edngua<br>\nPortuguesa;<\/p>\n<p>6. Fon\u00e9tica e fonologia: ortografia e acentua\u00e7\u00e3o gr\u00e1fica;<\/p>\n<p>7. Sinais de pontua\u00e7\u00e3o como fatores de coes\u00e3o;<\/p>\n<p>8. Coloca\u00e7\u00e3o Pronominal: Sintaxe de coloca\u00e7\u00e3o dos pronomes obl\u00edquos \u00e1tonos;<\/p>\n<p>9. Morfossintaxe: no\u00e7\u00f5es b\u00e1sicas de estrutura de palavras; classes de palavras; fun\u00e7\u00f5es sint\u00e1ticas do per\u00edodo simples;<\/p>\n<p>10. Sintaxe do per\u00edodo composto: processos de coordena\u00e7\u00e3o e subordina\u00e7\u00e3o; mecanismos de sequencia\u00e7\u00e3o; rela\u00e7\u00f5es<br>\ndiscursivo-argumentativas; rela\u00e7\u00f5es l\u00f3gico-sem\u00e2nticas;<\/p>\n<p>11. Concord\u00e2ncia Verbal e Nominal aplicadas ao texto;<\/p>\n<p>12. Reg\u00eancia Verbal e Nominal aplicadas ao texto;<\/p>\n<p>13. Crase;<\/p>\n<p>14. Conhecimento gramatical de acordo com o padr\u00e3o culto da l\u00edngua;<\/p>\n<p>15. Ortografia oficial \u2013 Novo Acordo Ortogr\u00e1fico.<\/p>\n<p><span style=\"text-decoration: underline;\"><strong>\u21d2 Legisla\u00e7\u00e3o<\/strong><\/span><\/p>\n<p>1. Constitui\u00e7\u00e3o da Rep\u00fablica Federativa do Brasil \u2013 1988:<br>\n1.1. T\u00edtulo I;<br>\n1.2. T\u00edtulo II\/Cap\u00edtulo I;<br>\n1.3. T\u00edtulo V\/Cap\u00edtulo III<\/p>\n<p>2. Declara\u00e7\u00e3o Universal dos Direitos Humanos;<\/p>\n<p>3. Lei Federal n\u00b0 8.069, de 13\/07\/1990 \u2013 Estatuto da Crian\u00e7a e do Adolescente ECA;<\/p>\n<p>4. Lei Org\u00e2nica do Munic\u00edpio \u2013 1990:<br>\n4.1. T\u00edtulo I;<br>\n4.2. T\u00edtulo II;<br>\n4.3. T\u00edtulo III\/Cap\u00edtulo I, II, III, IV e V;<\/p>\n<p>5. Lei Municipal n\u00b0 8.616, de 14\/07\/2003 \u2013 C\u00f3digo de Posturas Municipais;<br>\n5.1. T\u00edtulo III\/Cap\u00edtulos I, II e IV<\/p>\n<p>6. Lei n\u00ba 11.065, de 1\u00ba de agosto de 2017. Estabelece a estrutura org\u00e2nica da administra\u00e7\u00e3o p\u00fablica do Poder Executivo<br>\ne d\u00e1 outras provid\u00eancias.<br>\n6.1. Cap\u00edtulos I e III<\/p>\n<p>7. Decreto Municipal n\u00b0 11.566, de 19\/12\/2003 \u2013 Designa Patrono da Guarda Municipal o Embaixador S\u00e9rgio Vieira de<br>\nMelo;<\/p>\n<p>8. Lei Municipal 9.319, de 19 de janeiro de 2007- Estatuto da Guarda Municipal de Belo Horizonte;<\/p>\n<p>9. Lei Federal 13.022\/2014; Estatuto Geral das Guardas Municipais<\/p>\n<p>10. Lei Municipal 11.154\/2019 \u2013 Plano de Carreira da Guarda Civil Municipal;<\/p>\n<p>11. Lei Federal 10.826\/2003 \u2013 Estatuto do Desarmamento. Disp\u00f5e sobre registro, posse e comercializa\u00e7\u00e3o de armas de<br>\nfogo e muni\u00e7\u00e3o, sobre o Sistema Nacional de Armas (Sinarm), define crimes e d\u00e1 outras provid\u00eancias.<br>\n11.1. Cap\u00edtulos I, II e III<\/p>\n<p>12. Decreto Federal n\u00ba 5.123\/2004. Regulamenta a Lei no 10.826, de 22 de dezembro de 2003, que disp\u00f5e sobre<br>\nregistro, posse e comercializa\u00e7\u00e3o de armas de fogo e muni\u00e7\u00e3o, sobre o Sistema Nacional de Armas \u2013 SINARM e<br>\ndefine crimes.<br>\n12.1 Cap\u00edtulo I<br>\n12.1 Cap\u00edtulo III<\/p>\n<p>13. LEI N\u00ba 13.675, DE 11 DE JUNHO DE 2018. Disciplina a organiza\u00e7\u00e3o e o funcionamento dos \u00f3rg\u00e3os respons\u00e1veis pela seguran\u00e7a p\u00fablica, nos termos do \u00a7 7\u00ba do art. 144 da Constitui\u00e7\u00e3o Federal; cria a Pol\u00edtica Nacional de Seguran\u00e7a P\u00fablica e Defesa Social (PNSPDS); institui o Sistema \u00danico de Seguran\u00e7a P\u00fablica (Susp); altera a Lei Complementar n\u00ba 79, de 7 de janeiro de 1994, a Lei n\u00ba 10.201, de 14 de fevereiro de 2001, e a Lei n\u00ba 11.530, de 24 de outubro de 2007; e revoga dispositivos da Lei n\u00ba 12.681, de 4 de julho de 2012.<br>\n13.1. Cap\u00edtulos II e III<\/p>\n<p>14. Lei 4898\/65- Lei de Abuso e Autoridade<\/p>\n<p>15. Lei n\u00ba 2.848\/1940 \u2013 C\u00f3digo Penal<br>\n15.1. Parte Geral, T\u00edtulos, I, II, III e IV<br>\n15.2. Parte Especial, T\u00edtulo XI \u2013 Dos Crimes Praticados por Funcion\u00e1rio P\u00fablico Contra a Administra\u00e7\u00e3o em Geral,<br>\nart. 312 ao 327, incisos, par\u00e1grafos e suas atualiza\u00e7\u00f5es.<\/p>\n<p><span style=\"text-decoration: underline;\"><strong>\u21d2 Inform\u00e1tica<\/strong><\/span><\/p>\n<p>1. Conhecimento do sistema operacional Microsoft Windows 7: arquivos, pastas (diret\u00f3rios) e opera\u00e7\u00f5es com arquivos; seguran\u00e7a, antiv\u00edrus e atualiza\u00e7\u00e3o (Windows Update). Utiliza\u00e7\u00e3o do Windows Explorer: copiar, mover e excluir arquivos; criar pastas e subpastas no Windows 7.<\/p>\n<p>2. Conhecimento do editor de textos Microsoft Word 2007: criar, salvar, editar e apagar documentos; sum\u00e1rio e \u00edndice; formata\u00e7\u00e3o e impress\u00e3o.<\/p>\n<p>3. Microsoft Excel 2007: Elabora\u00e7\u00e3o de planilhas e gr\u00e1ficos (criar, salvar, editar e apagar), c\u00e1lculos, f\u00f3rmulas, manipula\u00e7\u00e3o de planilhas e impress\u00e3o.<\/p>\n<p>4. Conhecimento de Internet e do Internet Explorer 11 para Windows 7;<\/p>\n<p>5. Opera\u00e7\u00f5es de correio eletr\u00f4nico no Microsoft Office Outlook 2007: receber e enviar mensagens; anexos; cat\u00e1logo de endere\u00e7os; organiza\u00e7\u00e3o das mensagens.<\/p>\n<p><a href=\"https:\/\/www.novaconcursos.com.br\/portal\/wp-content\/uploads\/2018\/02\/edital-Guarda-Civil-Municipal-de-BH-MG.pdf\" target=\"_blank\" rel=\"noopener noreferrer\">\u2192 Confira no\u00a0<span style=\"text-decoration: underline;\"><span style=\"color: #0000ff;\"><strong>edital<\/strong><\/span><\/span>\u00a0todas as sugest\u00f5es bibliogr\u00e1ficas para a realiza\u00e7\u00e3o do exame!<\/a><\/p>\n<p><span style=\"text-decoration: underline;\"><strong>\u21d2\u00a0Geografia Urbana<\/strong><\/span><\/p>\n<p>1. O Munic\u00edpio de Belo Horizonte<br>\n1.1. Concep\u00e7\u00e3o urban\u00edstica: tra\u00e7ado e caracter\u00edsticas principais das vias e seus nomes.<br>\n1.2. Caracter\u00edsticas f\u00edsicas e espaciais: dimens\u00e3o territorial, a topografia e suas restri\u00e7\u00f5es e influ\u00eancias.<\/p>\n<p>2. A Metr\u00f3pole mineira<br>\n2.1. A expans\u00e3o da cidade al\u00e9m dos limites da Av. do Contorno e periferiza\u00e7\u00e3o.<br>\n2.2. O surgimento da Regi\u00e3o Metropolitana de Belo Horizonte (RMBH): munic\u00edpios lim\u00edtrofes e conturba\u00e7\u00e3o.<br>\n2.3. As principais rodovias (federais e estaduais) de acesso aos munic\u00edpios da RMBH.<\/p>\n<p>3. Belo Horizonte e sua gest\u00e3o territorial<br>\n3.1. As Regi\u00f5es Administrativas da Prefeitura de Belo Horizonte: localiza\u00e7\u00e3o geogr\u00e1fica e principais bairros.<br>\n3.2. Novo Plano Diretor: caracter\u00edsticas gerais, diretrizes norteadoras.<br>\n3.2.1. Cap\u00edtulo III<\/p>\n<p>4. Belo Horizonte e principais problemas ambientais<br>\n4.1. Enchentes: principais \u00e1reas de inunda\u00e7\u00f5es; causas e consequ\u00eancias.<br>\n4.2. \u00c1reas de risco geol\u00f3gico e medidas de preven\u00e7\u00e3o.<\/p>\n<p>5. A viol\u00eancia urbana em Belo Horizonte e munic\u00edpios circunvizinhos<br>\n5.1. A concentra\u00e7\u00e3o espacial da viol\u00eancia: caracter\u00edsticas e fatores relacionados.<br>\n5.2. Atividades criminosas: gangues juvenis e atua\u00e7\u00e3o de grupos armados.<\/p>\n<p>6. Principais problemas sociais da Metr\u00f3pole<br>\n6.1. Exclus\u00e3o social: aspectos gerais, fatores, din\u00e2micas e interfaces.<br>\n6.2. Mobilidade urbana: caracter\u00edsticas dos movimentos espaciais di\u00e1rios da popula\u00e7\u00e3o (pendularidade)<br>\ncongestionamento das vias p\u00fablicas.<br>\n6.3. Popula\u00e7\u00e3o em situa\u00e7\u00e3o de rua: caracter\u00edsticas gerais e suas principais reivindica\u00e7\u00f5es.<\/p>\n<p>7. O turismo na capital mineira<br>\n7.1. Principais pontos tur\u00edsticos e monumentos.<br>\n7.2. Grandes eventos culturais e locais de realiza\u00e7\u00e3o.<br>\n7.3. Os bairros bo\u00eamios de Belo Horizonte: concentra\u00e7\u00e3o espacial e principais vias.<\/p>\n<p><span style=\"text-decoration: underline;\"><strong>\u21d2\u00a0Hist\u00f3ria de Belo Horizonte<\/strong><\/span><\/p>\n<p>1 Forma\u00e7\u00e3o da Cidade de Belo Horizonte<br>\n1.1. Ideias republicanas e a experi\u00eancia urban\u00edstica de Belo Horizonte<br>\n1.2. A Capital planejada da Rep\u00fablica<br>\n1.3. Mecanismos de controle social e desafios da moderniza\u00e7\u00e3o capitalista<\/p>\n<p>2 Modernidade em Belo Horizonte<br>\n2.1. Moderniza\u00e7\u00e3o Urbana no Governo de JK.<br>\n2.2. A Cidade Moderna.<br>\n2.3. Cultura e Artes em Belo Horizonte.<br>\n2.4. O lugar de Belo Horizonte entre as capitais brasileiras.<\/p>\n<p>3 Belo Horizonte Contempor\u00e2nea<br>\n3.1. Favelas numa Capital Planejada e Urbaniza\u00e7\u00e3o em Belo Horizonte.<br>\n3.2. Desafios da Seguran\u00e7a P\u00fablica Municipal<br>\n3.3. Patrim\u00f4nio Cultural de Belo Horizonte<\/p>\n<p style=\"text-align: center;\"><span style=\"text-decoration: underline;\"><span style=\"color: #0000ff;\"><strong><a style=\"color: #0000ff; text-decoration: underline;\" href=\"https:\/\/www.novaconcursos.com.br\/concurso\/prefeitura-de-belo-horizonte-mg\/apostila?promo_name=guarda-municipal-de-belo-horizonte-mg-blog&amp;promo_id=1&amp;promo_creative=link-cai-na-prova-guarda-municipal-de-belo-horizonte-mg&amp;promo_position=guarda-municipal-de-belo-horizonte-mg\" target=\"_blank\" rel=\"noopener noreferrer\">\u00bb Prepare-se com a Apostila\u00a0Guarda Municipal de Belo Horizonte \u2013 MG + 2 B\u00d4NUS (GR\u00c1TIS)\u00a0\u00ab<\/a><\/strong><\/span><\/span><\/p>","protected":false},"excerpt":{"rendered":"<p>O\u00a0edital do concurso da\u00a0Guarda Municipal de Belo Horizonte, capital do estado de Minas Gerais, foi divulgado!\u00a0J\u00e1 est\u00e1 com o foco total nos estudos? O documento conta com a oferta de 500 vagas para o n\u00edvel m\u00e9dio de escolaridade, com sal\u00e1rios de R$ 3,4 mil! \u00bb Prepare-se com a Apostila\u00a0Guarda Municipal de Belo Horizonte \u2013 MG [&hellip;]<\/p>\n","protected":false},"author":16,"featured_media":82726,"comment_status":"closed","ping_status":"closed","sticky":false,"template":"","format":"standard","meta":{"_acf_changed":false,"footnotes":"","_wp_rev_ctl_limit":""},"categories":[33508],"tags":[],"class_list":["post-82558","post","type-post","status-publish","format-standard","has-post-thumbnail","hentry","category-artigos"],"acf":[],"_links":{"self":[{"href":"https:\/\/www.novaconcursos.com.br\/portal\/wp-json\/wp\/v2\/posts\/82558","targetHints":{"allow":["GET"]}}],"collection":[{"href":"https:\/\/www.novaconcursos.com.br\/portal\/wp-json\/wp\/v2\/posts"}],"about":[{"href":"https:\/\/www.novaconcursos.com.br\/portal\/wp-json\/wp\/v2\/types\/post"}],"author":[{"embeddable":true,"href":"https:\/\/www.novaconcursos.com.br\/portal\/wp-json\/wp\/v2\/users\/16"}],"replies":[{"embeddable":true,"href":"https:\/\/www.novaconcursos.com.br\/portal\/wp-json\/wp\/v2\/comments?post=82558"}],"version-history":[{"count":5,"href":"https:\/\/www.novaconcursos.com.br\/portal\/wp-json\/wp\/v2\/posts\/82558\/revisions"}],"predecessor-version":[{"id":82730,"href":"https:\/\/www.novaconcursos.com.br\/portal\/wp-json\/wp\/v2\/posts\/82558\/revisions\/82730"}],"wp:featuredmedia":[{"embeddable":true,"href":"https:\/\/www.novaconcursos.com.br\/portal\/wp-json\/wp\/v2\/media\/82726"}],"wp:attachment":[{"href":"https:\/\/www.novaconcursos.com.br\/portal\/wp-json\/wp\/v2\/media?parent=82558"}],"wp:term":[{"taxonomy":"category","embeddable":true,"href":"https:\/\/www.novaconcursos.com.br\/portal\/wp-json\/wp\/v2\/categories?post=82558"},{"taxonomy":"post_tag","embeddable":true,"href":"https:\/\/www.novaconcursos.com.br\/portal\/wp-json\/wp\/v2\/tags?post=82558"}],"curies":[{"name":"wp","href":"https:\/\/api.w.org\/{rel}","templated":true}]}}