{"id":82832,"date":"2019-03-22T12:15:27","date_gmt":"2019-03-22T15:15:27","guid":{"rendered":"https:\/\/www.novaconcursos.com.br\/portal\/?p=82832"},"modified":"2024-11-08T15:34:47","modified_gmt":"2024-11-08T18:34:47","slug":"concurso-prefeitura-de-curitiba-pr-ultimas-horas-para-se-inscrever","status":"publish","type":"post","link":"https:\/\/www.novaconcursos.com.br\/portal\/noticias\/concurso-prefeitura-de-curitiba-pr-ultimas-horas-para-se-inscrever\/","title":{"rendered":"Concurso Prefeitura de Curitiba &#8211; PR: \u00daltimas horas para se inscrever!"},"content":{"rendered":"<p>Fique atento concurseiro! As <strong>inscri\u00e7\u00f5es<\/strong> do concurso <span style=\"text-decoration: underline;\"><span style=\"color: #0000ff;\"><a style=\"color: #0000ff; text-decoration: underline;\" href=\"https:\/\/www.novaconcursos.com.br\/concurso\/prefeitura-de-curitiba-pr\/apostila?promo_name=pref-de-curitiba-blog&amp;promo_id=1&amp;promo_creative=link-saiu-edital-pref-de-curitiba&amp;promo_position=pref-de-curitiba\" target=\"_blank\" rel=\"noopener\">Prefeitura de Curitiba<\/a><\/span><\/span>, no estado do <span style=\"text-decoration: underline;\"><span style=\"color: #0000ff;\"><a style=\"color: #0000ff; text-decoration: underline;\" href=\"https:\/\/www.novaconcursos.com.br\/portal\/concursos-abertos\/pr\/\" target=\"_blank\" rel=\"noopener\">Paran\u00e1<\/a><\/span><\/span>, ser\u00e3o encerradas \u00e0s <strong>17h do dia 24 de mar\u00e7o de 2019<\/strong>, no site da banca organizadora, <span style=\"text-decoration: underline;\"><span style=\"color: #0000ff;\"><a style=\"color: #0000ff; text-decoration: underline;\" href=\"http:\/\/portal.nc.ufpr.br\/PortalNC\/Home\" target=\"_blank\" rel=\"noopener\">NC\/UFPR<\/a><\/span><\/span>.<\/p>\n<p><strong>Para concorrer as vagas ofertadas<\/strong>, \u00e9 necess\u00e1rio o candidato efetuar o pagamento da <strong>taxa de inscri\u00e7\u00e3o<\/strong> nos valores de <strong>R$ 70,00 a R$ 200,00<\/strong>.<\/p>\n<p>S\u00e3o ofertadas <strong>77 vagas<\/strong> para cargos de <strong>n\u00edveis m\u00e9dio e superior<\/strong>. Os sal\u00e1rios variam <strong>R$ 1.692,27 a R$ 20.751,71<\/strong>, com jornadas de trabalho de <strong>30 e 40<\/strong> horas semanais.<\/p>\n<p>A<strong> avalia\u00e7\u00e3o<\/strong> dos candidatos ser\u00e1 mediante <strong>prova objetiva<\/strong>, realizada no dia <strong>05 de maio de 2019<\/strong>. Ocorrer\u00e1 ainda <strong>prova de t\u00edtulos<\/strong> para os cargos de n\u00edvel superior, <strong>prova discursiva<\/strong> para o cargo de Procurador e <strong>prova de desenvolvimento did\u00e1tico<\/strong> para o cargo de Professor.<\/p>\n<p style=\"text-align: center;\"><strong><span style=\"text-decoration: underline;\"><span style=\"color: #0000ff;\"><a style=\"color: #0000ff; text-decoration: underline;\" href=\"https:\/\/www.novaconcursos.com.br\/concurso\/prefeitura-de-curitiba-pr\/apostila?promo_name=pref-de-curitiba-blog&amp;promo_id=1&amp;promo_creative=link-saiu-edital-pref-de-curitiba&amp;promo_position=pref-de-curitiba\" target=\"_blank\" rel=\"noopener\">\u00bb Prepare-se com a Apostila\u00a0Prefeitura de Curitiba \u2013 PR + Curso\u00a0Portugu\u00eas (GR\u00c1TIS)\u00a0\u00ab<\/a><\/span><\/span><\/strong><\/p>\n<p>A <strong><span style=\"text-decoration: underline;\"><span style=\"color: #0000ff;\"><a style=\"color: #0000ff; text-decoration: underline;\" href=\"https:\/\/www.novaconcursos.com.br\" target=\"_blank\" rel=\"noopener\">Nova\u2002Concursos<\/a><\/span><\/span><\/strong> tem ajudado h\u00e1 mais de 10 anos quem quer vencer a batalha do concurso p\u00fablico. Se voc\u00ea quer aumentar as suas chances de passar, conhe\u00e7a os nossos materiais, acessando o nosso site!<\/p>","protected":false},"excerpt":{"rendered":"<p>Fique atento concurseiro! As inscri\u00e7\u00f5es do concurso Prefeitura de Curitiba, no estado do Paran\u00e1, ser\u00e3o encerradas \u00e0s 17h do dia 24 de mar\u00e7o de 2019, no site da banca organizadora, NC\/UFPR. Para concorrer as vagas ofertadas, \u00e9 necess\u00e1rio o candidato efetuar o pagamento da taxa de inscri\u00e7\u00e3o nos valores de R$ 70,00 a R$ 200,00. [&hellip;]<\/p>\n","protected":false},"author":16,"featured_media":82842,"comment_status":"closed","ping_status":"closed","sticky":false,"template":"","format":"standard","meta":{"_acf_changed":false,"footnotes":"","_wp_rev_ctl_limit":""},"categories":[228],"tags":[34723,32535,30306,35813,36260,35812],"class_list":["post-82832","post","type-post","status-publish","format-standard","has-post-thumbnail","hentry","category-noticias","tag-certame-prefeitura-de-curitiba-pr","tag-concurso-prefeitura-de-curitiba-pr","tag-curitiba-pr","tag-inscricoes-do-concurso-prefeitura-de-curitiba-pr","tag-inscricoes-encerrando-prefeitura-de-curitiba-pr","tag-prefeitura-de-curitiba-pr"],"acf":[],"_links":{"self":[{"href":"https:\/\/www.novaconcursos.com.br\/portal\/wp-json\/wp\/v2\/posts\/82832","targetHints":{"allow":["GET"]}}],"collection":[{"href":"https:\/\/www.novaconcursos.com.br\/portal\/wp-json\/wp\/v2\/posts"}],"about":[{"href":"https:\/\/www.novaconcursos.com.br\/portal\/wp-json\/wp\/v2\/types\/post"}],"author":[{"embeddable":true,"href":"https:\/\/www.novaconcursos.com.br\/portal\/wp-json\/wp\/v2\/users\/16"}],"replies":[{"embeddable":true,"href":"https:\/\/www.novaconcursos.com.br\/portal\/wp-json\/wp\/v2\/comments?post=82832"}],"version-history":[{"count":2,"href":"https:\/\/www.novaconcursos.com.br\/portal\/wp-json\/wp\/v2\/posts\/82832\/revisions"}],"predecessor-version":[{"id":259894,"href":"https:\/\/www.novaconcursos.com.br\/portal\/wp-json\/wp\/v2\/posts\/82832\/revisions\/259894"}],"wp:featuredmedia":[{"embeddable":true,"href":"https:\/\/www.novaconcursos.com.br\/portal\/wp-json\/wp\/v2\/media\/82842"}],"wp:attachment":[{"href":"https:\/\/www.novaconcursos.com.br\/portal\/wp-json\/wp\/v2\/media?parent=82832"}],"wp:term":[{"taxonomy":"category","embeddable":true,"href":"https:\/\/www.novaconcursos.com.br\/portal\/wp-json\/wp\/v2\/categories?post=82832"},{"taxonomy":"post_tag","embeddable":true,"href":"https:\/\/www.novaconcursos.com.br\/portal\/wp-json\/wp\/v2\/tags?post=82832"}],"curies":[{"name":"wp","href":"https:\/\/api.w.org\/{rel}","templated":true}]}}