{"id":82867,"date":"2019-03-22T18:02:43","date_gmt":"2019-03-22T21:02:43","guid":{"rendered":"https:\/\/www.novaconcursos.com.br\/portal\/?p=82867"},"modified":"2025-12-11T17:15:19","modified_gmt":"2025-12-11T20:15:19","slug":"concurso-tj-mg-2a-instancia-comissao-examinadora-formada","status":"publish","type":"post","link":"https:\/\/www.novaconcursos.com.br\/portal\/noticias\/concurso-tj-mg-2a-instancia-comissao-examinadora-formada\/","title":{"rendered":"Concurso TJ-MG 2\u00aa Inst\u00e2ncia: Comiss\u00e3o examinadora formada!"},"content":{"rendered":"<p>Boa not\u00edcia aos <strong>concurseiros mineiros!<\/strong> O novo <a href=\"https:\/\/www.novaconcursos.com.br\/\" target=\"_blank\" rel=\"noopener noreferrer\">concurso<\/a> do <strong>Tribunal de Justi\u00e7a de <span style=\"text-decoration: underline; color: #0000ff;\"><a style=\"color: #0000ff; text-decoration: underline;\" href=\"https:\/\/www.novaconcursos.com.br\/concursos\/mg\" target=\"_blank\" rel=\"noopener noreferrer\">Minas Gerais<\/a><\/span> (<a href=\"https:\/\/www.novaconcursos.com.br\/portal\/concursos\/concurso-tj-mg\/\" target=\"_blank\" rel=\"noreferrer noopener\">TJ-MG<\/a>)<\/strong> j\u00e1 possui <strong>comiss\u00e3o examinadora<\/strong> formada!<\/p>\n\n\n\n<figure><iframe loading=\"lazy\" width=\"840\" height=\"472\" src=\"https:\/\/www.youtube.com\/embed\/V64DxgIIu6A?rel=0\" allowfullscreen=\"\"><\/iframe><\/figure><p><span style=\"color: #0000ff;\"><a style=\"color: #0000ff;\" href=\"https:\/\/www.novaconcursos.com.br\/portal\/concursos\/concurso-tj-mg-2a-instancia-comissao-examinadora-definida\/\" target=\"_blank\" rel=\"noopener noreferrer\">\u21d2 Confira todas as informa\u00e7\u00f5es na p\u00e1gina do concurso TJ-MG 2\u00aa Inst\u00e2ncia!<\/a><\/span><\/p>\n\n\n\n<p>A informa\u00e7\u00e3o foi divulgada no dia <strong>20 de mar\u00e7o<\/strong>, quando a presid\u00eancia do Tribunal assinou uma portaria nomeando tr\u00eas desembargadores e dois representantes da OAB para acompanhar todo o andamento do concurso.<\/p>\n\n\n\n<p>O certame visa o preenchimento de cargos na <strong>estrutura administrativa da 2\u00aa inst\u00e2ncia da corte<\/strong>. As oportunidades ser\u00e3o para candidatos de <strong>n\u00edvel m\u00e9dio e superior.<\/strong><span style=\"text-decoration: underline; color: #0000ff;\"><\/span><\/p>\n\n\n\n<p><strong><span style=\"color: #000000;\">Previs\u00e3o do edital<\/span><\/strong><\/p>\n\n\n\n<p>O novo <strong>concurso TJ-MG para 2\u00aa Inst\u00e2ncia<\/strong> encontra-se em est\u00e1gio avan\u00e7ado de planejamento, uma vez que j\u00e1 divulgou o extrato do<strong> contrato com a banca organizadora<\/strong>, o Instituto Brasileiro de Forma\u00e7\u00e3o e Capacita\u00e7\u00e3o (<strong>IBFC<\/strong>).<\/p>\n\n\n\n<p>A expectativa \u00e9 de que a <strong>publica\u00e7\u00e3o do edital<\/strong> venha a acontecer j\u00e1 nas <strong>pr\u00f3ximas semanas.<\/strong><\/p>\n\n\n\n<p><span style=\"color: #000000;\"><strong>Vagas e sal\u00e1rios<\/strong><\/span><\/p>\n\n\n\n<p>O <strong>TJ-MG<\/strong> ainda n\u00e3o divulgou o <strong>quantitativo de vagas<\/strong> que ser\u00e3o oferecidas no edital. Contudo, sabe-se que as chances ser\u00e3o para os <strong>seguintes cargos:<\/strong><\/p>\n\n\n\n<p>\u2666 <span style=\"text-decoration: underline;\">N\u00edvel M\u00e9dio \u2013 Oficial Judici\u00e1rio (classe D)<\/span>: Assistente T\u00e9cnico do Controle Financeiro, Assistente T\u00e9cnico de Sistemas, Desenhista\/Projetista, Oficial Judici\u00e1rio;<\/p>\n\n\n\n<p>\u2666 <span style=\"text-decoration: underline;\">N\u00edvel Superior \u2013 T\u00e9cnico Judici\u00e1rio (classe C)<\/span>: Administrador de Banco de Dados, Administrador de Rede, Analista de Recursos Humanos, Analista de Sistemas, Arquiteto, Assistente Social, Bibliotec\u00e1rio, Cirurgi\u00e3o Dentista, Contador, Enfermeiro, Engenheiro Eletricista, Engenheiro Mec\u00e2nico, Jornalista, Rela\u00e7\u00f5es P\u00fablicas, T\u00e9cnico Judici\u00e1rio e M\u00e9dico.<\/p>\n\n\n\n<p>O <strong>valor dos sal\u00e1rios<\/strong> ainda n\u00e3o foi confirmado pelo Tribunal.<\/p>\n\n\n\n<figure class=\"wp-block-image\"><img decoding=\"async\" width=\"1024\" height=\"531\" src=\"https:\/\/www.novaconcursos.com.br\/portal\/wp-content\/uploads\/2019\/04\/tj-1024x531.jpg\" alt=\"\" class=\"wp-image-84520\" loading=\"lazy\" title=\"\"><\/figure><p><span style=\"color: #000000;\"><strong>\u00daltimo concurso<\/strong><\/span><\/p>\n\n\n\n<p>O \u00faltimo certame aconteceu em <strong>2011<\/strong> e contou com oferta de vagas para os cargos de T\u00e9cnico Judici\u00e1rio, especialidade M\u00e9dica, as Comarcas-Sede dos P\u00f3los Regionais de Sa\u00fade.<\/p>\n\n\n\n<p>A banca organizadora foi a Funda\u00e7\u00e3o Mariana Resende Costa (<strong>FUMARC<\/strong>) e os candidatos foram avaliados por meio de <strong>provas objetivas e de reda\u00e7\u00e3o<\/strong>, para alguns cargos.<\/p>\n\n\n\n<p>A prova objetiva foi <strong>composta por quest\u00f5es<\/strong> sobre as disciplinas de L\u00edngua Portuguesa, No\u00e7\u00f5es de Inform\u00e1tica, No\u00e7\u00f5es de Direito, Atos do Of\u00edcio (para o cargo de Oficial Judici\u00e1rio) e Conhecimentos espec\u00edficos (de acordo com a especialidade).<\/p>\n\n\n\n<p class=\"has-text-align-center\"><span style=\"text-decoration: underline; color: #0000ff;\"><strong><a style=\"color: #0000ff; text-decoration: underline;\" href=\"https:\/\/www.novaconcursos.com.br\/concurso\/tj-mg-tribunal-de-justica-de-minas-gerais\/apostila?promo_name=tj-mg-blog&amp;promo_id=1&amp;promo_creative=link-edital-iminente-tj-mg&amp;promo_position=tj-mg\" target=\"_blank\" rel=\"noopener noreferrer\">\u00bb Prepare-se com a Apostila\u00a0TJ-MG +\u00a04 B\u00d4NUS (GR\u00c1TIS)\u00a0\u00ab<\/a><\/strong><\/span><\/p>","protected":false},"excerpt":{"rendered":"<p>Boa not\u00edcia aos concurseiros mineiros! O novo concurso do Tribunal de Justi\u00e7a de Minas Gerais (TJ-MG) j\u00e1 possui comiss\u00e3o examinadora formada! \u21d2 Confira todas as informa\u00e7\u00f5es na p\u00e1gina do concurso TJ-MG 2\u00aa Inst\u00e2ncia! A informa\u00e7\u00e3o foi divulgada no dia 20 de mar\u00e7o, quando a presid\u00eancia do Tribunal assinou uma portaria nomeando tr\u00eas desembargadores e dois [&hellip;]<\/p>\n","protected":false},"author":16,"featured_media":0,"comment_status":"closed","ping_status":"closed","sticky":false,"template":"","format":"standard","meta":{"_acf_changed":false,"footnotes":"","_wp_rev_ctl_limit":""},"categories":[228],"tags":[34617,12044,36274,22506,36273,36271,36272,36275],"class_list":["post-82867","post","type-post","status-publish","format-standard","hentry","category-noticias","tag-banca-organizadora-concurso-tj-mg-2a-instancia","tag-concurso-tj-mg","tag-concurso-tj-mg-2019","tag-concurso-tj-mg-2a-instancia","tag-concurso-tj-mg-2a-instancia-2019","tag-concurso-tribunal-de-justica-de-minas-gerais-2a-instancia","tag-concurso-tribunal-de-justica-de-minas-gerais-2a-instancia-2019","tag-edital-concurso-tj-mg-2a-instancia"],"acf":[],"_links":{"self":[{"href":"https:\/\/www.novaconcursos.com.br\/portal\/wp-json\/wp\/v2\/posts\/82867","targetHints":{"allow":["GET"]}}],"collection":[{"href":"https:\/\/www.novaconcursos.com.br\/portal\/wp-json\/wp\/v2\/posts"}],"about":[{"href":"https:\/\/www.novaconcursos.com.br\/portal\/wp-json\/wp\/v2\/types\/post"}],"author":[{"embeddable":true,"href":"https:\/\/www.novaconcursos.com.br\/portal\/wp-json\/wp\/v2\/users\/16"}],"replies":[{"embeddable":true,"href":"https:\/\/www.novaconcursos.com.br\/portal\/wp-json\/wp\/v2\/comments?post=82867"}],"version-history":[{"count":9,"href":"https:\/\/www.novaconcursos.com.br\/portal\/wp-json\/wp\/v2\/posts\/82867\/revisions"}],"predecessor-version":[{"id":300464,"href":"https:\/\/www.novaconcursos.com.br\/portal\/wp-json\/wp\/v2\/posts\/82867\/revisions\/300464"}],"wp:attachment":[{"href":"https:\/\/www.novaconcursos.com.br\/portal\/wp-json\/wp\/v2\/media?parent=82867"}],"wp:term":[{"taxonomy":"category","embeddable":true,"href":"https:\/\/www.novaconcursos.com.br\/portal\/wp-json\/wp\/v2\/categories?post=82867"},{"taxonomy":"post_tag","embeddable":true,"href":"https:\/\/www.novaconcursos.com.br\/portal\/wp-json\/wp\/v2\/tags?post=82867"}],"curies":[{"name":"wp","href":"https:\/\/api.w.org\/{rel}","templated":true}]}}