{"id":83360,"date":"2019-04-02T18:00:19","date_gmt":"2019-04-02T21:00:19","guid":{"rendered":"https:\/\/www.novaconcursos.com.br\/portal\/?post_type=nc-public-tender&#038;p=83360"},"modified":"2024-12-16T10:21:38","modified_gmt":"2024-12-16T13:21:38","slug":"concurso-cref-4o-regiao","status":"publish","type":"post","link":"https:\/\/www.novaconcursos.com.br\/portal\/concursos\/concurso-cref-4o-regiao\/","title":{"rendered":"Concurso CREF 4\u00aa Regi\u00e3o"},"content":{"rendered":"<p>Foi divulgado o edital do concurso do <strong>Conselho Regional de Educa\u00e7\u00e3o F\u00edsica de S\u00e3o Paulo (CREF 4\u00aa Regi\u00e3o)<\/strong>. O certame oferta <strong>21 vagas<\/strong> para os <strong>n\u00edveis m\u00e9dio, t\u00e9cnico e superior<\/strong>, com sal\u00e1rios de at\u00e9 <strong>R$ 6,5 mil<\/strong>.<\/p>\n<p style=\"text-align: center;\"><strong><span style=\"text-decoration: underline;\"><span style=\"color: #0000ff;\"><a style=\"color: #0000ff; text-decoration: underline;\" href=\"https:\/\/www.novaconcursos.com.br\/concurso\/cref-4-regiao-sp-conselho-regional-de-educacao-fisica-da-4-regiao\/apostila?promo_name=blog&amp;promo_id=link&amp;promo_position=topo&amp;promo_creative=saiu-edital-cref4-sp\" target=\"_blank\" rel=\"noopener noreferrer\">\u00bb Prepare-se com a Apostila\u00a0CREF 4\u00aa Regi\u00e3o\u00a0+ 3 B\u00d4NUS (GR\u00c1TIS)\u00a0\u00ab<\/a><\/span><\/span><\/strong><\/p>\n<h2 id=\"como-fazer-a-inscrio-no-concurso-cref-4-regio\">Como fazer a inscri\u00e7\u00e3o no concurso CREF 4\u00aa Regi\u00e3o?<\/h2>\n<p>Os interessados poder\u00e3o se inscrever no per\u00edodo entre os dias<strong> 1\u00ba de abril a 2 de maio de 2019<\/strong> no site da banca organizadora, o <span style=\"text-decoration: underline;\"><a href=\"https:\/\/www.institutomais.org.br\/Concursos\/Detalhe\/323\" target=\"_blank\" rel=\"noopener noreferrer\">Instituto Mais<\/a><\/span>. As taxas s\u00e3o as seguintes: para o <strong>n\u00edvel m\u00e9dio<\/strong> \u00e9 de<strong> R$ 48,00<\/strong>, enquanto que para o <strong>n\u00edvel superior<\/strong>, o valor \u00e9 de <strong>R$ 57,00<\/strong>.<\/p>\n<h2 id=\"quem-pode-fazer-o-concurso-cref-4-regio\">Quem pode fazer o concurso CREF 4\u00aa Regi\u00e3o?<\/h2>\n<p>As oportunidades s\u00e3o as seguintes:<\/p>\n<p>\u2013 <strong>N\u00edvel M\u00e9dio\/T\u00e9cnico<\/strong>: Atendente de Unidade M\u00f3vel, Motorista, Oficial Administrativo, Operador de Teleatendimento, T\u00e9cnico de Inform\u00e1tica (Suporte de Redes e Manuten\u00e7\u00e3o);<\/p>\n<p>\u2013 <strong>N\u00edvel Superior<\/strong>: Agente de Orienta\u00e7\u00e3o e Fiscaliza\u00e7\u00e3o, Analista Cont\u00e1bil, Analista de Infraestrutura de TI, Analista de Licita\u00e7\u00e3o e Contratos, Analista de Marketing e Comunica\u00e7\u00e3o, Analista de Recursos Humanos, Analista de Sistemas de TI, Analista T\u00e9cnico em Educa\u00e7\u00e3o F\u00edsica, Controlador Interno, Ouvidor.<\/p>\n<p>Os sal\u00e1rios variam de <strong>R$ 2.255,72 a R$ 6.552,34<\/strong>, em jornadas de 40 horas semanais.<\/p>\n<h2 id=\"quais-so-os-requisitos-bsicos-do-concurso-cref-sp\">Quais s\u00e3o os requisitos b\u00e1sicos do concurso CREF SP?<\/h2>\n<p>\u2022 Ter sido aprovado e classificado neste Concurso P\u00fablico;<\/p>\n<p>\u2022 Ter nacionalidade brasileira ou portuguesa, amparada pelo Estatuto da Igualdade entre Brasileiros e Portugueses, conforme o disposto nos termos do Par\u00e1grafo 1\u00ba, Artigo 12, da Constitui\u00e7\u00e3o Federal, e do Decreto Federal n\u00ba 70.436\/72, ou ser naturalizado brasileiro conforme legisla\u00e7\u00e3o vigente no pa\u00eds at\u00e9 a data da contrata\u00e7\u00e3o;<\/p>\n<p>\u2022 Ter completado 18 (dezoito) anos de idade, quando da contrata\u00e7\u00e3o;<\/p>\n<p>\u2022 Encontrar-se em dia no cumprimento das obriga\u00e7\u00f5es militares na data da contrata\u00e7\u00e3o;<\/p>\n<p>\u2022 Estar quite com a Justi\u00e7a Eleitoral na data da contrata\u00e7\u00e3o;<\/p>\n<p>\u2022 Possuir os requisitos m\u00ednimos exigidos para o Emprego Efetivo;<\/p>\n<p>\u2022 Apresentar a documenta\u00e7\u00e3o comprobat\u00f3ria de acordo com as exig\u00eancias acima, por ocasi\u00e3o da convoca\u00e7\u00e3o, que antecede a Admiss\u00e3o;<\/p>\n<p>\u2022 N\u00e3o registrar antecedentes criminais, que impliquem perda ou \u00f3bice para assumir Cargo ou Emprego P\u00fablico, oriundos de senten\u00e7a transitada em julgado ou demonstrar o cumprimento integral das penas que tenham sido cominadas;<\/p>\n<p>\u2022 N\u00e3o ter sofrido, no exerc\u00edcio da fun\u00e7\u00e3o p\u00fablica, penalidade incompat\u00edvel com nova investidura em Cargo\/Emprego P\u00fablico;<\/p>\n<p>\u2022 N\u00e3o se encontrar acumulando Cargo, Emprego ou Fun\u00e7\u00e3o P\u00fablica em desconformidade com as hip\u00f3teses de acumula\u00e7\u00e3o l\u00edcitas previstas em Lei e na Constitui\u00e7\u00e3o Federal;<\/p>\n<p>\u2022 Ter aptid\u00e3o f\u00edsica e mental para o exerc\u00edcio das atribui\u00e7\u00f5es do Emprego Efetivo, comprovada mediante sujei\u00e7\u00e3o a Exame de Sa\u00fade admissional a ser realizado pelo servi\u00e7o m\u00e9dico credenciado pelo Conselho Regional de Educa\u00e7\u00e3o F\u00edsica da 4\u00aa Regi\u00e3o;<\/p>\n<p>\u2022 N\u00e3o receber, nos termos do Artigo 37, \u00a710, da Constitui\u00e7\u00e3o Federal, proventos de aposentadoria decorrentes do Artigo 40 ou dos Artigos 42 e 142 da Constitui\u00e7\u00e3o Federal, ressalvados os Cargos acumul\u00e1veis na forma da referida Constitui\u00e7\u00e3o.<\/p>\n<h2 id=\"como-ser-a-prova-do-concurso-crefsp\">Como ser\u00e1 a prova do concurso CREF-SP?<\/h2>\n<p>Os candidatos ser\u00e3o avaliados mediante <strong>provas objetivas<\/strong>, previstas para o dia <strong>6 de outubro de 2019<\/strong>.<\/p>\n<p>O <strong>conte\u00fado program\u00e1tico<\/strong> ter\u00e1 as disciplinas de L\u00edngua Portuguesa, Matem\u00e1tica e Racioc\u00ednio L\u00f3gico, Atualidades, No\u00e7\u00f5es de Inform\u00e1tica, No\u00e7\u00f5es B\u00e1sicas de Legisla\u00e7\u00e3o do Sistema CONFEF\/CREFS e Conhecimentos Espec\u00edficos, a depender do cargo escolhido.<\/p>\n<p style=\"text-align: center;\"><span style=\"text-decoration: underline;\"><span style=\"color: #0000ff;\"><strong><a style=\"color: #0000ff; text-decoration: underline;\" href=\"https:\/\/www.novaconcursos.com.br\/concurso\/cref-4-regiao-sp-conselho-regional-de-educacao-fisica-da-4-regiao\/apostila?promo_name=blog&amp;promo_id=link&amp;promo_position=topo&amp;promo_creative=saiu-edital-cref4-sp\" target=\"_blank\" rel=\"noopener noreferrer\">\u00bb Prepare-se com a Apostila\u00a0CREF 4\u00aa Regi\u00e3o\u00a0+ 3 B\u00d4NUS (GR\u00c1TIS)\u00a0\u00ab<\/a><\/strong><\/span><\/span><\/p>","protected":false},"excerpt":{"rendered":"<p>Concurso do Conselho Regional de Educa\u00e7\u00e3o F\u00edsica de S\u00e3o Paulo (CREF 4\u00aa Regi\u00e3o): vagas para os n\u00edveis m\u00e9dio, t\u00e9cnico e superior e sal\u00e1rios de at\u00e9 R$ 6,5 mil.<\/p>\n","protected":false},"author":16,"featured_media":0,"comment_status":"closed","ping_status":"closed","sticky":false,"template":"","format":"standard","meta":{"_acf_changed":false,"footnotes":"","_wp_rev_ctl_limit":""},"categories":[44999],"tags":[],"class_list":["post-83360","post","type-post","status-publish","format-standard","hentry","category-concursos"],"acf":[],"_links":{"self":[{"href":"https:\/\/www.novaconcursos.com.br\/portal\/wp-json\/wp\/v2\/posts\/83360","targetHints":{"allow":["GET"]}}],"collection":[{"href":"https:\/\/www.novaconcursos.com.br\/portal\/wp-json\/wp\/v2\/posts"}],"about":[{"href":"https:\/\/www.novaconcursos.com.br\/portal\/wp-json\/wp\/v2\/types\/post"}],"author":[{"embeddable":true,"href":"https:\/\/www.novaconcursos.com.br\/portal\/wp-json\/wp\/v2\/users\/16"}],"replies":[{"embeddable":true,"href":"https:\/\/www.novaconcursos.com.br\/portal\/wp-json\/wp\/v2\/comments?post=83360"}],"version-history":[{"count":2,"href":"https:\/\/www.novaconcursos.com.br\/portal\/wp-json\/wp\/v2\/posts\/83360\/revisions"}],"predecessor-version":[{"id":265116,"href":"https:\/\/www.novaconcursos.com.br\/portal\/wp-json\/wp\/v2\/posts\/83360\/revisions\/265116"}],"wp:attachment":[{"href":"https:\/\/www.novaconcursos.com.br\/portal\/wp-json\/wp\/v2\/media?parent=83360"}],"wp:term":[{"taxonomy":"category","embeddable":true,"href":"https:\/\/www.novaconcursos.com.br\/portal\/wp-json\/wp\/v2\/categories?post=83360"},{"taxonomy":"post_tag","embeddable":true,"href":"https:\/\/www.novaconcursos.com.br\/portal\/wp-json\/wp\/v2\/tags?post=83360"}],"curies":[{"name":"wp","href":"https:\/\/api.w.org\/{rel}","templated":true}]}}