{"id":83488,"date":"2019-04-05T19:07:02","date_gmt":"2019-04-05T22:07:02","guid":{"rendered":"https:\/\/www.novaconcursos.com.br\/portal\/?p=83488"},"modified":"2019-04-05T21:12:59","modified_gmt":"2019-04-06T00:12:59","slug":"enem-o-que-e-necessario-para-pedir-a-isencao","status":"publish","type":"post","link":"https:\/\/www.novaconcursos.com.br\/portal\/noticias\/enem-o-que-e-necessario-para-pedir-a-isencao\/","title":{"rendered":"ENEM: O que \u00e9 necess\u00e1rio para pedir a isen\u00e7\u00e3o?"},"content":{"rendered":"<p>Se voc\u00ea vai prestar o <strong>Exame Nacional do Ensino M\u00e9dio (ENEM)<\/strong> em 2019, \u00e9 melhor ficar atento!\u00a0As solicita\u00e7\u00f5es de <strong>isen\u00e7\u00e3o da taxa de inscri\u00e7\u00e3o<\/strong> j\u00e1 est\u00e3o abertas!<\/p>\n<p>Confira todas as <strong>informa\u00e7\u00f5es necess\u00e1rias<\/strong> para garantir a isen\u00e7\u00e3o, e alcan\u00e7ar a t\u00e3o sonhada vaga na faculdade!<\/p>\n<p style=\"text-align: center;\"><span style=\"text-decoration: underline; color: #0000ff;\"><strong><a style=\"color: #0000ff; text-decoration: underline;\" href=\"https:\/\/www.novaconcursos.com.br\/concurso\/enem\/apostila?promo_name=enem-blog&amp;promo_id=1&amp;promo_creative=link-concurso-enem&amp;promo_position=enem\" target=\"_blank\" rel=\"noopener noreferrer\">\u00bb Prepare-se com a Apostila\u00a0ENEM + B\u00d4NUS (GR\u00c1TIS)\u00a0\u00ab<\/a><\/strong><\/span><\/p>\n<p><span style=\"color: #000000;\"><strong>Como pedir a isen\u00e7\u00e3o?<\/strong><\/span><\/p>\n<p>O pedido da isen\u00e7\u00e3o da taxa de inscri\u00e7\u00e3o j\u00e1 est\u00e1 aberto e segue at\u00e9 dia <strong>10 de abril de 2019<\/strong>. A solicita\u00e7\u00e3o deve ser feita atrav\u00e9s do <span style=\"text-decoration: underline; color: #0000ff;\"><a style=\"color: #0000ff; text-decoration: underline;\" href=\"https:\/\/enem.inep.gov.br\/participante\/#!\/isencao\" target=\"_blank\" rel=\"noopener noreferrer\">sistema Enem<\/a><\/span>.<\/p>\n<p>Vale ressaltar que no mesmo per\u00edodo e no mesmo site, os estudantes que tinham direito \u00e0 isen\u00e7\u00e3o e faltaram aos <strong>dois dias de prova em 2018<\/strong> dever\u00e3o justificar a aus\u00eancia se quiserem fazer o <strong>Enem 2019<\/strong> sem pagar a inscri\u00e7\u00e3o.<\/p>\n<p>O resultado da solicita\u00e7\u00e3o de isen\u00e7\u00e3o de taxa deve sair no dia <strong>17 de abril,<\/strong> na P\u00e1gina do Participante. Se o pedido for negado, ainda <strong>\u00e9 poss\u00edvel recorrer entre 2 e 26 de abril<\/strong>, quando o interessado ter\u00e1 a oportunidade de apresentar novos documentos.<\/p>\n<p>A aprova\u00e7\u00e3o da solicita\u00e7\u00e3o n\u00e3o significa que o candidato est\u00e1 inscrito no exame. As inscri\u00e7\u00f5es iniciam das <strong>10h<\/strong> do dia <strong>06 de maio<\/strong> e terminam \u00e0s <strong>23h59min de 17 de maio.<\/strong><\/p>\n<p><span style=\"color: #000000;\">Quem pode pedir isen\u00e7\u00e3o?<\/span><\/p>\n<p>Ser\u00e1 isento o <strong>participante que:<\/strong><\/p>\n<p>\u2013 Esteja cursando a \u00faltima s\u00e9rie do ensino m\u00e9dio neste ano em escola da rede p\u00fablica;<\/p>\n<p>\u2013 Tenha cursado todo o ensino m\u00e9dio em escola da rede p\u00fablica ou como bolsista integral na rede privada e tenha renda per capita igual ou inferior a um sal\u00e1rio m\u00ednimo e meio;<\/p>\n<p>\u2013 Declare estar em situa\u00e7\u00e3o de vulnerabilidade socioecon\u00f4mica, por ser membro de fam\u00edlia de baixa renda e que esteja inscrito no Cadastro \u00danico para Programas Sociais do Governo Federal;<\/p>\n<p>Importante lembrar que para todos os casos de solicita\u00e7\u00e3o de isen\u00e7\u00e3o da taxa de inscri\u00e7\u00e3o, o participante dever\u00e1 ter <strong>documentos que comprovem a condi\u00e7\u00e3o declarada.<\/strong> A falta deles implica na elimina\u00e7\u00e3o do exame e em ter que responder por crime contra a f\u00e9 p\u00fablica.<\/p>\n<p style=\"text-align: center;\"><span style=\"text-decoration: underline; color: #0000ff;\"><strong><a style=\"color: #0000ff; text-decoration: underline;\" href=\"https:\/\/www.novaconcursos.com.br\/concurso\/enem\/apostila?promo_name=enem-blog&amp;promo_id=1&amp;promo_creative=link-concurso-enem&amp;promo_position=enem\" target=\"_blank\" rel=\"noopener noreferrer\">\u00bb Prepare-se com a Apostila\u00a0ENEM + B\u00d4NUS (GR\u00c1TIS)\u00a0\u00ab<\/a><\/strong><\/span><\/p>\n<p>A\u00a0<span style=\"text-decoration: underline; color: #0000ff;\"><strong><a style=\"color: #0000ff; text-decoration: underline;\" href=\"https:\/\/www.novaconcursos.com.br\/\" target=\"_blank\" rel=\"noopener noreferrer\">Nova Concursos<\/a><\/strong><\/span>\u00a0tem ajudado h\u00e1 mais de\u00a010 anos quem quer vencer a batalha do concurso p\u00fablico. Se voc\u00ea quer aumentar suas chances de passar, conhe\u00e7a nossos materiais acessando nosso site!<\/p>","protected":false},"excerpt":{"rendered":"<p>Se voc\u00ea vai prestar o Exame Nacional do Ensino M\u00e9dio (ENEM) em 2019, \u00e9 melhor ficar atento!\u00a0As solicita\u00e7\u00f5es de isen\u00e7\u00e3o da taxa de inscri\u00e7\u00e3o j\u00e1 est\u00e3o abertas! Confira todas as informa\u00e7\u00f5es necess\u00e1rias para garantir a isen\u00e7\u00e3o, e alcan\u00e7ar a t\u00e3o sonhada vaga na faculdade! \u00bb Prepare-se com a Apostila\u00a0ENEM + B\u00d4NUS (GR\u00c1TIS)\u00a0\u00ab Como pedir a [&hellip;]<\/p>\n","protected":false},"author":16,"featured_media":0,"comment_status":"closed","ping_status":"closed","sticky":false,"template":"","format":"standard","meta":{"_acf_changed":false,"footnotes":"","_wp_rev_ctl_limit":""},"categories":[228],"tags":[1211,35971,4288,36379,36378,36279],"class_list":["post-83488","post","type-post","status-publish","format-standard","hentry","category-noticias","tag-enem","tag-enem-2019","tag-exame-nacional-do-ensino-medio","tag-exame-nacional-do-ensino-medio-2019","tag-isencao-da-taxa-de-inscricao-enem-2019","tag-taxa-de-inscricao-enem"],"acf":[],"_links":{"self":[{"href":"https:\/\/www.novaconcursos.com.br\/portal\/wp-json\/wp\/v2\/posts\/83488","targetHints":{"allow":["GET"]}}],"collection":[{"href":"https:\/\/www.novaconcursos.com.br\/portal\/wp-json\/wp\/v2\/posts"}],"about":[{"href":"https:\/\/www.novaconcursos.com.br\/portal\/wp-json\/wp\/v2\/types\/post"}],"author":[{"embeddable":true,"href":"https:\/\/www.novaconcursos.com.br\/portal\/wp-json\/wp\/v2\/users\/16"}],"replies":[{"embeddable":true,"href":"https:\/\/www.novaconcursos.com.br\/portal\/wp-json\/wp\/v2\/comments?post=83488"}],"version-history":[{"count":1,"href":"https:\/\/www.novaconcursos.com.br\/portal\/wp-json\/wp\/v2\/posts\/83488\/revisions"}],"predecessor-version":[{"id":83489,"href":"https:\/\/www.novaconcursos.com.br\/portal\/wp-json\/wp\/v2\/posts\/83488\/revisions\/83489"}],"wp:attachment":[{"href":"https:\/\/www.novaconcursos.com.br\/portal\/wp-json\/wp\/v2\/media?parent=83488"}],"wp:term":[{"taxonomy":"category","embeddable":true,"href":"https:\/\/www.novaconcursos.com.br\/portal\/wp-json\/wp\/v2\/categories?post=83488"},{"taxonomy":"post_tag","embeddable":true,"href":"https:\/\/www.novaconcursos.com.br\/portal\/wp-json\/wp\/v2\/tags?post=83488"}],"curies":[{"name":"wp","href":"https:\/\/api.w.org\/{rel}","templated":true}]}}