{"id":8412,"date":"2014-05-12T14:55:02","date_gmt":"2014-05-12T17:55:02","guid":{"rendered":"http:\/\/www.novaconcursos.com.br\/portal\/?p=8412"},"modified":"2025-04-28T12:56:38","modified_gmt":"2025-04-28T15:56:38","slug":"editais-da-semana-12-a-1805","status":"publish","type":"post","link":"https:\/\/www.novaconcursos.com.br\/portal\/noticias\/editais-da-semana-12-a-1805\/","title":{"rendered":"Editais da semana- 12 a 18\/05"},"content":{"rendered":"<p class=\"wp-block-paragraph\">Confira a <strong>sele\u00e7\u00e3o\u00a0de editais para concursos<\/strong> p\u00fablicos\u00a0selecionados pela Nova concursos:<\/p>\n\n\n\n<h2 class=\"wp-block-heading\" id=\"escola-de-sargentos-das-armas-essa\"><span style=\"color: #000000;\">ESCOLA DE SARGENTOS DAS ARMAS (EsSA)<\/span><\/h2>\n\n\n\n<p class=\"wp-block-paragraph\"><span style=\"color: #000000;\"><strong>N\u00famero de vagas:<\/strong><\/span> 1380<br><span style=\"color: #000000;\"><strong>Sal\u00e1rio:<\/strong><\/span> n\u00e3o divulgado<br><span style=\"color: #000000;\"><strong>N\u00edvel:<\/strong><\/span> M\u00e9dio<br><span style=\"color: #000000;\"><strong>Local:<\/strong><\/span> Rio de Janeiro, Minas Gerais, Pernambuco, Rio grande do Sul, S\u00e3o Paulo, Mato Grosso do Sul, Cear\u00e1, Santa Catarina e Goi\u00e2nia.<br><span style=\"color: #000000;\"><strong>Data da inscri\u00e7\u00e3o:<\/strong><\/span> At\u00e9 07\/07\/2014<\/p>\n\n\n\n<h2 class=\"wp-block-heading\" id=\"cmara-municipal-de-santos-\"><span style=\"color: #000000;\">C\u00c2MARA MUNICIPAL DE SANTOS\u00a0<\/span><\/h2>\n\n\n\n<p class=\"wp-block-paragraph\"><span style=\"color: #000000;\"><strong>N\u00famero de vagas:<\/strong><\/span>\u00a044<br><span style=\"color: #000000;\"><strong>Sal\u00e1rio:<\/strong><\/span>\u00a0at\u00e9\u00a0R$ 4.720,63<br><span style=\"color: #000000;\"><strong>N\u00edvel:<\/strong>\u00a0<\/span>Todos<br><span style=\"color: #000000;\"><strong>Local:<\/strong><\/span>\u00a0Santos<br><span style=\"color: #000000;\"><strong>Data da inscri\u00e7\u00e3o:<\/strong><\/span>\u00a0At\u00e9 05\/06\/14<\/p>\n\n\n\n<h2 class=\"wp-block-heading\" id=\"tribunal-de-justia-do-estado-do-par-tjpa\"><span style=\"color: #000000;\">TRIBUNAL DE JUSTI\u00c7A DO ESTADO DO PAR\u00c1\u00a0(TJ-PA)<\/span><\/h2>\n\n\n\n<p class=\"wp-block-paragraph\"><span style=\"color: #000000;\"><strong>N\u00famero de vagas:<\/strong><\/span>\u00a0200<br><span style=\"color: #000000;\"><strong>Sal\u00e1rio:<\/strong>\u00a0<\/span>\u00a0R$ 2.538, 87 a R$ 3.218,56<br><span style=\"color: #000000;\"><strong>N\u00edvel:<\/strong><\/span>\u00a0M\u00e9dio, t\u00e9cnico e superior<br><span style=\"color: #000000;\"><strong>Local:<\/strong><\/span>\u00a0Par\u00e1<br><span style=\"color: #000000;\"><strong>Data da inscri\u00e7\u00e3o:<\/strong><\/span>\u00a0At\u00e9 16\/06\/14<\/p>\n\n\n\n<h2 class=\"wp-block-heading\" id=\"fundao-universitria-de-taubat-fustsp\"><span style=\"color: #000000;\">FUNDA\u00c7\u00c3O UNIVERSIT\u00c1RIA DE TAUBAT\u00c9 (FUST-SP)<\/span><\/h2>\n\n\n\n<p class=\"wp-block-paragraph\"><span style=\"color: #000000;\"><strong>N\u00famero de vagas:<\/strong><\/span>\u00a0378<br><span style=\"color: #000000;\"><strong>Sal\u00e1rio:<\/strong><\/span>\u00a0R$ 1.600<br><span style=\"color: #000000;\"><strong>N\u00edvel:<\/strong><\/span>\u00a0M\u00e9dio e superior<br><span style=\"color: #000000;\"><strong>Local:<\/strong><\/span>\u00a0Par\u00e1<br><span style=\"color: #000000;\"><strong>Data da inscri\u00e7\u00e3o:<\/strong><\/span>\u00a0At\u00e9 21\/05\/14<\/p>\n\n\n\n<h2 class=\"wp-block-heading\" id=\"fundao-hospitalar-do-estado-de-minas-gerais-fhemig\"><span style=\"color: #000000;\">FUNDA\u00c7\u00c3O HOSPITALAR DO ESTADO DE MINAS GERAIS (FHEMIG)<\/span><\/h2>\n\n\n\n<p class=\"wp-block-paragraph\"><span style=\"color: #000000;\"><strong>N\u00famero de vagas:<\/strong><\/span>\u00a01834<br><span style=\"color: #000000;\"><strong>Sal\u00e1rio:<\/strong><\/span>\u00a0de\u00a0at\u00e9 R$ 4.873,65<br><span style=\"color: #000000;\"><strong>N\u00edvel:<\/strong><\/span>\u00a0M\u00e9dio, t\u00e9cnico e superior<br><strong><span style=\"color: #000000;\">Local<\/span>:<\/strong>\u00a0Minas Gerais<br><span style=\"color: #000000;\"><strong>Data da inscri\u00e7\u00e3o:<\/strong>\u00a0<\/span>At\u00e9 18\/05\/14<\/p>\n\n\n\n<h2 class=\"wp-block-heading\" id=\"agncia-de-defesa-agropecuria-rr\"><span style=\"color: #000000;\">AG\u00caNCIA DE DEFESA AGROPECU\u00c1RIA (RR)<\/span><\/h2>\n\n\n\n<p class=\"wp-block-paragraph\"><span style=\"color: #000000;\"><strong>N\u00famero de vagas:<\/strong><\/span> 203<br><span style=\"color: #000000;\"><strong>Sal\u00e1rio:<\/strong><\/span> R$ 3.847,04<br><span style=\"color: #000000;\"><strong>N\u00edvel:<\/strong> <\/span>M\u00e9dio, t\u00e9cnico e superior<br><span style=\"color: #000000;\"><strong>Local:<\/strong><\/span> Boa Vista<br><span style=\"color: #000000;\"><strong>Data da inscri\u00e7\u00e3o:<\/strong> <\/span>At\u00e9 02\/06\/14<\/p>\n\n\n\n<h2 class=\"wp-block-heading\" id=\"prefeitura-de-parauapebas-pa\"><span style=\"color: #000000;\">PREFEITURA DE PARAUAPEBAS (PA)<\/span><\/h2>\n\n\n\n<p class=\"wp-block-paragraph\"><span style=\"color: #000000;\"><strong>N\u00famero de vagas:<\/strong> <\/span>150<br><span style=\"color: #000000;\"><strong>Sal\u00e1rio:<\/strong><\/span> R$ 1.711,50<br><span style=\"color: #000000;\"><strong>N\u00edvel:<\/strong> <\/span>M\u00e9dio<br><span style=\"color: #000000;\"><strong>Local:<\/strong> <\/span>Paraupebas (PA)<br><span style=\"color: #000000;\"><strong>Data da inscri\u00e7\u00e3o:<\/strong> <\/span>At\u00e9 12\/05\/14<\/p>\n\n\n\n<h2 class=\"wp-block-heading\" id=\"prefeitura-de-pedra-lavrada-pb\"><span style=\"color: #000000;\">PREFEITURA DE PEDRA LAVRADA (PB)<\/span><\/h2>\n\n\n\n<p class=\"wp-block-paragraph\"><span style=\"color: #000000;\"><strong>N\u00famero de vagas:<\/strong><\/span> 70<br><span style=\"color: #000000;\"><strong>Sal\u00e1rio:<\/strong> <\/span>R$ 2.403,50<br><span style=\"color: #000000;\"><strong>N\u00edvel:<\/strong> <\/span>Todos os n\u00edveis<br><span style=\"color: #000000;\"><strong>Local:<\/strong> <\/span>Pedra Lavada (PB)<br><span style=\"color: #000000;\"><strong>Data da inscri\u00e7\u00e3o:<\/strong><\/span> At\u00e9 15\/05\/14<\/p>\n\n\n\n<h2 class=\"wp-block-heading\" id=\"prefeitura-do-municpio-de-tiet-sp\"><span style=\"color: #000000;\">PREFEITURA DO MUNIC\u00cdPIO DE TIET\u00ca \u00a0(SP)<\/span><\/h2>\n\n\n\n<p class=\"wp-block-paragraph\"><span style=\"color: #000000;\"><strong>N\u00famero de vagas:<\/strong><\/span>\u00a0103<br><span style=\"color: #000000;\"><strong>Sal\u00e1rio:<\/strong><\/span>\u00a0at\u00e9 R$ 2.735,73<br><span style=\"color: #000000;\"><strong>N\u00edvel:<\/strong><\/span>\u00a0M\u00e9dio e superior<br><span style=\"color: #000000;\"><strong>Local:<\/strong><\/span>\u00a0Tiet\u00ea<br><span style=\"color: #000000;\"><strong>Data da inscri\u00e7\u00e3o:<\/strong><\/span>\u00a0At\u00e9 23\/05\/14<\/p>\n\n\n\n<h2 class=\"wp-block-heading\" id=\"prefeitura-de-pentecoste-ce\"><span style=\"color: #000000;\">PREFEITURA DE PENTECOSTE<b> (CE)<\/b><\/span><\/h2>\n\n\n\n<p class=\"wp-block-paragraph\"><span style=\"color: #000000;\"><strong>N\u00famero de vagas:<\/strong> <\/span>458<br><span style=\"color: #000000;\"><strong>Sal\u00e1rio:<\/strong><\/span> R$ 4.800<br><strong><span style=\"color: #000000;\">N\u00edvel:<\/span><\/strong> Todos os n\u00edveis<br><span style=\"color: #000000;\"><strong>Local:<\/strong><\/span> Pentecostes (CE)<br><span style=\"color: #000000;\"><strong>Data da inscri\u00e7\u00e3o:<\/strong> <\/span>At\u00e9 12\/05\/14<\/p>\n\n\n\n<h2 class=\"wp-block-heading\" id=\"prefeitura-de-pontal-do-paran-pr\"><span style=\"color: #000000;\">PREFEITURA DE PONTAL DO PARAN\u00c1 (PR)<\/span><\/h2>\n\n\n\n<p class=\"wp-block-paragraph\"><span style=\"color: #000000;\"><strong>N\u00famero de vagas:<\/strong> <\/span>20<br><span style=\"color: #000000;\"><strong>Sal\u00e1rio:<\/strong><\/span> R$ 1.044,58<br><span style=\"color: #000000;\"><strong>N\u00edvel:<\/strong><\/span> Ensino M\u00e9dio<br><span style=\"color: #000000;\"><strong>Local:<\/strong><\/span> Pontal do Paran\u00e1 (PR)<br><span style=\"color: #000000;\"><strong>Data da inscri\u00e7\u00e3o:<\/strong> <\/span>At\u00e9 05\/06\/14<\/p>\n\n\n\n<h2 class=\"wp-block-heading\" id=\"-fundao-sade-rj\"><span style=\"color: #000000;\">\u00a0FUNDA\u00c7\u00c3O SA\u00daDE\u00a0(RJ)<\/span><\/h2>\n\n\n\n<p class=\"wp-block-paragraph\"><span style=\"color: #000000;\"><strong>N\u00famero de vagas:<\/strong><\/span>\u00a0286<br><span style=\"color: #000000;\"><strong>Sal\u00e1rio:<\/strong><\/span>\u00a0At\u00e9\u00a0R$ 6.066,43<br><span style=\"color: #000000;\"><strong>N\u00edvel:<\/strong><\/span>\u00a0M\u00e9dio e superior<br><span style=\"color: #000000;\"><strong>Local:<\/strong><\/span>\u00a0Rio de Janeiro<br><span style=\"color: #000000;\"><strong>Data da inscri\u00e7\u00e3o:<\/strong><\/span>\u00a0At\u00e9 25\/06\/14<\/p>\n\n\n\n<h2 class=\"wp-block-heading\" id=\"universidade-federal-do-rio-de-janeiro-ufrj\"><span style=\"color: #000000;\">UNIVERSIDADE FEDERAL DO RIO DE JANEIRO (UFRJ)<\/span><\/h2>\n\n\n\n<p class=\"wp-block-paragraph\"><span style=\"color: #000000;\"><strong>N\u00famero de vagas:<\/strong><\/span>\u00a016<br><span style=\"color: #000000;\"><strong>Sal\u00e1rio:<\/strong><\/span>\u00a0at\u00e9\u00a0\u00a0R$ 14.175,87<br><span style=\"color: #000000;\"><strong>N\u00edvel:<\/strong>\u00a0<\/span>Superior<br><span style=\"color: #000000;\"><strong>Local:<\/strong>\u00a0<\/span>Rio de Janeiro<br><strong><span style=\"color: #000000;\">Data da inscri\u00e7\u00e3o<\/span>:<\/strong>\u00a0At\u00e9 01\/06\/14<\/p>\n\n\n\n<h2 class=\"wp-block-heading\" id=\"prefeitura-de-serra-azul-mg\"><span style=\"color: #000000;\">PREFEITURA DE SERRA AZUL (MG)<\/span><\/h2>\n\n\n\n<p class=\"wp-block-paragraph\"><span style=\"color: #000000;\"><strong>N\u00famero de vagas:<\/strong>\u00a0<\/span>109<br><span style=\"color: #000000;\"><strong>Sal\u00e1rio:<\/strong><\/span>\u00a0at\u00e9 R$ 2.920<br><span style=\"color: #000000;\"><strong>N\u00edvel:<\/strong>\u00a0<\/span>Todos<br><span style=\"color: #000000;\"><strong>Local:<\/strong><\/span>\u00a0Serra Azul<br><span style=\"color: #000000;\"><strong>Data da inscri\u00e7\u00e3o:<\/strong><\/span>\u00a0At\u00e9 11\/06\/14<\/p>\n\n\n\n<h2 class=\"wp-block-heading\" id=\"conselho-regional-de-engenharia-e-agronomia-de-gois-creago\"><span style=\"color: #000000;\">CONSELHO REGIONAL DE ENGENHARIA E AGRONOMIA DE GOI\u00c1S (CREA-GO)<\/span><\/h2>\n\n\n\n<p class=\"wp-block-paragraph\"><span style=\"color: #000000;\"><strong>N\u00famero de vagas:<\/strong><\/span>\u00a030<br><span style=\"color: #000000;\"><strong>Sal\u00e1rio:<\/strong><\/span>\u00a0at\u00e9\u00a0R$ 6.154,00<br><span style=\"color: #000000;\"><strong>N\u00edvel:<\/strong><\/span>\u00a0Superior<br><span style=\"color: #000000;\"><strong>Local:<\/strong><\/span>\u00a0Goi\u00e1s<br><span style=\"color: #000000;\"><strong>Data da inscri\u00e7\u00e3o:<\/strong><\/span>\u00a0At\u00e9 02\/06\/14<\/p>\n\n\n\n<h2 class=\"wp-block-heading\" id=\"prefeitura-de-pontal-do-paran-pr\"><span style=\"color: #000000;\">PREFEITURA DE PONTAL DO PARAN\u00c1 (PR)<\/span><\/h2>\n\n\n\n<p class=\"wp-block-paragraph\"><span style=\"color: #000000;\"><strong>N\u00famero de vagas:<\/strong><\/span>\u00a020<br><strong><span style=\"color: #000000;\">Sal\u00e1rio<\/span>:<\/strong>\u00a0R$ 1.044,58<br><span style=\"color: #000000;\"><strong>N\u00edvel:<\/strong><\/span>\u00a0Ensino M\u00e9dio<br><span style=\"color: #000000;\"><strong>Local:<\/strong><\/span>\u00a0Pontal do Paran\u00e1 (PR)<br><span style=\"color: #000000;\"><strong>Data da inscri\u00e7\u00e3o:<\/strong><\/span>\u00a0At\u00e9 05\/06\/14<\/p>\n\n\n\n<h2 class=\"wp-block-heading\" id=\"prefeitura-do-rio-de-janeiro\"><span style=\"color: #000000;\">PREFEITURA DO RIO DE JANEIRO<\/span><\/h2>\n\n\n\n<p class=\"wp-block-paragraph\"><span style=\"color: #000000;\"><strong>N\u00famero de vagas:<\/strong><\/span>\u00a0150<br><span style=\"color: #000000;\"><strong>Sal\u00e1rio:<\/strong><\/span>\u00a0R$ 980,51<br><span style=\"color: #000000;\"><strong>N\u00edvel:<\/strong><\/span>\u00a0M\u00e9dio<br><span style=\"color: #000000;\"><strong>Local:<\/strong><\/span>\u00a0Rio de Janeiro<br><span style=\"color: #000000;\"><strong>Data da inscri\u00e7\u00e3o:<\/strong><\/span>\u00a0At\u00e9 27\/05\/14<\/p>\n\n\n\n<p class=\"wp-block-paragraph\"><\/p>","protected":false},"excerpt":{"rendered":"<p>Confira a sele\u00e7\u00e3o\u00a0de editais para concursos p\u00fablicos\u00a0selecionados pela Nova concursos: ESCOLA DE SARGENTOS DAS ARMAS (EsSA) N\u00famero de vagas: 1380Sal\u00e1rio: n\u00e3o divulgadoN\u00edvel: M\u00e9dioLocal: Rio de Janeiro, Minas Gerais, Pernambuco, Rio grande do Sul, S\u00e3o Paulo, Mato Grosso do Sul, Cear\u00e1, Santa Catarina e Goi\u00e2nia.Data da inscri\u00e7\u00e3o: At\u00e9 07\/07\/2014 C\u00c2MARA MUNICIPAL DE SANTOS\u00a0 N\u00famero de vagas:\u00a044Sal\u00e1rio:\u00a0at\u00e9\u00a0R$ [&hellip;]<\/p>\n","protected":false},"author":16,"featured_media":6311,"comment_status":"closed","ping_status":"closed","sticky":false,"template":"","format":"standard","meta":{"_acf_changed":false,"footnotes":"","_wp_rev_ctl_limit":""},"categories":[228],"tags":[6480,461,462,464,465,466,467,468],"class_list":["post-8412","post","type-post","status-publish","format-standard","has-post-thumbnail","hentry","category-noticias","tag-dicas-de-edital","tag-editais","tag-editais-2014","tag-editais-para-concurso","tag-edital","tag-edital-2014","tag-edital-para-concurso","tag-lista-edital"],"acf":[],"_links":{"self":[{"href":"https:\/\/www.novaconcursos.com.br\/portal\/wp-json\/wp\/v2\/posts\/8412","targetHints":{"allow":["GET"]}}],"collection":[{"href":"https:\/\/www.novaconcursos.com.br\/portal\/wp-json\/wp\/v2\/posts"}],"about":[{"href":"https:\/\/www.novaconcursos.com.br\/portal\/wp-json\/wp\/v2\/types\/post"}],"author":[{"embeddable":true,"href":"https:\/\/www.novaconcursos.com.br\/portal\/wp-json\/wp\/v2\/users\/16"}],"replies":[{"embeddable":true,"href":"https:\/\/www.novaconcursos.com.br\/portal\/wp-json\/wp\/v2\/comments?post=8412"}],"version-history":[{"count":8,"href":"https:\/\/www.novaconcursos.com.br\/portal\/wp-json\/wp\/v2\/posts\/8412\/revisions"}],"predecessor-version":[{"id":280940,"href":"https:\/\/www.novaconcursos.com.br\/portal\/wp-json\/wp\/v2\/posts\/8412\/revisions\/280940"}],"wp:featuredmedia":[{"embeddable":true,"href":"https:\/\/www.novaconcursos.com.br\/portal\/wp-json\/wp\/v2\/media\/6311"}],"wp:attachment":[{"href":"https:\/\/www.novaconcursos.com.br\/portal\/wp-json\/wp\/v2\/media?parent=8412"}],"wp:term":[{"taxonomy":"category","embeddable":true,"href":"https:\/\/www.novaconcursos.com.br\/portal\/wp-json\/wp\/v2\/categories?post=8412"},{"taxonomy":"post_tag","embeddable":true,"href":"https:\/\/www.novaconcursos.com.br\/portal\/wp-json\/wp\/v2\/tags?post=8412"}],"curies":[{"name":"wp","href":"https:\/\/api.w.org\/{rel}","templated":true}]}}