{"id":84232,"date":"2019-04-22T20:52:40","date_gmt":"2019-04-22T23:52:40","guid":{"rendered":"https:\/\/www.novaconcursos.com.br\/portal\/?p=84232"},"modified":"2025-12-08T12:15:01","modified_gmt":"2025-12-08T15:15:01","slug":"concurso-inss-presidente-reforca-pedido-de-certame","status":"publish","type":"post","link":"https:\/\/www.novaconcursos.com.br\/portal\/noticias\/concurso-inss-presidente-reforca-pedido-de-certame\/","title":{"rendered":"Concurso INSS: Presidente refor\u00e7a pedido de certame!"},"content":{"rendered":"<p>O <a href=\"https:\/\/www.novaconcursos.com.br\/portal\/concursos\/concurso-inss\/\">novo <strong>concurso do INSS<\/strong><\/a><strong> (Instituto Nacional do Seguro Social)<\/strong> segue como um dos <strong>mais aguardados<\/strong> do ano pelos concurseiros de todo o pa\u00eds!<\/p>\n\n\n\n<p>Enquanto o <strong>INSS <\/strong>segue esperando a aprova\u00e7\u00e3o do <strong>pedido de concurso<\/strong>, o presidente do \u00f3rg\u00e3o, Renato Vieira, falou recentemente sobre um <strong>assunto pol\u00eamico<\/strong> durante reuni\u00e3o com sindicalistas: a cess\u00e3o de <strong>funcion\u00e1rios da Infraero para atuarem no INSS<\/strong>. <\/p>\n\n\n\n<p>De acordo com o presidente do INSS, <strong>agentes da Infraero<\/strong> <strong>n\u00e3o podem<\/strong> substituir e atuar nas atividades desenvolvidas pelos servidores do \u00f3rg\u00e3o.<\/p>\n\n\n\n<p><strong>Entenda o caso<\/strong><\/p>\n\n\n\n<p>No m\u00eas de <strong>janeiro de 2019<\/strong>, a presidente da Infraero, Martha Seillier, reuniu-se com o presidente do INSS e com representante da Advocacia Geral da Uni\u00e3o para debater uma <strong>parceria entre os \u00f3rg\u00e3os<\/strong>, com a cess\u00e3o de servidores para compor o quadro de empregados de suas entidades.<\/p>\n\n\n\n<p>Durante a reuni\u00e3o, foi levantada a possibilidade de os servidores cedidos pela <strong>Infraero ao INSS<\/strong> ocupassem alguns dos <strong>mais de 19 mil cargos<\/strong> vagos existentes no Instituto. <\/p>\n\n\n\n<p>Diante da pol\u00eamica, o presidente do INSS informou que os servidores cedidos pela empresa <strong>exercer\u00e3o fun\u00e7\u00f5es restritas<\/strong> e n\u00e3o atuar\u00e3o nas esferas de compet\u00eancia dos T\u00e9cnicos e Analistas da carreira do Seguro Social.<\/p>\n\n\n\n<p><strong>D\u00e9ficit de servidores<\/strong><\/p>\n\n\n\n<p>O <strong>INSS<\/strong> passa por uma <strong>situa\u00e7\u00e3o dr\u00e1stica<\/strong>, com cerca de <strong>7.614 vagas<\/strong> em vac\u00e2ncia no seu quadro de servidores.<\/p>\n\n\n\n<p>O alto d\u00e9ficit ocasiona atrasos no trabalho desempenhado pelo <strong>INSS<\/strong>. Por exemplo, o n\u00famero de m\u00e3es que tem direito ao sal\u00e1rio-maternidade e est\u00e3o aguardando passa dos <strong>211 mil<\/strong>! Segundo a Federa\u00e7\u00e3o, \u201c(\u2026) o INSS vem passando por um verdadeiro caos, principalmente em virtude da insufici\u00eancia de servidores e a proposta de solucionar tais dificuldades com a implanta\u00e7\u00e3o de ferramentas digitais\u201d.<\/p>\n\n\n\n<p><strong>Urg\u00eancia de concurso<\/strong><\/p>\n\n\n\n<p>O \u00f3rg\u00e3o segue mostrando a<strong> import\u00e2ncia de um novo certame<\/strong>: enviou uma nota t\u00e9cnica ao Minist\u00e9rio do Planejamento pedindo a recomposi\u00e7\u00e3o do quadro de pessoal atrav\u00e9s dos excedentes do <strong>concurso de 2015<\/strong>. Como o certame teve sua vig\u00eancia vencida, ser\u00e1 necess\u00e1rio a realiza\u00e7\u00e3o de uma nova sele\u00e7\u00e3o.<\/p>\n\n\n\n<p>Na nota, o INSS ressaltou a situa\u00e7\u00e3o preocupante com as vac\u00e2ncias. Somente at\u00e9 mar\u00e7o de 2018, foram <strong>773<\/strong>, sendo 743 de aposentadorias. Em 2017, foram <strong>1.657<\/strong> aposentadorias que, em conjunto com exonera\u00e7\u00f5es, demiss\u00f5es, \u00f3bitos e decis\u00f5es judiciais, resultou no total de <strong>1.840 sa\u00eddas de servidores.<\/strong><\/p>\n\n\n\n<p><\/p>","protected":false},"excerpt":{"rendered":"<p>O novo concurso do INSS (Instituto Nacional do Seguro Social) segue como um dos mais aguardados do ano pelos concurseiros de todo o pa\u00eds! Enquanto o INSS segue esperando a aprova\u00e7\u00e3o do pedido de concurso, o presidente do \u00f3rg\u00e3o, Renato Vieira, falou recentemente sobre um assunto pol\u00eamico durante reuni\u00e3o com sindicalistas: a cess\u00e3o de funcion\u00e1rios [&hellip;]<\/p>\n","protected":false},"author":16,"featured_media":83743,"comment_status":"closed","ping_status":"closed","sticky":false,"template":"","format":"standard","meta":{"_acf_changed":false,"footnotes":"","_wp_rev_ctl_limit":""},"categories":[228],"tags":[],"class_list":["post-84232","post","type-post","status-publish","format-standard","has-post-thumbnail","hentry","category-noticias"],"acf":[],"_links":{"self":[{"href":"https:\/\/www.novaconcursos.com.br\/portal\/wp-json\/wp\/v2\/posts\/84232","targetHints":{"allow":["GET"]}}],"collection":[{"href":"https:\/\/www.novaconcursos.com.br\/portal\/wp-json\/wp\/v2\/posts"}],"about":[{"href":"https:\/\/www.novaconcursos.com.br\/portal\/wp-json\/wp\/v2\/types\/post"}],"author":[{"embeddable":true,"href":"https:\/\/www.novaconcursos.com.br\/portal\/wp-json\/wp\/v2\/users\/16"}],"replies":[{"embeddable":true,"href":"https:\/\/www.novaconcursos.com.br\/portal\/wp-json\/wp\/v2\/comments?post=84232"}],"version-history":[{"count":5,"href":"https:\/\/www.novaconcursos.com.br\/portal\/wp-json\/wp\/v2\/posts\/84232\/revisions"}],"predecessor-version":[{"id":299247,"href":"https:\/\/www.novaconcursos.com.br\/portal\/wp-json\/wp\/v2\/posts\/84232\/revisions\/299247"}],"wp:featuredmedia":[{"embeddable":true,"href":"https:\/\/www.novaconcursos.com.br\/portal\/wp-json\/wp\/v2\/media\/83743"}],"wp:attachment":[{"href":"https:\/\/www.novaconcursos.com.br\/portal\/wp-json\/wp\/v2\/media?parent=84232"}],"wp:term":[{"taxonomy":"category","embeddable":true,"href":"https:\/\/www.novaconcursos.com.br\/portal\/wp-json\/wp\/v2\/categories?post=84232"},{"taxonomy":"post_tag","embeddable":true,"href":"https:\/\/www.novaconcursos.com.br\/portal\/wp-json\/wp\/v2\/tags?post=84232"}],"curies":[{"name":"wp","href":"https:\/\/api.w.org\/{rel}","templated":true}]}}