{"id":84771,"date":"2019-05-02T20:26:40","date_gmt":"2019-05-02T23:26:40","guid":{"rendered":"https:\/\/www.novaconcursos.com.br\/portal\/?p=84771"},"modified":"2024-10-04T14:06:53","modified_gmt":"2024-10-04T17:06:53","slug":"concurso-sme-rj-edital-tera-vagas-para-professores","status":"publish","type":"post","link":"https:\/\/www.novaconcursos.com.br\/portal\/noticias\/concurso-sme-rj-edital-tera-vagas-para-professores\/","title":{"rendered":"Concurso SME-RJ: Edital ter\u00e1 vagas para Professores!"},"content":{"rendered":"<p>Aten\u00e7\u00e3o <strong>concurseiros cariocas<\/strong> da \u00e1rea da educa\u00e7\u00e3o! Vem a\u00ed o novo  <br><a rel=\"noreferrer noopener\" href=\"https:\/\/www.novaconcursos.com.br\/\" target=\"_blank\"><strong>concurso p\u00fablico<\/strong><\/a>  da <strong>Secretaria Municipal de Educa\u00e7\u00e3o do <a href=\"https:\/\/www.novaconcursos.com.br\/concursos\/rj\" target=\"_blank\" rel=\"noreferrer noopener\" aria-label=\"Rio de janeiro (abre numa nova aba)\">Rio de janeiro<\/a> (SME-RJ)<\/strong>!<\/p>\n\n\n\n<p>Segundo a assessoria da Prefeitura do Rio, o <strong>edital do novo certame<\/strong> deve ser divulgado em breve. Ser\u00e3o oferecidas <strong>351 vagas<\/strong> para Professores de ensino fundamental, com requisito de <strong>n\u00edvel superior<\/strong> e sal\u00e1rio de <strong>R$ 4,8 mil!<\/strong><\/p>\n\n\n\n<p><strong>Previs\u00e3o do edital<\/strong><\/p>\n\n\n\n<p>De acordo com informa\u00e7\u00f5es da Subsecretaria, s\u00e3o esperados pelo menos <strong>dois editais<\/strong>. A previs\u00e3o inicial para a aplica\u00e7\u00e3o da prova \u00e9 o dia <strong>21 de julho de 2019. <\/strong><\/p>\n\n\n\n<p>Portanto, a expectativa \u00e9 de que os <strong>editais<\/strong> do concurso dever\u00e3o ser publicados j\u00e1 nas <strong>pr\u00f3ximas semanas.<\/strong><\/p>\n\n\n\n<p><strong>Vagas e sal\u00e1rios<\/strong><\/p>\n\n\n\n<p>O <strong>concurso SME-RJ <\/strong>dever\u00e1 contar com oferta de <strong>351 vagas<\/strong> para <strong>Professores de ensino fundamental<\/strong>. Para concorrer, os candidatos interessados dever\u00e3o possuir <strong>n\u00edvel superior completo<\/strong>.<\/p>\n\n\n\n<p>As oportunidades ser\u00e3o divididas entre as <strong>seguintes \u00e1reas:<\/strong><\/p>\n\n\n\n<ul class=\"wp-block-list\"><li>Anos iniciais: 210 vagas<\/li>\n<\/ul><ul class=\"wp-block-list\"><li>L\u00edngua portuguesa: 67 vagas<\/li>\n<\/ul><ul class=\"wp-block-list\"><li>Hist\u00f3ria: 37 vagas<\/li>\n<\/ul><ul class=\"wp-block-list\"><li>Ci\u00eancias: 37 vagas<\/li>\n<\/ul><p><strong>\u00daltimo concurso SME-RJ <\/strong><\/p>\n\n\n\n<p>O \u00faltimo certame para <strong>Professores do ensino fundamental<\/strong> aconteceu em <strong>2016 <\/strong>e contou com oferta de mais de <strong>500 vagas<\/strong> nas seguintes especialidades:<\/p>\n\n\n\n<p>Anos\niniciais (147); Ingl\u00eas (72); Matem\u00e1tica (110); Geografia (77); Artes c\u00eanicas\n(18); Artes Pl\u00e1sticas (37); Educa\u00e7\u00e3o Musical (43).<\/p>\n\n\n\n<p>O sal\u00e1rio inicial foi de <strong>R$ 4.866,33<\/strong>, para jornadas de trabalho de <strong>40 horas<\/strong> semanais. Os aprovados contaram ainda com os <strong>seguintes benef\u00edcios:<\/strong><\/p>\n\n\n\n<p>B\u00f4nus cultura: <strong>R$ 155,18<\/strong>; Auxilio transporte: <strong>R$ 167,20<\/strong>; e Auxilio alimenta\u00e7\u00e3o.<\/p>\n\n\n\n<p>A avalia\u00e7\u00e3o dos candidatos foi por meio de <strong>prova objetiva, prova discursiva, avalia\u00e7\u00e3o de t\u00edtulos e aula pr\u00e1tica.<\/strong><\/p>\n\n\n\n<p>O exame objetivo foi composto por quest\u00f5es sobre as <strong>seguintes disciplinas:<\/strong> <\/p>\n\n\n\n<p>L\u00edngua\nportuguesa; Conhecimentos espec\u00edficos; Fundamentos T\u00e9cnicos-Metodol\u00f3gicos e\nPol\u00edticos filos\u00f3ficos da educa\u00e7\u00e3o.<\/p>","protected":false},"excerpt":{"rendered":"<p>Aten\u00e7\u00e3o concurseiros cariocas da \u00e1rea da educa\u00e7\u00e3o! Vem a\u00ed o novo concurso p\u00fablico da Secretaria Municipal de Educa\u00e7\u00e3o do Rio de janeiro (SME-RJ)! Segundo a assessoria da Prefeitura do Rio, o edital do novo certame deve ser divulgado em breve. Ser\u00e3o oferecidas 351 vagas para Professores de ensino fundamental, com requisito de n\u00edvel superior e [&hellip;]<\/p>\n","protected":false},"author":16,"featured_media":84777,"comment_status":"closed","ping_status":"closed","sticky":false,"template":"","format":"standard","meta":{"_acf_changed":false,"footnotes":"","_wp_rev_ctl_limit":""},"categories":[228],"tags":[],"class_list":["post-84771","post","type-post","status-publish","format-standard","has-post-thumbnail","hentry","category-noticias"],"acf":[],"_links":{"self":[{"href":"https:\/\/www.novaconcursos.com.br\/portal\/wp-json\/wp\/v2\/posts\/84771","targetHints":{"allow":["GET"]}}],"collection":[{"href":"https:\/\/www.novaconcursos.com.br\/portal\/wp-json\/wp\/v2\/posts"}],"about":[{"href":"https:\/\/www.novaconcursos.com.br\/portal\/wp-json\/wp\/v2\/types\/post"}],"author":[{"embeddable":true,"href":"https:\/\/www.novaconcursos.com.br\/portal\/wp-json\/wp\/v2\/users\/16"}],"replies":[{"embeddable":true,"href":"https:\/\/www.novaconcursos.com.br\/portal\/wp-json\/wp\/v2\/comments?post=84771"}],"version-history":[{"count":3,"href":"https:\/\/www.novaconcursos.com.br\/portal\/wp-json\/wp\/v2\/posts\/84771\/revisions"}],"predecessor-version":[{"id":254742,"href":"https:\/\/www.novaconcursos.com.br\/portal\/wp-json\/wp\/v2\/posts\/84771\/revisions\/254742"}],"wp:featuredmedia":[{"embeddable":true,"href":"https:\/\/www.novaconcursos.com.br\/portal\/wp-json\/wp\/v2\/media\/84777"}],"wp:attachment":[{"href":"https:\/\/www.novaconcursos.com.br\/portal\/wp-json\/wp\/v2\/media?parent=84771"}],"wp:term":[{"taxonomy":"category","embeddable":true,"href":"https:\/\/www.novaconcursos.com.br\/portal\/wp-json\/wp\/v2\/categories?post=84771"},{"taxonomy":"post_tag","embeddable":true,"href":"https:\/\/www.novaconcursos.com.br\/portal\/wp-json\/wp\/v2\/tags?post=84771"}],"curies":[{"name":"wp","href":"https:\/\/api.w.org\/{rel}","templated":true}]}}