{"id":85052,"date":"2026-04-22T09:55:04","date_gmt":"2026-04-22T12:55:04","guid":{"rendered":"https:\/\/www.novaconcursos.com.br\/portal\/?post_type=nc-public-tender&#038;p=85052"},"modified":"2026-04-22T09:55:19","modified_gmt":"2026-04-22T12:55:19","slug":"concurso-prefeitura-de-porto-velho-ro","status":"publish","type":"post","link":"https:\/\/www.novaconcursos.com.br\/portal\/concursos\/concurso-prefeitura-de-porto-velho-ro\/","title":{"rendered":"Concurso Guarda de Porto Velho: Idecan \u00e9 a banca! 200 vagas!"},"content":{"rendered":"<p>O <strong>concurso Guarda de Porto Velho<\/strong> \u00e9 a sele\u00e7\u00e3o realizada pela Prefeitura de Porto Velho (RO) para o provimento de cargos na Guarda Municipal. O certame tem como objetivo refor\u00e7ar o efetivo da seguran\u00e7a p\u00fablica municipal e j\u00e1 avan\u00e7ou em uma etapa importante: a <strong>banca organizadora foi contratada<\/strong>, sendo o <mark style=\"background-color:#8ed1fc\" class=\"has-inline-color\">Idecan<\/mark> o respons\u00e1vel pela condu\u00e7\u00e3o da sele\u00e7\u00e3o.<\/p>\n\n\n\n<p>Com a organizadora contratada, o edital deve ser publicado em breve, e as informa\u00e7\u00f5es preliminares indicam a oferta de <strong>200 vagas de n\u00edvel superior<\/strong>. A carreira promete atrair candidatos interessados em atuar na prote\u00e7\u00e3o do patrim\u00f4nio p\u00fablico e no apoio \u00e0s a\u00e7\u00f5es de seguran\u00e7a urbana no munic\u00edpio.<\/p>\n\n\n\n<p>Os aprovados dever\u00e3o contar com sal\u00e1rio inicial em torno de <strong>R$ 4 mil<\/strong>, al\u00e9m de benef\u00edcios e estabilidade. Se voc\u00ea ficou interessado(a) e quer acompanhar todas as atualiza\u00e7\u00f5es sobre cronograma, etapas e requisitos, continue a leitura e confira os detalhes do concurso Guarda de Porto Velho.<\/p>\n\n\n\n<h2 class=\"wp-block-heading\" id=\"concurso-guarda-de-porto-velho-situao-atual\">Concurso Guarda de Porto Velho: Situa\u00e7\u00e3o atual<\/h2>\n\n\n\n<p>O <strong>concurso Guarda de Porto Velho<\/strong> est\u00e1 confirmado! Foi publicado, na \u00faltima sexta-feira, 17 de abril, no Portal Nacional de Contrata\u00e7\u00f5es P\u00fablicas do Governo Federal, o extrato de contrato com a banca organizadora, que ser\u00e1 o\u00a0<a href=\"https:\/\/idecan.org.br\/\" target=\"_blank\" rel=\"noreferrer noopener\">Instituto Idecan<\/a>.\u00a0O nome da empresa j\u00e1 havia sido anunciado no dia 26 de fevereiro.\u00a0Confira:<\/p>\n\n\n\n<figure class=\"wp-block-image size-full\"><a href=\"https:\/\/www.novaconcursos.com.br\/portal\/wp-content\/uploads\/2026\/02\/Captura-de-tela-2026-04-22-093703.webp\"><img decoding=\"async\" width=\"713\" height=\"687\" src=\"https:\/\/www.novaconcursos.com.br\/portal\/wp-content\/uploads\/2026\/02\/Captura-de-tela-2026-04-22-093703.webp\" alt=\"concurso Guarda de Porto Velho\" class=\"wp-image-307570\" loading=\"lazy\" title=\"\" srcset=\"https:\/\/www.novaconcursos.com.br\/portal\/wp-content\/uploads\/2026\/02\/Captura-de-tela-2026-04-22-093703-300x289.webp 300w, https:\/\/www.novaconcursos.com.br\/portal\/wp-content\/uploads\/2026\/02\/Captura-de-tela-2026-04-22-093703-480x462.webp 480w, https:\/\/www.novaconcursos.com.br\/portal\/wp-content\/uploads\/2026\/02\/Captura-de-tela-2026-04-22-093703.webp 713w\" sizes=\"auto, (max-width: 480px) 100vw, (max-width: 768px) 100vw, (max-width: 1200px) 70vw, 768px\"><\/a><figcaption><\/figcaption><\/figure><p>De acordo com o documento, a assinatura do contrato ocorreu no dia 16 de abril, com validade at\u00e9 16 de abril de 2027, prazo necess\u00e1rio para a realiza\u00e7\u00e3o de todos os procedimentos do certame, incluindo a publica\u00e7\u00e3o do edital, recebimento de inscri\u00e7\u00f5es, aplica\u00e7\u00e3o das provas e divulga\u00e7\u00e3o dos resultados.<\/p>\n\n\n\n<p>Uma das justificativas para a escolha \u00e9 a experi\u00eancia do Idecan na organiza\u00e7\u00e3o de concursos da \u00e1rea de Seguran\u00e7a P\u00fablica, especialmente em sele\u00e7\u00f5es para Guardas Municipais. Em declara\u00e7\u00e3o oficial, o prefeito L\u00e9o Moraes destacou a import\u00e2ncia do avan\u00e7o. <\/p>\n\n\n\n<blockquote class=\"wp-block-quote is-layout-flow wp-block-quote-is-layout-flow\">\n<p>\u201c<em>O processo segue dentro da legalidade e do planejamento para que Porto Velho saia da lista das tr\u00eas capitais brasileiras que ainda n\u00e3o possuem Guarda Municipal. Por isso, os interessados devem continuar estudando, pois estamos trabalhando para avan\u00e7ar nas pr\u00f3ximas etapas<\/em>\u201d, afirmou.<\/p>\n<\/blockquote>\n\n\n\n<p>Com a banca definida, os pr\u00f3ximos passos incluem a publica\u00e7\u00e3o do edital e abertura das inscri\u00e7\u00f5es. At\u00e9 o momento, n\u00e3o foram divulgados prazos oficiais para essas etapas, mas a expectativa \u00e9 de que o edital seja publicado em breve.<\/p>\n\n\n\n<p>Ao todo, <strong>o concurso Guarda de\u00a0Porto Velho\u00a0deve contar com uma oferta de 200 oportunidades al\u00e9m de possibilidade para forma\u00e7\u00e3o de cadastro reserva. <\/strong>Para concorrer ser\u00e1 necess\u00e1rio possuir forma\u00e7\u00e3o de\u00a0n\u00edvel superior, com remunera\u00e7\u00e3o inicial de <strong>R$ 4 mil. <\/strong>Segundo a prefeitura, a meta \u00e9 convocar os aprovados at\u00e9 2027.<\/p>\n\n\n\n<p>A taxa de inscri\u00e7\u00e3o deve variar entre <strong>R$ 90,00 e R$ 140,00<\/strong>, com per\u00edodo estimado de inscri\u00e7\u00e3o de at\u00e9 20 dias \u00fateis ap\u00f3s a publica\u00e7\u00e3o do edital.<\/p>\n\n\n\n<p>A cria\u00e7\u00e3o da Guarda Municipal representa um marco para a capital de Rond\u00f4nia, que at\u00e9 ent\u00e3o figurava entre as poucas capitais brasileiras que ainda n\u00e3o possu\u00edam a corpora\u00e7\u00e3o.<\/p>\n\n\n\n<h2 class=\"wp-block-heading\" id=\"carreira-salrio-e-requisitos\">Carreira, sal\u00e1rio e requisitos<\/h2>\n\n\n\n<p>O concurso Guarda de Porto Velho oferece oportunidades para candidatos com <strong>n\u00edvel superior <\/strong>em qualquer \u00e1rea de forma\u00e7\u00e3o, al\u00e9m de exigir <strong>CNH, <\/strong>no m\u00ednimo<strong>, categoria AB<\/strong>.<\/p>\n\n\n\n<p>A carreira conta com jornada de 40 horas semanais<\/p>\n\n\n\n<p>O sal\u00e1rio inicial \u00e9 de <strong>R$ 4.000,00<\/strong>, acrescido de:<\/p>\n\n\n\n<ul class=\"wp-block-list\"><li>40% de adicional de periculosidade<\/li>\n\n\n\n<li>R$ 212,50 de aux\u00edlio-fardamento<\/li>\n\n\n\n<li>Outros benef\u00edcios previstos em lei municipal<\/li>\n<\/ul><p>Confira outros requisitos exigidos:<\/p>\n\n\n\n<ul class=\"wp-block-list\"><li>Ser brasileiro nato ou naturalizado;<\/li>\n\n\n\n<li>Ter idade m\u00ednima de 18 anos;<\/li>\n\n\n\n<li>Estar quite com as obriga\u00e7\u00f5es eleitorais e, se candidato do sexo masculino, com as obriga\u00e7\u00f5es militares;<\/li>\n\n\n\n<li>N\u00e3o possuir senten\u00e7a condenat\u00f3ria transitada em julgado que implique perda de direitos pol\u00edticos ou impedimento para posse em cargo p\u00fablico;<\/li>\n\n\n\n<li>Estar em pleno gozo dos direitos pol\u00edticos;<\/li>\n\n\n\n<li>Demonstrar conduta social ilibada e compat\u00edvel com o exerc\u00edcio da fun\u00e7\u00e3o p\u00fablica;<\/li>\n\n\n\n<li>Possuir aptid\u00e3o f\u00edsica plena e compatibilidade psicol\u00f3gica, comprovadas por exames espec\u00edficos definidos em edital;<\/li>\n\n\n\n<li>Ser aprovado no Curso de Forma\u00e7\u00e3o T\u00e9cnico-Profissional, conforme diretrizes estabelecidas em instru\u00e7\u00e3o normativa espec\u00edfica.<\/li>\n<\/ul><h2 class=\"wp-block-heading\" id=\"atribuies\">Atribui\u00e7\u00f5es<\/h2>\n\n\n\n<p>Confira as principais atividades previstas para a fun\u00e7\u00e3o:<\/p>\n\n\n\n<ul class=\"wp-block-list\"><li>Zelar pelos bens, equipamentos e pr\u00e9dios p\u00fablicos municipais;<\/li>\n\n\n\n<li>Prevenir e coibir infra\u00e7\u00f5es penais e administrativas;<\/li>\n\n\n\n<li>Atuar em conjunto com \u00f3rg\u00e3os de seguran\u00e7a p\u00fablica;<\/li>\n\n\n\n<li>Proteger o patrim\u00f4nio ambiental, hist\u00f3rico e cultural;<\/li>\n\n\n\n<li>Cooperar com a Defesa Civil em emerg\u00eancias;<\/li>\n\n\n\n<li>Exercer compet\u00eancias de tr\u00e2nsito mediante conv\u00eanio;<\/li>\n\n\n\n<li>Desenvolver a\u00e7\u00f5es de preven\u00e7\u00e3o \u00e0 viol\u00eancia e educa\u00e7\u00e3o cidad\u00e3;<\/li>\n\n\n\n<li>Colaborar com a seguran\u00e7a escolar e comunit\u00e1ria;<\/li>\n\n\n\n<li>Apoiar a fiscaliza\u00e7\u00e3o e o poder de pol\u00edcia administrativa;<\/li>\n\n\n\n<li>Monitorar e proteger \u00e1reas p\u00fablicas com uso de tecnologia;<\/li>\n\n\n\n<li>Atender ocorr\u00eancias emergenciais e encaminhar flagrantes \u00e0 autoridade policial;<\/li>\n\n\n\n<li>Auxiliar na seguran\u00e7a de eventos e em a\u00e7\u00f5es de reintegra\u00e7\u00e3o de posse;<\/li>\n\n\n\n<li>Executar policiamento ostensivo e comunit\u00e1rio em espa\u00e7os p\u00fablicos;<\/li>\n\n\n\n<li>Desempenhar outras atividades correlatas previstas em lei.<\/li>\n<\/ul><h2 class=\"wp-block-heading\" id=\"etapas-e-provas-do-concurso-guarda-de-porto-velho\">Etapas e provas do concurso Guarda de Porto Velho<\/h2>\n\n\n\n<p>O concurso da Guarda de Porto Velho ser\u00e1 composto por sete fases, todas de car\u00e1ter eliminat\u00f3rio, exceto a prova de t\u00edtulos, que ser\u00e1 classificat\u00f3ria. Confira:<\/p>\n\n\n\n<h3 class=\"wp-block-heading\">Prova objetiva<\/h3>\n\n\n\n<p>A prova objetiva contar\u00e1 com <strong>120 quest\u00f5es de m\u00faltipla escolha<\/strong> e ser\u00e1 aplicada no munic\u00edpio de Porto Velho.<\/p>\n\n\n\n<p>Para ser considerado aprovado nesta etapa, o candidato dever\u00e1 obter <strong>nota m\u00ednima de 50%<\/strong> do total de pontos.<\/p>\n\n\n\n<h3 class=\"wp-block-heading\">Teste de Aptid\u00e3o F\u00edsica (TAF)<\/h3>\n\n\n\n<p>O Teste de Aptid\u00e3o F\u00edsica avaliar\u00e1 a capacidade f\u00edsica do candidato por meio de exerc\u00edcios espec\u00edficos, adaptados conforme g\u00eanero e faixa et\u00e1ria.<\/p>\n\n\n\n<p>Ser\u00e3o cobrados os seguintes testes:<\/p>\n\n\n\n<ul class=\"wp-block-list\"><li>Flex\u00e3o de bra\u00e7o;<\/li>\n\n\n\n<li>Abdominal;<\/li>\n\n\n\n<li>Corrida;<\/li>\n\n\n\n<li>Salto;<\/li>\n\n\n\n<li>Barra fixa.<\/li>\n<\/ul><p>A etapa possui car\u00e1ter eliminat\u00f3rio.<\/p>\n\n\n\n<h3 class=\"wp-block-heading\">Avalia\u00e7\u00e3o psicol\u00f3gica<\/h3>\n\n\n\n<p>A Avalia\u00e7\u00e3o Psicol\u00f3gica ser\u00e1 realizada por meio de bateria de testes psicom\u00e9tricos, incluindo:<\/p>\n\n\n\n<ul class=\"wp-block-list\"><li>Perfil de personalidade (MMPI-2);<\/li>\n\n\n\n<li>Entrevista individual;<\/li>\n\n\n\n<li>Teste projetivo.<\/li>\n<\/ul><p>A fase tem car\u00e1ter eliminat\u00f3rio e visa verificar a compatibilidade do perfil psicol\u00f3gico com as atribui\u00e7\u00f5es do cargo.<\/p>\n\n\n\n<h3 class=\"wp-block-heading\">Exame toxicol\u00f3gico<\/h3>\n\n\n\n<p>O Exame Toxicol\u00f3gico ser\u00e1 custeado pelo pr\u00f3prio candidato, sendo exigido resultado negativo para perman\u00eancia no certame.<\/p>\n\n\n\n<p>A etapa \u00e9 eliminat\u00f3ria.<\/p>\n\n\n\n<h3 class=\"wp-block-heading\">Investiga\u00e7\u00e3o social<\/h3>\n\n\n\n<p>A Investiga\u00e7\u00e3o Social consistir\u00e1 na verifica\u00e7\u00e3o de antecedentes e da conduta do candidato nos \u00faltimos cinco anos, com car\u00e1ter eliminat\u00f3rio.<\/p>\n\n\n\n<h3 class=\"wp-block-heading\">Prova de t\u00edtulos<\/h3>\n\n\n\n<p>A Prova de T\u00edtulos ter\u00e1 car\u00e1ter exclusivamente classificat\u00f3rio.<\/p>\n\n\n\n<p>Ser\u00e3o pontuados:<\/p>\n\n\n\n<ul class=\"wp-block-list\"><li>Especializa\u00e7\u00e3o: <strong>1 ponto<\/strong>;<\/li>\n\n\n\n<li>Mestrado: <strong>3 pontos<\/strong>;<\/li>\n\n\n\n<li>Doutorado: <strong>5 pontos<\/strong>.<\/li>\n<\/ul><h3 class=\"wp-block-heading\">Curso de forma\u00e7\u00e3o<\/h3>\n\n\n\n<p>Os candidatos aprovados nas etapas anteriores ser\u00e3o convocados para o Curso de Forma\u00e7\u00e3o, realizado pela Academia da Pol\u00edcia Civil de Rond\u00f4nia, mediante acordo de coopera\u00e7\u00e3o.<\/p>\n\n\n\n<p>O curso possui car\u00e1ter eliminat\u00f3rio.<\/p>\n\n\n\n<h3 class=\"wp-block-heading\">Avalia\u00e7\u00e3o para PcD<\/h3>\n\n\n\n<p>Os candidatos inscritos como pessoas com defici\u00eancia (PcD) tamb\u00e9m ser\u00e3o submetidos \u00e0 avalia\u00e7\u00e3o biopsicossocial e exame m\u00e9dico-pericial, para verifica\u00e7\u00e3o da compatibilidade da defici\u00eancia com as atribui\u00e7\u00f5es do cargo.<\/p>\n\n\n\n<h2 class=\"wp-block-heading\" id=\"materiais-preparatrios-para-o-concurso-anpd\">Materiais preparat\u00f3rios para o concurso Guarda de Porto Velho<\/h2>\n\n\n\n<p>Estudar para o\u00a0<strong>concurso Guarda de Porto Velho<\/strong>\u00a0exige comprometimento, disciplina e um planejamento bem estruturado. A const\u00e2ncia nos estudos e a aplica\u00e7\u00e3o de m\u00e9todos eficazes s\u00e3o fundamentais para manter o foco e evitar o desgaste durante a prepara\u00e7\u00e3o.<\/p>\n\n\n\n<p>A\u00a0<a href=\"https:\/\/www.novaconcursos.com.br\/\">Nova Concursos<\/a>\u00a0oferece materiais atualizados e estrat\u00e9gias eficientes, ideais para quem precisa equilibrar rotina e estudos. Aproveitar esses recursos pode ser o diferencial na sua caminhada rumo \u00e0 aprova\u00e7\u00e3o.<\/p>\n\n\n\n<p>Cada dia sem estudar \u00e9 um obst\u00e1culo a mais entre voc\u00ea e a sua vaga. Inicie agora sua prepara\u00e7\u00e3o com materiais que j\u00e1 ajudaram milhares de candidatos a conquistar um lugar no servi\u00e7o p\u00fablico. N\u00e3o deixe para depois!<\/p>\n\n\n\n<h3 class=\"wp-block-heading\">Assinatura Nova Concursos<\/h3>\n\n\n\n<p>Na Nova Concursos, voc\u00ea encontra uma metodologia eficiente, direta ao ponto e feita para quem quer passar sem perder tempo com conte\u00fados irrelevantes. Com nosso exclusivo\u00a0<a href=\"https:\/\/aprovacao.novaconcursos.com.br\/assinatura\/\">Plano do Especialista<\/a>, voc\u00ea segue uma trilha personalizada, com ciclos de estudo que te levam at\u00e9 a aprova\u00e7\u00e3o como se tivesse um coach ao lado.<\/p>\n\n\n\n<p>Aqui, voc\u00ea tamb\u00e9m conta com atendimento humanizado e tutores prontos para te ajudar em cada etapa da jornada. Assine agora e descubra como \u00e9 estudar com quem entende de aprova\u00e7\u00e3o!<\/p>\n\n\n\n<h2 class=\"wp-block-heading\" id=\"ltimo-concurso-guarda-de-porto-velho\">\u00daltimo concurso Guarda de Porto Velho<\/h2>\n\n\n\n<p>N\u00e3o houve concurso anterior para a Guarda Municipal de Porto Velho, pois o certame previsto para 2026 ser\u00e1, na pr\u00e1tica, o primeiro da hist\u00f3ria da corpora\u00e7\u00e3o. Isso acontece porque a pr\u00f3pria guarda \u00e9 recente e s\u00f3 foi criada oficialmente em 2025, por meio de legisla\u00e7\u00e3o municipal que estruturou a carreira e autorizou a realiza\u00e7\u00e3o de concurso p\u00fablico para forma\u00e7\u00e3o do efetivo.<\/p>\n\n\n\n<p>Antes dessa cria\u00e7\u00e3o, Porto Velho n\u00e3o possu\u00eda Guarda Municipal estruturada, sendo inclusive uma das poucas capitais brasileiras nessa situa\u00e7\u00e3o. Com a aprova\u00e7\u00e3o da lei e a organiza\u00e7\u00e3o da carreira, abriu-se caminho para a realiza\u00e7\u00e3o do primeiro concurso p\u00fablico, j\u00e1 em fase avan\u00e7ada de prepara\u00e7\u00e3o para 2026.<\/p>\n\n\n\n<p>Por esse motivo, n\u00e3o existem editais anteriores, provas ou hist\u00f3rico de sele\u00e7\u00f5es para o cargo no munic\u00edpio. Diferentemente de outras cidades, onde h\u00e1 v\u00e1rios concursos ao longo dos anos, Porto Velho est\u00e1 iniciando agora a forma\u00e7\u00e3o do seu quadro de guardas, o que explica a aus\u00eancia de concursos anteriores e refor\u00e7a o car\u00e1ter in\u00e9dito do pr\u00f3ximo edital.<\/p>","protected":false},"excerpt":{"rendered":"<p>Concurso Guarda de Porto Velho \u00e9 confirmado e conta com banca contratada! Confira!<\/p>\n","protected":false},"author":54701,"featured_media":307571,"comment_status":"closed","ping_status":"closed","sticky":false,"template":"","format":"standard","meta":{"_acf_changed":false,"footnotes":"","_wp_rev_ctl_limit":""},"categories":[44999,44941,44970],"tags":[45694],"class_list":["post-85052","post","type-post","status-publish","format-standard","has-post-thumbnail","hentry","category-concursos","category-carreira-policial","category-ro","tag-concurso-guarda-de-porto-velho"],"acf":[],"_links":{"self":[{"href":"https:\/\/www.novaconcursos.com.br\/portal\/wp-json\/wp\/v2\/posts\/85052","targetHints":{"allow":["GET"]}}],"collection":[{"href":"https:\/\/www.novaconcursos.com.br\/portal\/wp-json\/wp\/v2\/posts"}],"about":[{"href":"https:\/\/www.novaconcursos.com.br\/portal\/wp-json\/wp\/v2\/types\/post"}],"author":[{"embeddable":true,"href":"https:\/\/www.novaconcursos.com.br\/portal\/wp-json\/wp\/v2\/users\/54701"}],"replies":[{"embeddable":true,"href":"https:\/\/www.novaconcursos.com.br\/portal\/wp-json\/wp\/v2\/comments?post=85052"}],"version-history":[{"count":6,"href":"https:\/\/www.novaconcursos.com.br\/portal\/wp-json\/wp\/v2\/posts\/85052\/revisions"}],"predecessor-version":[{"id":307573,"href":"https:\/\/www.novaconcursos.com.br\/portal\/wp-json\/wp\/v2\/posts\/85052\/revisions\/307573"}],"wp:featuredmedia":[{"embeddable":true,"href":"https:\/\/www.novaconcursos.com.br\/portal\/wp-json\/wp\/v2\/media\/307571"}],"wp:attachment":[{"href":"https:\/\/www.novaconcursos.com.br\/portal\/wp-json\/wp\/v2\/media?parent=85052"}],"wp:term":[{"taxonomy":"category","embeddable":true,"href":"https:\/\/www.novaconcursos.com.br\/portal\/wp-json\/wp\/v2\/categories?post=85052"},{"taxonomy":"post_tag","embeddable":true,"href":"https:\/\/www.novaconcursos.com.br\/portal\/wp-json\/wp\/v2\/tags?post=85052"}],"curies":[{"name":"wp","href":"https:\/\/api.w.org\/{rel}","templated":true}]}}