{"id":85125,"date":"2019-05-13T17:42:10","date_gmt":"2019-05-13T20:42:10","guid":{"rendered":"https:\/\/www.novaconcursos.com.br\/portal\/?p=85125"},"modified":"2020-08-17T19:31:00","modified_gmt":"2020-08-17T22:31:00","slug":"concurso-pc-rj-delegado-novos-membros-da-comissao-sao-divulgados","status":"publish","type":"post","link":"https:\/\/www.novaconcursos.com.br\/portal\/noticias\/concurso-pc-rj-delegado-novos-membros-da-comissao-sao-divulgados\/","title":{"rendered":"Concurso PC-RJ Delegado: Novos membros da comiss\u00e3o s\u00e3o divulgados!"},"content":{"rendered":"<p>Grande not\u00edcia concurseiros cariocas! O <a rel=\"noreferrer noopener\" aria-label=\"concurso (abre numa nova aba)\" href=\"https:\/\/www.novaconcursos.com.br\" target=\"_blank\">concurso<\/a> <strong>PC-RJ Delegado<\/strong> (<a rel=\"noreferrer noopener\" aria-label=\"Pol\u00edcia Civil do Rio de Janeiro (abre numa nova aba)\" href=\"https:\/\/www.novaconcursos.com.br\/concurso\/pc-rj-policia-civil-do-rio-de-janeiro\/apostila?promo_name=blog&amp;promo_id=link&amp;promo_position=rodape&amp;promo_creative=conc-pc-rj\" target=\"_blank\">Pol\u00edcia Civil do Rio de Janeiro<\/a>) deu mais um avan\u00e7o em seus tr\u00e2mites com a <strong>divulga\u00e7\u00e3o de novos membros da comiss\u00e3o<\/strong>. <\/p>\n\n\n\n<h2 class=\"wp-block-heading\" id=\"comisso-tem-mais-dois-membros\">Comiss\u00e3o tem mais dois membros<br><\/h2>\n\n\n\n<p><strong>O concurso da Pol\u00edcia Civil do Rio de Janeiro para o cargo de Delegado<\/strong>, deu mais um passo para a divulga\u00e7\u00e3o do edital e consequentemente a realiza\u00e7\u00e3o de um novo certame.<\/p>\n\n\n\n<p style=\"color:#1a3988\" class=\"has-text-color\"> <a href=\"https:\/\/www.novaconcursos.com.br\/portal\/concursos\/concurso-policia-civil-rj\/\" target=\"_blank\" rel=\"noreferrer noopener\" aria-label=\"\u21d2 Confira todas as informa\u00e7\u00f5es na p\u00e1gina do concurso!  (abre numa nova aba)\">\u21d2 Confira todas as informa\u00e7\u00f5es na p\u00e1gina do concurso! <\/a><br><\/p>\n\n\n\n<p> Foi anunciado na segunda-feira (13\/05), <strong>pela Secretaria de Pol\u00edcia Civil do Rio de Janeiro (Sepol) mais dois membros que ir\u00e3o compor a banca examinadora do pr\u00f3ximo concurso<\/strong>.<\/p>\n\n\n\n<div class=\"wp-block-image\"><figure class=\"aligncenter is-resized\"><img decoding=\"async\" src=\"https:\/\/www.novaconcursos.com.br\/portal\/wp-content\/uploads\/2019\/04\/PC-RJ-1024x576.jpg\" alt=\"Nova-PCRJ\" class=\"wp-image-84427\" width=\"760\" height=\"427\" loading=\"lazy\" title=\"\" srcset=\"https:\/\/www.novaconcursos.com.br\/portal\/wp-content\/uploads\/2019\/04\/PC-RJ-300x169.jpg 300w, https:\/\/www.novaconcursos.com.br\/portal\/wp-content\/uploads\/2019\/04\/PC-RJ-1024x576.jpg 1024w, https:\/\/www.novaconcursos.com.br\/portal\/wp-content\/uploads\/2019\/04\/PC-RJ.jpg 1920w\" sizes=\"auto, (max-width: 480px) 100vw, (max-width: 768px) 100vw, (max-width: 1200px) 70vw, 768px\"><\/figure><\/div>\n\n\n\n<p>A organiza\u00e7\u00e3o do concurso est\u00e1 em busca da <strong>defini\u00e7\u00e3o dos membros da banca de mais tr\u00eas disciplinas<\/strong>, sendo:<\/p>\n\n\n\n<ul class=\"wp-block-list\"><li>Direito Constitucional;<\/li><\/ul><ul class=\"wp-block-list\"><li>Direito Penal;<\/li><\/ul><ul class=\"wp-block-list\"><li>Medicina Legal.<br><\/li><\/ul><p><\/p>\n\n\n\n<p>Vale ressaltar, <strong>que no in\u00edcio do m\u00eas de maio, foi definida a banca de Direito Civil<\/strong>, sendo o desembargador federal Guilherme Calmon.<br><\/p>\n\n\n\n<p>O governo do Rio de Janeiro tem como objetivo melhorar a situa\u00e7\u00e3o da seguran\u00e7a p\u00fablica do estado. O novo concurso para o cargo de <strong>Delegado, teve autoriza\u00e7\u00e3o no ano de 2018 com oferta de<\/strong> <strong>16 vagas<\/strong>. Por\u00e9m em entrevista, o governador Wilson Witzel, afirmou que o concurso dever\u00e1 ofertar por volta de <strong>180 vagas<\/strong>.<\/p>\n\n\n\n<p style=\"color:#1270db\" class=\"has-text-color has-text-align-center\"><a rel=\"noreferrer noopener\" aria-label=\"\u00bb Prepare-se com a Apostila PC-RJ + B\u00d4NUS (GR\u00c1TIS) \u00ab (abre numa nova aba)\" href=\"https:\/\/www.novaconcursos.com.br\/concurso\/pc-rj-policia-civil-do-rio-de-janeiro\/apostila?promo_name=blog&amp;promo_id=link&amp;promo_position=rodape&amp;promo_creative=conc-pc-rj\" target=\"_blank\">\u00bb Prepare-se com a Apostila PC-RJ + B\u00d4NUS (GR\u00c1TIS) \u00ab<\/a><br><\/p>","protected":false},"excerpt":{"rendered":"<p>Grande not\u00edcia concurseiros cariocas! O concurso PC-RJ Delegado (Pol\u00edcia Civil do Rio de Janeiro) deu mais um avan\u00e7o em seus tr\u00e2mites com a divulga\u00e7\u00e3o de novos membros da comiss\u00e3o. Comiss\u00e3o tem mais dois membros O concurso da Pol\u00edcia Civil do Rio de Janeiro para o cargo de Delegado, deu mais um passo para a divulga\u00e7\u00e3o [&hellip;]<\/p>\n","protected":false},"author":16,"featured_media":84447,"comment_status":"closed","ping_status":"closed","sticky":false,"template":"","format":"standard","meta":{"_acf_changed":false,"footnotes":"","_wp_rev_ctl_limit":""},"categories":[228],"tags":[],"class_list":["post-85125","post","type-post","status-publish","format-standard","has-post-thumbnail","hentry","category-noticias"],"acf":[],"_links":{"self":[{"href":"https:\/\/www.novaconcursos.com.br\/portal\/wp-json\/wp\/v2\/posts\/85125","targetHints":{"allow":["GET"]}}],"collection":[{"href":"https:\/\/www.novaconcursos.com.br\/portal\/wp-json\/wp\/v2\/posts"}],"about":[{"href":"https:\/\/www.novaconcursos.com.br\/portal\/wp-json\/wp\/v2\/types\/post"}],"author":[{"embeddable":true,"href":"https:\/\/www.novaconcursos.com.br\/portal\/wp-json\/wp\/v2\/users\/16"}],"replies":[{"embeddable":true,"href":"https:\/\/www.novaconcursos.com.br\/portal\/wp-json\/wp\/v2\/comments?post=85125"}],"version-history":[{"count":3,"href":"https:\/\/www.novaconcursos.com.br\/portal\/wp-json\/wp\/v2\/posts\/85125\/revisions"}],"predecessor-version":[{"id":104875,"href":"https:\/\/www.novaconcursos.com.br\/portal\/wp-json\/wp\/v2\/posts\/85125\/revisions\/104875"}],"wp:featuredmedia":[{"embeddable":true,"href":"https:\/\/www.novaconcursos.com.br\/portal\/wp-json\/wp\/v2\/media\/84447"}],"wp:attachment":[{"href":"https:\/\/www.novaconcursos.com.br\/portal\/wp-json\/wp\/v2\/media?parent=85125"}],"wp:term":[{"taxonomy":"category","embeddable":true,"href":"https:\/\/www.novaconcursos.com.br\/portal\/wp-json\/wp\/v2\/categories?post=85125"},{"taxonomy":"post_tag","embeddable":true,"href":"https:\/\/www.novaconcursos.com.br\/portal\/wp-json\/wp\/v2\/tags?post=85125"}],"curies":[{"name":"wp","href":"https:\/\/api.w.org\/{rel}","templated":true}]}}