{"id":8549,"date":"2014-05-19T16:28:06","date_gmt":"2014-05-19T19:28:06","guid":{"rendered":"http:\/\/www.novaconcursos.com.br\/portal\/?p=8549"},"modified":"2025-04-28T12:55:26","modified_gmt":"2025-04-28T15:55:26","slug":"editais-da-semana-19-a-2505","status":"publish","type":"post","link":"https:\/\/www.novaconcursos.com.br\/portal\/noticias\/editais-da-semana-19-a-2505\/","title":{"rendered":"Editais da semana- 19 a 25\/05"},"content":{"rendered":"<p>Confira a\u00a0<strong>sele\u00e7\u00e3o\u00a0de editais para concursos<\/strong>\u00a0p\u00fablicos\u00a0selecionados pela Nova concursos:<\/p>\n\n\n\n<h2 class=\"wp-block-heading\" id=\"centro-de-educao-tecnolgica-do-amazonas-cetam\"><span style=\"color: #000000;\">Centro de Educa\u00e7\u00e3o Tecnol\u00f3gica do Amazonas\u00a0(Cetam)<\/span><\/h2>\n\n\n\n<p><span style=\"color: #000000;\"><strong>N\u00famero de vagas:<\/strong><\/span>\u00a0125<br><span style=\"color: #000000;\"><strong>Sal\u00e1rio:<\/strong><\/span>\u00a0De R$\u00a01.848,25 a R$ 3.760,60<br><span style=\"color: #000000;\"><strong>N\u00edvel:<\/strong><\/span>\u00a0m\u00e9dio, t\u00e9cnico e superior<br><span style=\"color: #000000;\"><strong>Local:<\/strong><\/span>\u00a0Manaus, Itacoatiara, Tabatinga e Tef\u00e9<br><span style=\"color: #000000;\"><strong>Data da inscri\u00e7\u00e3o:<\/strong><\/span>\u00a013\/06\/2014<\/p>\n\n\n\n<h2 class=\"wp-block-heading\" id=\"tribunal-de-contas-do-rio-grande-do-sul-tc-rs\"><span style=\"color: #000000;\">Tribunal de Contas do Rio Grande do Sul\u00a0(TC RS)<\/span><\/h2>\n\n\n\n<p><strong><span style=\"color: #000000;\">N\u00famero de vagas<\/span>:<\/strong>\u00a031<br><span style=\"color: #000000;\"><strong>Sal\u00e1rio:<\/strong><\/span>\u00a0R$ 14.107,38<br><span style=\"color: #000000;\"><strong>N\u00edvel:<\/strong><\/span>\u00a0superior<br><span style=\"color: #000000;\"><strong>Local:<\/strong><\/span>\u00a0Rio Grande so Sul<br><span style=\"color: #000000;\"><strong>Data da inscri\u00e7\u00e3o:<\/strong><\/span>\u00a0at\u00e9 10\/06\/2014<\/p>\n\n\n\n<h2 class=\"wp-block-heading\" id=\"universidade-federal-do-rio-de-janeiro-ufrj\"><span style=\"color: #000000;\">Universidade Federal do Rio de Janeiro\u00a0(UFRJ)<\/span><\/h2>\n\n\n\n<p><span style=\"color: #000000;\"><strong>N\u00famero de vagas:<\/strong><\/span>\u00a083<br><span style=\"color: #000000;\"><strong>Sal\u00e1rio:<\/strong>\u00a0<\/span>de\u00a0R$ 1.984,40 a R$ 4.649,65<br><span style=\"color: #000000;\"><strong>N\u00edvel:<\/strong><\/span>\u00a0superior<br><strong><span style=\"color: #000000;\">Local<\/span>:<\/strong>\u00a0Rio de Janeiro<br><span style=\"color: #000000;\"><strong>Data da inscri\u00e7\u00e3o:<\/strong><\/span>\u00a0at\u00e9 22\/05\/2014<\/p>\n\n\n\n<h2 class=\"wp-block-heading\" id=\"prefeitura-de-piracicaba-\"><span style=\"color: #000000;\">Prefeitura de Piracicaba\u00a0<\/span><\/h2>\n\n\n\n<p><span style=\"color: #000000;\"><strong>N\u00famero de vagas:<\/strong><\/span>\u00a0103<br><span style=\"color: #000000;\"><strong>Sal\u00e1rio:<\/strong>\u00a0<\/span>de R$ 1.420,66 a R$ 2.772,53<br><span style=\"color: #000000;\"><strong>N\u00edvel:<\/strong><\/span>\u00a0\u00a0m\u00e9dio, t\u00e9cnico e superior<br><span style=\"color: #000000;\"><strong>Local:<\/strong><\/span>\u00a0Piracicaba, S\u00e3o Paulo<br><span style=\"color: #000000;\"><strong>Data da inscri\u00e7\u00e3o:<\/strong><\/span>\u00a0at\u00e9 26\/05\/2014<\/p>\n\n\n\n<h2 class=\"wp-block-heading\" id=\"prefeitura-de-sabudia\"><span style=\"color: #000000;\">Prefeitura de Sab\u00e1udia<\/span><\/h2>\n\n\n\n<p><span style=\"color: #000000;\"><strong>N\u00famero de vagas:<\/strong>\u00a0<\/span>35<br><strong><span style=\"color: #000000;\">Sal\u00e1rio<\/span>:<\/strong>\u00a0de at\u00e9\u00a0R$ 9.285<br><span style=\"color: #000000;\"><strong>N\u00edvel:<\/strong><\/span>\u00a0todos os n\u00edveis<br><span style=\"color: #000000;\"><strong>Local:<\/strong><\/span>\u00a0Sab\u00e1udia, Paran\u00e1.<br><span style=\"color: #000000;\"><strong>Data da inscri\u00e7\u00e3o:<\/strong><\/span>\u00a0at\u00e9 04\/06\/2014<\/p>\n\n\n\n<h2 class=\"wp-block-heading\" id=\"prefeitura-de-so-bento-do-sapuca\"><span style=\"color: #000000;\">Prefeitura de S\u00e3o Bento do Sapuca\u00ed<\/span><\/h2>\n\n\n\n<p><span style=\"color: #000000;\"><strong>N\u00famero de vagas:<\/strong>\u00a0<\/span>90<br><span style=\"color: #000000;\"><strong>Sal\u00e1rio:<\/strong>\u00a0<\/span>\u00a0de at\u00e9 R$ 3.800<br><span style=\"color: #000000;\"><strong>N\u00edvel:<\/strong>\u00a0<\/span>todos<br><span style=\"color: #000000;\"><strong>Local:<\/strong><\/span>\u00a0Sapuca\u00ed, S\u00e3o Paulo<br><span style=\"color: #000000;\"><strong>Data da inscri\u00e7\u00e3o:<\/strong><\/span>\u00a001\/06\/2014<\/p>\n\n\n\n<h2 class=\"wp-block-heading\" id=\"instituto-baiano-de-metrologia-e-qualidade-ibametro\"><span style=\"color: #000000;\">Instituto Baiano de Metrologia e Qualidade\u00a0(Ibametro)<\/span><\/h2>\n\n\n\n<p><span style=\"color: #000000;\"><strong>N\u00famero de vagas:<\/strong><\/span>\u00a097<br><span style=\"color: #000000;\"><strong>Sal\u00e1rio:<\/strong>\u00a0<\/span>de at\u00e9 R$ 1.070,71<br><span style=\"color: #000000;\"><strong>N\u00edvel:<\/strong><\/span>\u00a0Auxiliar de Metrologia, T\u00e9cnico em Metrologia, T\u00e9cnico Administrativo e T\u00e9cnico de n\u00edvel superior.<br><span style=\"color: #000000;\"><strong>Local:<\/strong><\/span>\u00a0Bahia<br><span style=\"color: #000000;\"><strong>Data da inscri\u00e7\u00e3o:<\/strong>\u00a0<\/span>at\u00e9 23\/05\/2014<\/p>\n\n\n\n<h2 class=\"wp-block-heading\" id=\"agncia-de-defesa-agropecuria-rr\"><span style=\"color: #000000;\">AG\u00caNCIA DE DEFESA AGROPECU\u00c1RIA (RR)<\/span><\/h2>\n\n\n\n<p><span style=\"color: #000000;\"><strong>N\u00famero de vagas<\/strong>:<\/span> 203<br><span style=\"color: #000000;\"><strong>Sal\u00e1rio<\/strong><\/span>: R$ 3.847,04<br><span style=\"color: #000000;\"><strong>N\u00edvel<\/strong><\/span>: M\u00e9dio, t\u00e9cnico e superior<br><span style=\"color: #000000;\"><strong>Local<\/strong><\/span>: Boa Vista<br><span style=\"color: #000000;\"><strong>Data da inscri\u00e7\u00e3o<\/strong><\/span>: At\u00e9 02\/06\/14<\/p>\n\n\n\n<h2 class=\"wp-block-heading\" id=\"prefeitura-de-parauapebas-pa\"><span style=\"color: #000000;\">PREFEITURA DE PARAUAPEBAS (PA)<\/span><\/h2>\n\n\n\n<p><span style=\"color: #000000;\"><strong>N\u00famero de vagas:<\/strong> <\/span>150<br><span style=\"color: #000000;\"><strong>Sal\u00e1rio:<\/strong><\/span> R$ 1.711,50<br><span style=\"color: #000000;\"><strong>N\u00edvel:<\/strong> <\/span>M\u00e9dio<br><span style=\"color: #000000;\"><strong>Local:<\/strong> <\/span>Paraupebas (PA)<br><span style=\"color: #000000;\"><strong>Data da inscri\u00e7\u00e3o:<\/strong> <\/span>At\u00e9 12\/05\/14<\/p>\n\n\n\n<h2 class=\"wp-block-heading\" id=\"prefeitura-de-pedra-lavrada-pb\"><span style=\"color: #000000;\">PREFEITURA DE PEDRA LAVRADA (PB)<\/span><\/h2>\n\n\n\n<p><span style=\"color: #000000;\"><strong>N\u00famero de vagas:<\/strong> <\/span>70<br><span style=\"color: #000000;\"><strong>Sal\u00e1rio:<\/strong> <\/span>R$ 2.403,50<br><span style=\"color: #000000;\"><strong>N\u00edvel:<\/strong> <\/span>Todos os n\u00edveis<br><span style=\"color: #000000;\"><strong>Local:<\/strong> <\/span>Pedra Lavada (PB)<br><span style=\"color: #000000;\"><strong>Data da inscri\u00e7\u00e3o:<\/strong> <\/span>At\u00e9 15\/05\/14<\/p>\n\n\n\n<h2 class=\"wp-block-heading\" id=\"prefeitura-de-pentecoste-ce\"><span style=\"color: #000000;\">PREFEITURA DE PENTECOSTE<b> (CE)<\/b><\/span><\/h2>\n\n\n\n<p><span style=\"color: #000000;\"><strong>N\u00famero de vagas:<\/strong><\/span> 458<br><span style=\"color: #000000;\"><strong>Sal\u00e1rio:<\/strong><\/span> R$ 4.800<br><span style=\"color: #000000;\"><strong>N\u00edvel:<\/strong><\/span> Todos os n\u00edveis<br><span style=\"color: #000000;\"><strong>Local:<\/strong> <\/span>Pentecostes (CE)<br><span style=\"color: #000000;\"><strong>Data da inscri\u00e7\u00e3o:<\/strong> <\/span>At\u00e9 12\/05\/14<\/p>\n\n\n\n<h2 class=\"wp-block-heading\" id=\"prefeitura-de-pontal-do-paran-pr\"><span style=\"color: #000000;\">PREFEITURA DE PONTAL DO PARAN\u00c1 (PR)<\/span><\/h2>\n\n\n\n<p><span style=\"color: #000000;\"><strong>N\u00famero de vagas:<\/strong><\/span> 20<br><span style=\"color: #000000;\"><strong>Sal\u00e1rio:<\/strong><\/span> R$ 1.044,58<br><span style=\"color: #000000;\"><strong>N\u00edvel:<\/strong><\/span> Ensino M\u00e9dio<br><span style=\"color: #000000;\"><strong>Local:<\/strong><\/span> Pontal do Paran\u00e1 (PR)<br><span style=\"color: #000000;\"><strong>Data da inscri\u00e7\u00e3o:<\/strong><\/span> At\u00e9 05\/06\/14<\/p>\n\n\n\n<p><\/p>","protected":false},"excerpt":{"rendered":"<p>Confira a\u00a0sele\u00e7\u00e3o\u00a0de editais para concursos\u00a0p\u00fablicos\u00a0selecionados pela Nova concursos: Centro de Educa\u00e7\u00e3o Tecnol\u00f3gica do Amazonas\u00a0(Cetam) N\u00famero de vagas:\u00a0125Sal\u00e1rio:\u00a0De R$\u00a01.848,25 a R$ 3.760,60N\u00edvel:\u00a0m\u00e9dio, t\u00e9cnico e superiorLocal:\u00a0Manaus, Itacoatiara, Tabatinga e Tef\u00e9Data da inscri\u00e7\u00e3o:\u00a013\/06\/2014 Tribunal de Contas do Rio Grande do Sul\u00a0(TC RS) N\u00famero de vagas:\u00a031Sal\u00e1rio:\u00a0R$ 14.107,38N\u00edvel:\u00a0superiorLocal:\u00a0Rio Grande so SulData da inscri\u00e7\u00e3o:\u00a0at\u00e9 10\/06\/2014 Universidade Federal do Rio de Janeiro\u00a0(UFRJ) [&hellip;]<\/p>\n","protected":false},"author":16,"featured_media":6311,"comment_status":"closed","ping_status":"closed","sticky":false,"template":"","format":"standard","meta":{"_acf_changed":false,"footnotes":"","_wp_rev_ctl_limit":""},"categories":[228],"tags":[6480,461,462,464,465,466,467,468],"class_list":["post-8549","post","type-post","status-publish","format-standard","has-post-thumbnail","hentry","category-noticias","tag-dicas-de-edital","tag-editais","tag-editais-2014","tag-editais-para-concurso","tag-edital","tag-edital-2014","tag-edital-para-concurso","tag-lista-edital"],"acf":[],"_links":{"self":[{"href":"https:\/\/www.novaconcursos.com.br\/portal\/wp-json\/wp\/v2\/posts\/8549","targetHints":{"allow":["GET"]}}],"collection":[{"href":"https:\/\/www.novaconcursos.com.br\/portal\/wp-json\/wp\/v2\/posts"}],"about":[{"href":"https:\/\/www.novaconcursos.com.br\/portal\/wp-json\/wp\/v2\/types\/post"}],"author":[{"embeddable":true,"href":"https:\/\/www.novaconcursos.com.br\/portal\/wp-json\/wp\/v2\/users\/16"}],"replies":[{"embeddable":true,"href":"https:\/\/www.novaconcursos.com.br\/portal\/wp-json\/wp\/v2\/comments?post=8549"}],"version-history":[{"count":4,"href":"https:\/\/www.novaconcursos.com.br\/portal\/wp-json\/wp\/v2\/posts\/8549\/revisions"}],"predecessor-version":[{"id":280938,"href":"https:\/\/www.novaconcursos.com.br\/portal\/wp-json\/wp\/v2\/posts\/8549\/revisions\/280938"}],"wp:featuredmedia":[{"embeddable":true,"href":"https:\/\/www.novaconcursos.com.br\/portal\/wp-json\/wp\/v2\/media\/6311"}],"wp:attachment":[{"href":"https:\/\/www.novaconcursos.com.br\/portal\/wp-json\/wp\/v2\/media?parent=8549"}],"wp:term":[{"taxonomy":"category","embeddable":true,"href":"https:\/\/www.novaconcursos.com.br\/portal\/wp-json\/wp\/v2\/categories?post=8549"},{"taxonomy":"post_tag","embeddable":true,"href":"https:\/\/www.novaconcursos.com.br\/portal\/wp-json\/wp\/v2\/tags?post=8549"}],"curies":[{"name":"wp","href":"https:\/\/api.w.org\/{rel}","templated":true}]}}