{"id":86531,"date":"2019-06-26T12:31:01","date_gmt":"2019-06-26T15:31:01","guid":{"rendered":"https:\/\/www.novaconcursos.com.br\/portal\/?p=86531"},"modified":"2019-06-26T13:47:50","modified_gmt":"2019-06-26T16:47:50","slug":"concurso-ifpr-inscricoes-prorrogadas-e-nova-data-de-aplicacao-da-prova","status":"publish","type":"post","link":"https:\/\/www.novaconcursos.com.br\/portal\/noticias\/concurso-ifpr-inscricoes-prorrogadas-e-nova-data-de-aplicacao-da-prova\/","title":{"rendered":"Concurso IFPR: Inscri\u00e7\u00f5es prorrogadas e nova data de aplica\u00e7\u00e3o da prova!"},"content":{"rendered":"<p>Aten\u00e7\u00e3o concurseiros paranaenses! O <a rel=\"noreferrer noopener\" aria-label=\"concurso (abre numa nova aba)\" href=\"https:\/\/www.novaconcursos.com.br\" target=\"_blank\">concurso<\/a> <strong>IFPR<\/strong> (<a href=\"https:\/\/www.novaconcursos.com.br\/concurso\/ifpr-instituto-federal-do-parana?promo_name=blog&amp;promo_id=link&amp;promo_position=ctx&amp;promo_creative=inscricoes-prorrogadas-ifpr\" target=\"_blank\" rel=\"noreferrer noopener\" aria-label=\"Instituto Federal de Educa\u00e7\u00e3o, Ci\u00eancia e Tecnologia do Paran\u00e1 (abre numa nova aba)\">Instituto Federal de Educa\u00e7\u00e3o, Ci\u00eancia e Tecnologia do Paran\u00e1<\/a>) <strong>tem as inscri\u00e7\u00f5es prorrogadas e nova data para realiza\u00e7\u00e3o da prova<\/strong>.<br><\/p>\n\n\n\n<p><a href=\"https:\/\/www.novaconcursos.com.br\/portal\/concursos\/concurso-ifpr\/\" target=\"_blank\" rel=\"noreferrer noopener\" aria-label=\"\u21d2 Confira todas as informa\u00e7\u00f5es na p\u00e1gina do concurso! (abre numa nova aba)\">\u21d2 Confira todas as informa\u00e7\u00f5es na p\u00e1gina do concurso!<\/a><\/p>\n\n\n\n<h2 class=\"wp-block-heading\" id=\"inscries-prorrogadas-e-nova-data-de-prova\">Inscri\u00e7\u00f5es prorrogadas e nova data de prova<br><\/h2>\n\n\n\n<p>Os <strong>tr\u00eas editais<\/strong> do concurso IFPR foram retificados, <strong>as mudan\u00e7as ocorrem no cronograma das sele\u00e7\u00f5es, incluindo o prazo para as inscri\u00e7\u00f5es e as datas das provas<\/strong>.<br><\/p>\n\n\n\n<p>O certame oferta <strong>133 vagas<\/strong> para cargos de n\u00edveis m\u00e9dio, t\u00e9cnico e superior. Com a nova retifica\u00e7\u00e3o, <strong>as inscri\u00e7\u00f5es ficar\u00e3o abertas at\u00e9 \u00e0s 23h59min do dia 15 de julho de 2019<\/strong>.<br><\/p>\n\n\n\n<p><strong>Para se inscrever<\/strong>, o candidato dever\u00e1 acessar o site da banca organizadora <a rel=\"noreferrer noopener\" aria-label=\"FAU (Funda\u00e7\u00e3o de Apoio ao Desenvolvimento Unicentro) (abre numa nova aba)\" href=\"http:\/\/www.concursosfau.com.br\/novo\/concursos\/\" target=\"_blank\">FAU (Funda\u00e7\u00e3o de Apoio ao Desenvolvimento Unicentro)<\/a>. A <strong>taxa de inscri\u00e7\u00e3o<\/strong> varia nos valores de <strong>R$ 80,00 a R$ 150,00<\/strong>.<br><\/p>\n\n\n\n<div class=\"wp-block-image\"><figure class=\"aligncenter is-resized\"><img decoding=\"async\" src=\"https:\/\/www.novaconcursos.com.br\/portal\/wp-content\/uploads\/2016\/06\/nova-ifpr-2-1024x702.jpg\" alt=\"Nova-IFPR\" class=\"wp-image-86128\" width=\"729\" height=\"498\" loading=\"lazy\" title=\"\"><\/figure><\/div>\n\n\n\n<p>A <strong>avalia\u00e7\u00e3o<\/strong> dos candidatos acontecer\u00e1 em at\u00e9 tr\u00eas etapas. <strong>A primeira delas, ser\u00e1 a prova objetiva para todos os cargos, com a retifica\u00e7\u00e3o o exame ser\u00e1 realizado no dia 18 de agosto de 2019<\/strong>.<br><\/p>\n\n\n\n<p><strong>O candidato que obtiver no m\u00ednimo 60% de aproveitamento dos pontos da prova objetiva ser\u00e1 considerado aprovado<\/strong>. O resultado final do certame est\u00e1 previsto para o dia <strong>30 de outubro de 2019<\/strong>.<br><\/p>\n\n\n\n<p><strong>Os candidatos aprovados em todas as etapas poder\u00e3o ser convocados durante o prazo de validade do concurso<\/strong>, que ser\u00e1 de um ano, podendo ser prorrogado por igual per\u00edodo.<\/p>\n\n\n\n<p style=\"color:#2b80e1;text-align:center\" class=\"has-text-color\"><a href=\"https:\/\/www.novaconcursos.com.br\/concurso\/ifpr-instituto-federal-do-parana?promo_name=blog&amp;promo_id=link&amp;promo_position=rodape&amp;promo_creative=inscricoes-prorrogadas-ifpr\" target=\"_blank\" rel=\"noreferrer noopener\" aria-label=\"\u00bb Prepare-se para o concurso IFPR + B\u00d4NUS (GR\u00c1TIS) \u00ab (abre numa nova aba)\">\u00bb Prepare-se para o concurso IFPR + B\u00d4NUS (GR\u00c1TIS) \u00ab<\/a><\/p>","protected":false},"excerpt":{"rendered":"<p>Aten\u00e7\u00e3o concurseiros paranaenses! O concurso IFPR (Instituto Federal de Educa\u00e7\u00e3o, Ci\u00eancia e Tecnologia do Paran\u00e1) tem as inscri\u00e7\u00f5es prorrogadas e nova data para realiza\u00e7\u00e3o da prova. \u21d2 Confira todas as informa\u00e7\u00f5es na p\u00e1gina do concurso! Inscri\u00e7\u00f5es prorrogadas e nova data de prova Os tr\u00eas editais do concurso IFPR foram retificados, as mudan\u00e7as ocorrem no cronograma [&hellip;]<\/p>\n","protected":false},"author":16,"featured_media":86128,"comment_status":"closed","ping_status":"closed","sticky":false,"template":"","format":"standard","meta":{"_acf_changed":false,"footnotes":"","_wp_rev_ctl_limit":""},"categories":[228],"tags":[],"class_list":["post-86531","post","type-post","status-publish","format-standard","has-post-thumbnail","hentry","category-noticias"],"acf":[],"_links":{"self":[{"href":"https:\/\/www.novaconcursos.com.br\/portal\/wp-json\/wp\/v2\/posts\/86531","targetHints":{"allow":["GET"]}}],"collection":[{"href":"https:\/\/www.novaconcursos.com.br\/portal\/wp-json\/wp\/v2\/posts"}],"about":[{"href":"https:\/\/www.novaconcursos.com.br\/portal\/wp-json\/wp\/v2\/types\/post"}],"author":[{"embeddable":true,"href":"https:\/\/www.novaconcursos.com.br\/portal\/wp-json\/wp\/v2\/users\/16"}],"replies":[{"embeddable":true,"href":"https:\/\/www.novaconcursos.com.br\/portal\/wp-json\/wp\/v2\/comments?post=86531"}],"version-history":[{"count":1,"href":"https:\/\/www.novaconcursos.com.br\/portal\/wp-json\/wp\/v2\/posts\/86531\/revisions"}],"predecessor-version":[{"id":86532,"href":"https:\/\/www.novaconcursos.com.br\/portal\/wp-json\/wp\/v2\/posts\/86531\/revisions\/86532"}],"wp:featuredmedia":[{"embeddable":true,"href":"https:\/\/www.novaconcursos.com.br\/portal\/wp-json\/wp\/v2\/media\/86128"}],"wp:attachment":[{"href":"https:\/\/www.novaconcursos.com.br\/portal\/wp-json\/wp\/v2\/media?parent=86531"}],"wp:term":[{"taxonomy":"category","embeddable":true,"href":"https:\/\/www.novaconcursos.com.br\/portal\/wp-json\/wp\/v2\/categories?post=86531"},{"taxonomy":"post_tag","embeddable":true,"href":"https:\/\/www.novaconcursos.com.br\/portal\/wp-json\/wp\/v2\/tags?post=86531"}],"curies":[{"name":"wp","href":"https:\/\/api.w.org\/{rel}","templated":true}]}}