{"id":86665,"date":"2019-07-01T17:12:59","date_gmt":"2019-07-01T20:12:59","guid":{"rendered":"https:\/\/www.novaconcursos.com.br\/portal\/?p=86665"},"modified":"2019-07-02T12:47:25","modified_gmt":"2019-07-02T15:47:25","slug":"concurso-pmerj-candidatos-convocados-gera-expectativa-de-um-novo-concurso","status":"publish","type":"post","link":"https:\/\/www.novaconcursos.com.br\/portal\/noticias\/concurso-pmerj-candidatos-convocados-gera-expectativa-de-um-novo-concurso\/","title":{"rendered":"Concurso PMERJ: Convoca\u00e7\u00e3o de candidatos aumenta expectativa sobre novo concurso!"},"content":{"rendered":"<p>Grande not\u00edcia concurseiros cariocas! <strong>A convoca\u00e7\u00e3o dos candidatos do \u00faltimo <\/strong><a rel=\"noreferrer noopener\" aria-label=\"concurso (abre numa nova aba)\" href=\"https:\/\/www.novaconcursos.com.br\" target=\"_blank\"><strong>concurso<\/strong><\/a><strong> PMERJ (<\/strong><a rel=\"noreferrer noopener\" aria-label=\"Pol\u00edcia Militar do Rio de Janeiro (abre numa nova aba)\" href=\"https:\/\/www.novaconcursos.com.br\/concurso\/pm-rj-policia-militar-do-rio-de-janeiro?promo_name=blog&amp;promo_id=link&amp;promo_position=ctx&amp;promo_creative=candidatos-convocados-pm-rj\" target=\"_blank\"><strong>Pol\u00edcia Militar do Rio de Janeiro<\/strong><\/a><strong>) aumenta ainda mais a expectativa para abertura de um novo concurso no cargo de Soldado<\/strong>.<br><\/p>\n\n\n\n<p><a href=\"https:\/\/www.novaconcursos.com.br\/portal\/concursos\/concurso-pmerj\/\" target=\"_blank\" rel=\"noreferrer noopener\" aria-label=\"\u21d2 Confira todas as informa\u00e7\u00f5es na p\u00e1gina do concurso! (abre numa nova aba)\">\u21d2 Confira todas as informa\u00e7\u00f5es na p\u00e1gina do concurso!<\/a><\/p>\n\n\n\n<h2 class=\"wp-block-heading\" id=\"candidatos-convocados\">Candidatos convocados<br><\/h2>\n\n\n\n<p><strong>A Pol\u00edcia Militar do Rio de Janeiro conta com 390 novos soldados em seu efetivo<\/strong>, os candidatos conclu\u00edram o Curso de Forma\u00e7\u00e3o para atuar na Seguran\u00e7a do Estado. <strong>Durante a solenidade de formatura, o governo disse que os agentes ir\u00e3o ajudar no refor\u00e7o do policiamento preventivo e ostensivo<\/strong>.<br><\/p>\n\n\n\n<div class=\"wp-block-image\"><figure class=\"aligncenter is-resized\"><img decoding=\"async\" src=\"https:\/\/www.novaconcursos.com.br\/portal\/wp-content\/uploads\/2019\/07\/PMERJ.gif\" alt=\"\" class=\"wp-image-86666\" width=\"787\" height=\"141\" loading=\"lazy\" title=\"\"><\/figure><\/div>\n\n\n\n<div class=\"wp-block-image\"><figure class=\"aligncenter is-resized\"><img decoding=\"async\" src=\"https:\/\/www.novaconcursos.com.br\/portal\/wp-content\/uploads\/2016\/12\/PMERJ-1-1024x576.jpg\" alt=\"Nova-PMERJ\" class=\"wp-image-85735\" width=\"773\" height=\"434\" loading=\"lazy\" title=\"\" srcset=\"https:\/\/www.novaconcursos.com.br\/portal\/wp-content\/uploads\/2016\/12\/PMERJ-1-300x169.jpg 300w, https:\/\/www.novaconcursos.com.br\/portal\/wp-content\/uploads\/2016\/12\/PMERJ-1-1024x576.jpg 1024w, https:\/\/www.novaconcursos.com.br\/portal\/wp-content\/uploads\/2016\/12\/PMERJ-1.jpg 1280w\" sizes=\"auto, (max-width: 480px) 100vw, (max-width: 768px) 100vw, (max-width: 1200px) 70vw, 768px\"><\/figure><\/div>\n\n\n\n<p>O secret\u00e1rio da Pol\u00edcia Militar, Coronel Figueiredo, destacou que a recomposi\u00e7\u00e3o do efetivo \u00e9 uma das metas do governo estadual. <strong>O atual quadro da PM \u00e9 de 43.800 soldados, o n\u00famero ideal seria superior a 60.000 soldados, deixando a corpora\u00e7\u00e3o com um d\u00e9ficit de 16.000 agentes<\/strong>.<br><\/p>\n\n\n\n<p>Segundo informa\u00e7\u00f5es da PMERJ, <strong>os 390 novos soldados j\u00e1 t\u00eam condi\u00e7\u00f5es de atuar no policiamento preventivo e ostensivo no estado<\/strong>. A partir do m\u00eas de julho, mais <strong>500 candidatos aprovados<\/strong> no \u00faltimo concurso realizado em 2014, ir\u00e3o iniciar a nova turma no <strong>Centro de Forma\u00e7\u00e3o e Aperfei\u00e7oamento de Pra\u00e7as (CFAP)<\/strong>.<br><\/p>\n\n\n\n<p>Ao longo do ano de 2019, <strong>outras quatro turmas com 500 concursados, tamb\u00e9m ir\u00e3o ingressar no CFPA<\/strong>. A incorpora\u00e7\u00e3o dos candidatos aprovados s\u00f3 foi poss\u00edvel mediante a um acordo entre o Governo do Estado e a Assembleia Legislativa do Estado do Rio de Janeiro (Alerj), <strong>que se comprometeu a arcar com os sal\u00e1rios dos PMs at\u00e9 o fim de 2020<\/strong>.<\/p>\n\n\n\n<h2 class=\"wp-block-heading\" id=\"expectativa-de-um-novo-concurso-pmerj\">Expectativa de um novo concurso PMERJ<br><\/h2>\n\n\n\n<p>As novas chamadas para o curso de forma\u00e7\u00e3o de candidatos aprovados no \u00faltimo concurso de 2014, <strong>s\u00e3o favor\u00e1veis a divulga\u00e7\u00e3o de um novo edital para o cargo de Soldado<\/strong>. O governo e a PMERJ, confirmaram que s\u00f3 poder\u00e3o abrir um novo concurso ap\u00f3s a chamada de todos os remanescentes.<br><\/p>\n\n\n\n<div class=\"wp-block-image\"><figure class=\"aligncenter is-resized\"><img decoding=\"async\" src=\"https:\/\/www.novaconcursos.com.br\/portal\/wp-content\/uploads\/2019\/07\/PM-RJ.gif\" alt=\"\" class=\"wp-image-86667\" width=\"778\" height=\"141\" loading=\"lazy\" title=\"\"><\/figure><\/div>\n\n\n\n<div class=\"wp-block-image\"><figure class=\"aligncenter is-resized\"><img decoding=\"async\" src=\"https:\/\/www.novaconcursos.com.br\/portal\/wp-content\/uploads\/2019\/05\/PM-Rio-1024x765.jpg\" alt=\"Nova-PM-RJ\" class=\"wp-image-85730\" width=\"773\" height=\"577\" loading=\"lazy\" title=\"\" srcset=\"https:\/\/www.novaconcursos.com.br\/portal\/wp-content\/uploads\/2019\/05\/PM-Rio-300x224.jpg 300w, https:\/\/www.novaconcursos.com.br\/portal\/wp-content\/uploads\/2019\/05\/PM-Rio-1024x765.jpg 1024w, https:\/\/www.novaconcursos.com.br\/portal\/wp-content\/uploads\/2019\/05\/PM-Rio.jpg 1600w\" sizes=\"auto, (max-width: 480px) 100vw, (max-width: 768px) 100vw, (max-width: 1200px) 70vw, 768px\"><\/figure><\/div>\n\n\n\n<p>A Pol\u00edcia Militar do Rio de Janeiro, disse que aguarda a convoca\u00e7\u00e3o de todos os aprovados para o in\u00edcio de um novo processo. Por outro lado, o porta-voz da PM, coronel Mauro Fliess, <strong>adiantou que os estudos para um novo concurso no cargo de Soldado j\u00e1 come\u00e7aram<\/strong>.<\/p>\n\n\n\n<p style=\"color:#1675db;text-align:center\" class=\"has-text-color\"> <a href=\"https:\/\/www.novaconcursos.com.br\/concurso\/pm-rj-policia-militar-do-rio-de-janeiro?promo_name=blog&amp;promo_id=link&amp;promo_position=rodape&amp;promo_creative=candidatos-convocados-pm-rj\" target=\"_blank\" rel=\"noreferrer noopener\" aria-label=\"\u00bb Prepare-se para o concurso PMERJ + B\u00d4NUS (GR\u00c1TIS) \u00ab (abre numa nova aba)\">\u00bb Prepare-se para o concurso PMERJ + B\u00d4NUS (GR\u00c1TIS) \u00ab<\/a> <br><\/p>\n\n\n\n<p>No m\u00eas de junho, Fliess recomendou que os <strong>candidatos interessados continuem estudando, pois um novo edital se aproxima<\/strong>.<\/p>","protected":false},"excerpt":{"rendered":"<p>Grande not\u00edcia concurseiros cariocas! A convoca\u00e7\u00e3o dos candidatos do \u00faltimo concurso PMERJ (Pol\u00edcia Militar do Rio de Janeiro) aumenta ainda mais a expectativa para abertura de um novo concurso no cargo de Soldado. \u21d2 Confira todas as informa\u00e7\u00f5es na p\u00e1gina do concurso! Candidatos convocados A Pol\u00edcia Militar do Rio de Janeiro conta com 390 novos [&hellip;]<\/p>\n","protected":false},"author":16,"featured_media":85732,"comment_status":"closed","ping_status":"closed","sticky":false,"template":"","format":"standard","meta":{"_acf_changed":false,"footnotes":"","_wp_rev_ctl_limit":""},"categories":[228],"tags":[],"class_list":["post-86665","post","type-post","status-publish","format-standard","has-post-thumbnail","hentry","category-noticias"],"acf":[],"_links":{"self":[{"href":"https:\/\/www.novaconcursos.com.br\/portal\/wp-json\/wp\/v2\/posts\/86665","targetHints":{"allow":["GET"]}}],"collection":[{"href":"https:\/\/www.novaconcursos.com.br\/portal\/wp-json\/wp\/v2\/posts"}],"about":[{"href":"https:\/\/www.novaconcursos.com.br\/portal\/wp-json\/wp\/v2\/types\/post"}],"author":[{"embeddable":true,"href":"https:\/\/www.novaconcursos.com.br\/portal\/wp-json\/wp\/v2\/users\/16"}],"replies":[{"embeddable":true,"href":"https:\/\/www.novaconcursos.com.br\/portal\/wp-json\/wp\/v2\/comments?post=86665"}],"version-history":[{"count":2,"href":"https:\/\/www.novaconcursos.com.br\/portal\/wp-json\/wp\/v2\/posts\/86665\/revisions"}],"predecessor-version":[{"id":86685,"href":"https:\/\/www.novaconcursos.com.br\/portal\/wp-json\/wp\/v2\/posts\/86665\/revisions\/86685"}],"wp:featuredmedia":[{"embeddable":true,"href":"https:\/\/www.novaconcursos.com.br\/portal\/wp-json\/wp\/v2\/media\/85732"}],"wp:attachment":[{"href":"https:\/\/www.novaconcursos.com.br\/portal\/wp-json\/wp\/v2\/media?parent=86665"}],"wp:term":[{"taxonomy":"category","embeddable":true,"href":"https:\/\/www.novaconcursos.com.br\/portal\/wp-json\/wp\/v2\/categories?post=86665"},{"taxonomy":"post_tag","embeddable":true,"href":"https:\/\/www.novaconcursos.com.br\/portal\/wp-json\/wp\/v2\/tags?post=86665"}],"curies":[{"name":"wp","href":"https:\/\/api.w.org\/{rel}","templated":true}]}}