{"id":86853,"date":"2019-07-09T10:39:10","date_gmt":"2019-07-09T13:39:10","guid":{"rendered":"https:\/\/www.novaconcursos.com.br\/portal\/?p=86853"},"modified":"2019-07-09T10:39:12","modified_gmt":"2019-07-09T13:39:12","slug":"concurso-tj-ma-projeto-de-lei-que-altera-escolaridade-sera-votado","status":"publish","type":"post","link":"https:\/\/www.novaconcursos.com.br\/portal\/noticias\/concurso-tj-ma-projeto-de-lei-que-altera-escolaridade-sera-votado\/","title":{"rendered":"Concurso TJ MA: Projeto de Lei que altera escolaridade ser\u00e1 votado!"},"content":{"rendered":"<p>Aten\u00e7\u00e3o concurseiros maranhenses! O <a rel=\"noreferrer noopener\" aria-label=\"concurso (abre numa nova aba)\" href=\"https:\/\/www.novaconcursos.com.br\" target=\"_blank\">concurso<\/a> <strong>TJ MA<\/strong> (Tribunal de Justi\u00e7a do <a rel=\"noreferrer noopener\" aria-label=\"Maranh\u00e3o (abre numa nova aba)\" href=\"https:\/\/www.novaconcursos.com.br\/portal\/concursos-abertos\/ma\/\" target=\"_blank\">Maranh\u00e3o<\/a>) <strong>com edital previsto para o m\u00eas de julho, tenta aprovar Projeto de Lei que altera escolaridade do cargo de Oficial de Justi\u00e7a<\/strong>.<br><\/p>\n\n\n\n<p><a href=\"https:\/\/www.novaconcursos.com.br\/portal\/concursos\/concurso-tj-ma\/\" target=\"_blank\" rel=\"noreferrer noopener\" aria-label=\"\u21d2 Confira todas as informa\u00e7\u00f5es na p\u00e1gina do concurso! (abre numa nova aba)\">\u21d2 Confira todas as informa\u00e7\u00f5es na p\u00e1gina do concurso!<\/a><\/p>\n\n\n\n<h2 class=\"wp-block-heading\" id=\"projeto-de-lei-do-concurso-tj-ma-ser-votado\">Projeto de Lei do concurso TJ MA ser\u00e1 votado<br><\/h2>\n\n\n\n<p>Com a previs\u00e3o da <strong>publica\u00e7\u00e3o do edital para o m\u00eas de julho<\/strong>, o concurso TJ MA ainda est\u00e1 na depend\u00eancia de alguns tr\u00e2mites. Um deles \u00e9 a altera\u00e7\u00e3o da <strong>escolaridade do cargo de Oficial de Justi\u00e7a<\/strong>.<br><\/p>\n\n\n\n<p>O texto do <strong>Projeto de Lei<\/strong> que ser\u00e1 votada, muda a escolaridade do cargo de Oficial de Justi\u00e7a, <strong>que exige n\u00edvel m\u00e9dio, caso aprovado passaria a exigir que o candidato tenha curso superior em Direito<\/strong>.<br><\/p>\n\n\n\n<p>No m\u00eas de abril, o anteprojeto de Lei foi aprovado pelos desembargadores do \u00f3rg\u00e3o em <strong>Sess\u00e3o Plen\u00e1ria Administrativa Extraordin\u00e1ria<\/strong>. Por\u00e9m, ainda \u00e9 preciso ser votado na <strong>Assembleia Legislativa e se aprovado, encaminhado para san\u00e7\u00e3o do governador Fl\u00e1vio Dino<\/strong>.<br><\/p>\n\n\n\n<div class=\"wp-block-image\"><figure class=\"aligncenter is-resized\"><img decoding=\"async\" src=\"https:\/\/www.novaconcursos.com.br\/portal\/wp-content\/uploads\/2019\/04\/TJ-Maranhao-1024x650.jpg\" alt=\"Nova-TJMA\" class=\"wp-image-86018\" width=\"781\" height=\"496\" loading=\"lazy\" title=\"\" srcset=\"https:\/\/www.novaconcursos.com.br\/portal\/wp-content\/uploads\/2019\/04\/TJ-Maranhao-300x190.jpg 300w, https:\/\/www.novaconcursos.com.br\/portal\/wp-content\/uploads\/2019\/04\/TJ-Maranhao-1024x650.jpg 1024w, https:\/\/www.novaconcursos.com.br\/portal\/wp-content\/uploads\/2019\/04\/TJ-Maranhao.jpg 1260w\" sizes=\"auto, (max-width: 480px) 100vw, (max-width: 768px) 100vw, (max-width: 1200px) 70vw, 768px\"><\/figure><\/div>\n\n\n\n<p>Na \u00faltima semana, o Tribunal de Justi\u00e7a do Maranh\u00e3o divulgou a informa\u00e7\u00e3o que o <strong>Projeto de Lei havia sido reencaminhado ao Legislativo pelo presidente, desembargador Joaquim Figueiredo<\/strong>.<br><\/p>\n\n\n\n<p>O \u00f3rg\u00e3o n\u00e3o se manifestou sobre as mudan\u00e7as na previs\u00e3o do edital. Dessa maneira, <strong>a expectativa \u00e9 que o documento seja publicado no m\u00eas de julho<\/strong>.<br><\/p>\n\n\n\n<p>A <strong>escolha da banca organizadora<\/strong> j\u00e1 est\u00e1 nas \u00faltimas etapas, a mais cotada \u00e9 a <strong>FCC (Funda\u00e7\u00e3o Carlos Chagas)<\/strong>, pois apresentou a proposta de pre\u00e7o mais vantajosa entre todas as concorrentes.<\/p>","protected":false},"excerpt":{"rendered":"<p>Aten\u00e7\u00e3o concurseiros maranhenses! O concurso TJ MA (Tribunal de Justi\u00e7a do Maranh\u00e3o) com edital previsto para o m\u00eas de julho, tenta aprovar Projeto de Lei que altera escolaridade do cargo de Oficial de Justi\u00e7a. \u21d2 Confira todas as informa\u00e7\u00f5es na p\u00e1gina do concurso! Projeto de Lei do concurso TJ MA ser\u00e1 votado Com a previs\u00e3o [&hellip;]<\/p>\n","protected":false},"author":16,"featured_media":86017,"comment_status":"closed","ping_status":"closed","sticky":false,"template":"","format":"standard","meta":{"_acf_changed":false,"footnotes":"","_wp_rev_ctl_limit":""},"categories":[228],"tags":[],"class_list":["post-86853","post","type-post","status-publish","format-standard","has-post-thumbnail","hentry","category-noticias"],"acf":[],"_links":{"self":[{"href":"https:\/\/www.novaconcursos.com.br\/portal\/wp-json\/wp\/v2\/posts\/86853","targetHints":{"allow":["GET"]}}],"collection":[{"href":"https:\/\/www.novaconcursos.com.br\/portal\/wp-json\/wp\/v2\/posts"}],"about":[{"href":"https:\/\/www.novaconcursos.com.br\/portal\/wp-json\/wp\/v2\/types\/post"}],"author":[{"embeddable":true,"href":"https:\/\/www.novaconcursos.com.br\/portal\/wp-json\/wp\/v2\/users\/16"}],"replies":[{"embeddable":true,"href":"https:\/\/www.novaconcursos.com.br\/portal\/wp-json\/wp\/v2\/comments?post=86853"}],"version-history":[{"count":1,"href":"https:\/\/www.novaconcursos.com.br\/portal\/wp-json\/wp\/v2\/posts\/86853\/revisions"}],"predecessor-version":[{"id":86854,"href":"https:\/\/www.novaconcursos.com.br\/portal\/wp-json\/wp\/v2\/posts\/86853\/revisions\/86854"}],"wp:featuredmedia":[{"embeddable":true,"href":"https:\/\/www.novaconcursos.com.br\/portal\/wp-json\/wp\/v2\/media\/86017"}],"wp:attachment":[{"href":"https:\/\/www.novaconcursos.com.br\/portal\/wp-json\/wp\/v2\/media?parent=86853"}],"wp:term":[{"taxonomy":"category","embeddable":true,"href":"https:\/\/www.novaconcursos.com.br\/portal\/wp-json\/wp\/v2\/categories?post=86853"},{"taxonomy":"post_tag","embeddable":true,"href":"https:\/\/www.novaconcursos.com.br\/portal\/wp-json\/wp\/v2\/tags?post=86853"}],"curies":[{"name":"wp","href":"https:\/\/api.w.org\/{rel}","templated":true}]}}