{"id":86971,"date":"2019-07-12T15:51:44","date_gmt":"2019-07-12T18:51:44","guid":{"rendered":"https:\/\/www.novaconcursos.com.br\/portal\/?post_type=nc-public-tender&#038;p=86971"},"modified":"2024-12-16T10:16:46","modified_gmt":"2024-12-16T13:16:46","slug":"concurso-cro-ac","status":"publish","type":"post","link":"https:\/\/www.novaconcursos.com.br\/portal\/concursos\/concurso-cro-ac\/","title":{"rendered":"Concurso CRO AC &#8211; Conselho Regional de Odontologia do Acre"},"content":{"rendered":"<p><strong>Foi publicado o edital<\/strong> do novo <a href=\"https:\/\/www.novaconcursos.com.br\" target=\"_blank\" rel=\"noopener noreferrer\">concurso<\/a> <strong>CRO AC<\/strong> (Conselho Regional de Odontologia do <a href=\"https:\/\/www.novaconcursos.com.br\/portal\/concursos-abertos\/ac\/\" target=\"_blank\" rel=\"noopener noreferrer\">Acre<\/a>). As oportunidades s\u00e3o para <strong>n\u00edveis fundamental, m\u00e9dio e superior<\/strong>, com sal\u00e1rios de at\u00e9 <strong>R$ 4 mil<\/strong>.<\/p>\n<h2 id=\"como-fazer-a-inscrio-do-concurso-cro-ac\">Como fazer a inscri\u00e7\u00e3o do concurso CRO AC?<\/h2>\n<p>As <strong>inscri\u00e7\u00f5es<\/strong> ficar\u00e3o dispon\u00edveis at\u00e9 \u00e0s <strong>23h59min do dia 21 de agosto de 2019<\/strong>.<\/p>\n<p>Para se <strong>inscrever<\/strong> o candidato dever\u00e1 acessar o site da banca organizadora, <span style=\"color: #0000ff;\"><a style=\"color: #0000ff;\" href=\"http:\/\/www.quadrix.org.br\/todos-os-concursos\/inscricoes-abertas\/croac-2019.aspx\" target=\"_blank\" rel=\"noopener noreferrer\">Instituto Quadrix<\/a><\/span>.<\/p>\n<p>A <strong>taxa de inscri\u00e7\u00e3o<\/strong> varia nos seguintes valores:<\/p>\n<p>\u2013 <strong>N\u00edvel Fundamental<\/strong>: R$ 40,00;<\/p>\n<p>\u2013 <strong>N\u00edvel M\u00e9dio<\/strong>: R$ 50,00;<\/p>\n<p>\u2013 <strong>N\u00edvel Superior<\/strong>: R$ 60,00.<\/p>\n<p>O <strong>pagamento da taxa de inscri\u00e7\u00e3o<\/strong> dever\u00e1 ser realizado at\u00e9 o dia <strong>22 de agosto de 2019<\/strong>.<\/p>\n<h2 id=\"vagas-e-salrios\">Vagas e sal\u00e1rios<\/h2>\n<p>O certame oferta <strong>230 vagas<\/strong>, sendo<strong> 3 vagas<\/strong> de car\u00e1ter imediato, mais <strong>227 vagas<\/strong> para forma\u00e7\u00e3o de cadastro reserva, nos n\u00edveis fundamental, m\u00e9dio e superior. As <strong>oportunidades<\/strong> s\u00e3o para os seguintes cargos:<\/p>\n<p>\u2013 <strong><span style=\"text-decoration: underline;\">N\u00edvel Fundamental<\/span><\/strong>: Servi\u00e7os Gerais (1+ 29CR);<\/p>\n<p>\u2013 <strong><span style=\"text-decoration: underline;\">N\u00edvel M\u00e9dio<\/span><\/strong>: Assistente Administrativo (1+ 29CR), Auxiliar Administrativo (20CR), Fiscal (1+ 29CR), Assistente Administrativo\/T\u00e9cnico em Contabilidade (20CR), T\u00e9cnico em Tecnologia da Informa\u00e7\u00e3o (20CR);<\/p>\n<p>\u2013 <strong><span style=\"text-decoration: underline;\">N\u00edvel Superior<\/span><\/strong>: Administrador\/Gerente Geral (20CR), Analista de Compras e Licita\u00e7\u00f5es (20CR), Analista Financeiro (20CR), Assistente Jur\u00eddico (20CR).<\/p>\n<p>Os <strong>sal\u00e1rios<\/strong> variam de <strong>R$ 998,00 a R$ 4.000,00<\/strong>, mais o benef\u00edcio de vale-transporte conforme legisla\u00e7\u00e3o, com jornadas de trabalho de <strong>20 e 40<\/strong> horas semanais.<\/p>\n<h2 id=\"como-ser-a-prova-do-concurso-cro-ac\">Como ser\u00e1 a prova do concurso CRO AC?<\/h2>\n<p>A <strong>avalia\u00e7\u00e3o<\/strong> dos candidatos ser\u00e1 mediante <strong>prova objetiva<\/strong> (para todos os cargos), aplicada no dia <strong>08 de setembro de 2019<\/strong>, na cidade de Rio Branco\/AC.<\/p>\n<p>A <strong>prova objetiva<\/strong>, de car\u00e1ter eliminat\u00f3rio e classificat\u00f3rio, ser\u00e1 composta de 120 (cento e vinte) itens, valer\u00e1 120,00 (cento e vinte) pontos e avaliar\u00e1 as habilidades e os conhecimentos do candidato.<\/p>\n<p>Cada \u00e1rea de conhecimento ser\u00e1 constitu\u00edda de itens para julgamento, agrupados por comandos que dever\u00e3o ser respeitados. O julgamento de cada item ser\u00e1 <strong>CERTO ou ERRADO<\/strong>, de acordo com o(s) comando(s) a que se refere o item. Haver\u00e1, no cart\u00e3o-resposta, para cada item, duas \u00e1reas de marca\u00e7\u00e3o: a \u00e1rea designada com a <strong>letra C<\/strong>, que dever\u00e1 ser preenchida pelo candidato caso julgue o item <strong>CERTO<\/strong>, e a \u00e1rea designada com a <strong>letra E<\/strong>, que dever\u00e1 ser preenchida pelo candidato caso julgue o item <strong>ERRADO<\/strong>.<\/p>\n<p>Haver\u00e1 ainda <strong>prova discursiva<\/strong> para os cargos de n\u00edveis m\u00e9dio e superior.<\/p>\n<p>Para os cargos de <strong>n\u00edvel m\u00e9dio<\/strong>, a <strong>prova discursiva<\/strong> consistir\u00e1 em reda\u00e7\u00e3o de texto de g\u00eaneros textuais\/discursivos, de at\u00e9 <strong>30 linhas<\/strong>, acerca de tema baseado nos principais acontecimentos e assuntos da atualidade que envolvem o Brasil e o mundo.<\/p>\n<p>Para os cargos de <strong>n\u00edvel superior<\/strong>, a <strong>prova discursiva<\/strong> consistir\u00e1 em reda\u00e7\u00e3o de texto dissertativo, de at\u00e9 30 linhas, acerca de tema baseado nos conhecimentos espec\u00edficos do respectivo cargo.<\/p>\n<p>O <strong>conte\u00fado program\u00e1tico<\/strong> da prova consistir\u00e1 nas seguintes disciplinas:<\/p>\n<h3>N\u00edvel Fundamental<\/h3>\n<p>\u2013 <strong>Conhecimentos Gerais<\/strong>: 120 quest\u00f5es.<\/p>\n<h3>N\u00edveis M\u00e9dio e Superior<\/h3>\n<p>\u2013 <strong>Conhecimentos B\u00e1sicos<\/strong>: 40 quest\u00f5es;<\/p>\n<p>\u2013 <strong>Conhecimentos Complementares<\/strong>: 30 quest\u00f5es;<\/p>\n<p>\u2013 <strong>Conhecimentos Espec\u00edficos<\/strong>: 50 quest\u00f5es.<\/p>\n<p><strong>O prazo de validade do presente concurso p\u00fablico \u00e9 de 2 (dois) anos<\/strong>, contados a partir da data de publica\u00e7\u00e3o da homologa\u00e7\u00e3o do resultado final do concurso no Di\u00e1rio Oficial da Uni\u00e3o, podendo ser prorrogado, 1 (uma) \u00fanica vez, por igual per\u00edodo, por conveni\u00eancia administrativa.<\/p>\n<h2 id=\"requisitos-mnimos-para-a-contratao\">Requisitos m\u00ednimos para a contrata\u00e7\u00e3o<\/h2>\n<p>\u2013 Conhecer e cumprir as determina\u00e7\u00f5es deste edital e ter sido aprovado e classificado no concurso p\u00fablico, dentro do n\u00famero de vagas;<\/p>\n<p>\u2013 Ter nacionalidade brasileira ou portuguesa e, em caso de nacionalidade portuguesa, estar amparado pelo estatuto de igualdade entre brasileiros e portugueses, com reconhecimento de gozo de direitos pol\u00edticos, nos termos do par\u00e1grafo 1\u00ba, artigo 12, da Constitui\u00e7\u00e3o da Rep\u00fablica Federativa do Brasil;<\/p>\n<p>\u2013 Ter idade m\u00ednima de 18 (dezoito) anos completos, na data da contrata\u00e7\u00e3o;<\/p>\n<p>\u2013 Apresentar, quando da convoca\u00e7\u00e3o, os documentos comprobat\u00f3rios dos requisitos exigidos para o exerc\u00edcio do cargo, bem como outros documentos que se fizerem necess\u00e1rios \u00e0 \u00e9poca da contrata\u00e7\u00e3o;<\/p>\n<p>\u2013 Estar em dia com as obriga\u00e7\u00f5es eleitorais e em pleno gozo dos direitos pol\u00edticos;<\/p>\n<p>\u2013 Apresentar certificado de reservista ou de dispensa de incorpora\u00e7\u00e3o, em caso de candidato do sexo masculino;<\/p>\n<p>\u2013 Apresentar declara\u00e7\u00e3o de que n\u00e3o acumula cargo ou fun\u00e7\u00e3o p\u00fablica, ou proventos de inatividade, ressalvadas as possibilidades de acumula\u00e7\u00e3o l\u00edcita previstas no inciso XVI do art. 37 da Constitui\u00e7\u00e3o Federal;<\/p>\n<p>\u2013 Ter aptid\u00e3o f\u00edsica e mental para o exerc\u00edcio das atribui\u00e7\u00f5es correspondentes ao cargo;<\/p>\n<p>\u2013 N\u00e3o estar cumprindo san\u00e7\u00e3o por inidoneidade, aplicada por qualquer \u00f3rg\u00e3o p\u00fablico ou entidade das esferas federal, estadual, municipal ou do Distrito Federal.<\/p>","protected":false},"excerpt":{"rendered":"<p>Foi publicado o edital do novo concurso CRO AC (Conselho Regional de Odontologia do Acre). As oportunidades s\u00e3o para n\u00edveis fundamental, m\u00e9dio e superior, com sal\u00e1rios de at\u00e9 R$ 4 mil.<\/p>\n","protected":false},"author":16,"featured_media":0,"comment_status":"closed","ping_status":"closed","sticky":false,"template":"","format":"standard","meta":{"_acf_changed":false,"footnotes":"","_wp_rev_ctl_limit":""},"categories":[44999],"tags":[],"class_list":["post-86971","post","type-post","status-publish","format-standard","hentry","category-concursos"],"acf":[],"_links":{"self":[{"href":"https:\/\/www.novaconcursos.com.br\/portal\/wp-json\/wp\/v2\/posts\/86971","targetHints":{"allow":["GET"]}}],"collection":[{"href":"https:\/\/www.novaconcursos.com.br\/portal\/wp-json\/wp\/v2\/posts"}],"about":[{"href":"https:\/\/www.novaconcursos.com.br\/portal\/wp-json\/wp\/v2\/types\/post"}],"author":[{"embeddable":true,"href":"https:\/\/www.novaconcursos.com.br\/portal\/wp-json\/wp\/v2\/users\/16"}],"replies":[{"embeddable":true,"href":"https:\/\/www.novaconcursos.com.br\/portal\/wp-json\/wp\/v2\/comments?post=86971"}],"version-history":[{"count":3,"href":"https:\/\/www.novaconcursos.com.br\/portal\/wp-json\/wp\/v2\/posts\/86971\/revisions"}],"predecessor-version":[{"id":124841,"href":"https:\/\/www.novaconcursos.com.br\/portal\/wp-json\/wp\/v2\/posts\/86971\/revisions\/124841"}],"wp:attachment":[{"href":"https:\/\/www.novaconcursos.com.br\/portal\/wp-json\/wp\/v2\/media?parent=86971"}],"wp:term":[{"taxonomy":"category","embeddable":true,"href":"https:\/\/www.novaconcursos.com.br\/portal\/wp-json\/wp\/v2\/categories?post=86971"},{"taxonomy":"post_tag","embeddable":true,"href":"https:\/\/www.novaconcursos.com.br\/portal\/wp-json\/wp\/v2\/tags?post=86971"}],"curies":[{"name":"wp","href":"https:\/\/api.w.org\/{rel}","templated":true}]}}