{"id":88521,"date":"2019-08-06T17:09:30","date_gmt":"2019-08-06T20:09:30","guid":{"rendered":"https:\/\/www.novaconcursos.com.br\/portal\/?p=88521"},"modified":"2019-08-06T17:09:31","modified_gmt":"2019-08-06T20:09:31","slug":"concurso-pm-sc-candidatos-sao-convocados-para-as-provas-objetivas","status":"publish","type":"post","link":"https:\/\/www.novaconcursos.com.br\/portal\/noticias\/concurso-pm-sc-candidatos-sao-convocados-para-as-provas-objetivas\/","title":{"rendered":"Concurso PM SC: Candidatos s\u00e3o convocados para as provas objetivas!"},"content":{"rendered":"<p>Os candidatos que ir\u00e3o prestar as <strong>provas objetivas<\/strong> do <a rel=\"noreferrer noopener\" aria-label=\"concurso (abre numa nova aba)\" href=\"https:\/\/www.novaconcursos.com.br\" target=\"_blank\">concurso<\/a> <strong>PM SC<\/strong> (<a rel=\"noreferrer noopener\" aria-label=\"Pol\u00edcia Militar de Santa Catarina (abre numa nova aba)\" href=\"https:\/\/www.novaconcursos.com.br\/catalogsearch\/result\/?q=PM-SC?promo_name=blog&amp;promo_id=link&amp;promo_position=ctx&amp;promo_creative=candidatos-convocados-pm-sc\" target=\"_blank\">Pol\u00edcia Militar de Santa Catarina<\/a>) <strong>j\u00e1 podem consultar as informa\u00e7\u00f5es sobre a data e os locais de realiza\u00e7\u00e3o da avalia\u00e7\u00e3o<\/strong>.<br><\/p>\n\n\n\n<p><a href=\"https:\/\/www.novaconcursos.com.br\/portal\/concursos\/concurso-pm-sc\/?q=PM%20SC\" target=\"_blank\" rel=\"noreferrer noopener\" aria-label=\"\u21d2 Confira todas as informa\u00e7\u00f5es na p\u00e1gina do concurso! (abre numa nova aba)\">\u21d2 Confira todas as informa\u00e7\u00f5es na p\u00e1gina do concurso!<\/a><\/p>\n\n\n\n<h2 class=\"wp-block-heading\" id=\"convocao-dos-candidatos-para-o-concurso-pm-sc\">Convoca\u00e7\u00e3o dos candidatos para o concurso PM SC<br><\/h2>\n\n\n\n<p>O concurso PM SC para o cargo de <strong>Soldado<\/strong>, divulgou o <strong>edital de homologa\u00e7\u00e3o das inscri\u00e7\u00f5es e dos pedidos de atendimento especial deferidos<\/strong>. Al\u00e9m disso, <strong>\u00e9 informado sobre a data e locais da prova<\/strong>, que est\u00e1 agendada para ser realizada no dia <strong>11 de agosto de 2019<\/strong>.<br><\/p>\n\n\n\n<p>Segundo informa\u00e7\u00f5es da publica\u00e7\u00e3o, <strong>os port\u00f5es ser\u00e3o fechados \u00e0s 12h40min<\/strong>. As <strong>provas<\/strong> ocorrer\u00e3o nas seguintes cidades:<br><\/p>\n\n\n\n<ul class=\"wp-block-list\"><li>Balne\u00e1rio Cambori\u00fa;<br><\/li><\/ul><ul class=\"wp-block-list\"><li>Blumenau;<br><\/li><\/ul><ul class=\"wp-block-list\"><li>Canoinhas;<br><\/li><\/ul><ul class=\"wp-block-list\"><li>Chapec\u00f3;<br><\/li><\/ul><ul class=\"wp-block-list\"><li>Crici\u00fama;<br><\/li><\/ul><ul class=\"wp-block-list\"><li>Florian\u00f3polis;<br><\/li><\/ul><ul class=\"wp-block-list\"><li>Joa\u00e7aba;<br><\/li><\/ul><ul class=\"wp-block-list\"><li>Joinville;<br><\/li><\/ul><ul class=\"wp-block-list\"><li>Lages;<br><\/li><\/ul><ul class=\"wp-block-list\"><li>Rio do Sul;<br><\/li><\/ul><ul class=\"wp-block-list\"><li>S\u00e3o Miguel do Oeste;<br><\/li><\/ul><ul class=\"wp-block-list\"><li>Tubar\u00e3o.<br><\/li><\/ul><p>A <strong>consulta das informa\u00e7\u00f5es<\/strong> poder\u00e1 ser feita individualmente atrav\u00e9s do site da banca organizadora, <a rel=\"noreferrer noopener\" aria-label=\"INCAB (abre numa nova aba)\" href=\"http:\/\/concursos.incab.org.br\/Concursos\/ConcursoDetalhe\/2\" target=\"_blank\">INCAB<\/a>.<br><\/p>\n\n\n\n<div class=\"wp-block-image\"><figure class=\"aligncenter is-resized\"><img decoding=\"async\" src=\"https:\/\/www.novaconcursos.com.br\/portal\/wp-content\/uploads\/2019\/05\/PM-SC-1024x682.jpeg\" alt=\"Nova-PM-SC\" class=\"wp-image-86472\" width=\"791\" height=\"527\" loading=\"lazy\" title=\"\"><\/figure><\/div>\n\n\n\n<p>Dessa maneira, o <strong>candidato<\/strong> poder\u00e1 consultar:<br><\/p>\n\n\n\n<ul class=\"wp-block-list\"><li>Resposta aos Recursos contra o Indeferimento das Inscri\u00e7\u00f5es;<br><\/li><\/ul><ul class=\"wp-block-list\"><li>Resposta aos Recursos contra o Indeferimento dos Pedidos de Atendimento Especial;<br><\/li><\/ul><ul class=\"wp-block-list\"><li>Comunicado do Local de Prova (CLP), constando data, hor\u00e1rio e local de realiza\u00e7\u00e3o das Provas Objetivas e Reda\u00e7\u00e3o.<br><\/li><\/ul><p>Tamb\u00e9m foi divulgado pela organizadora a rela\u00e7\u00e3o de candidato por vaga. De acordo com o INCAB, a concorr\u00eancia para <strong>candidatos do sexo masculino<\/strong> ficou aproximadamente de <strong>21 candidatos por vaga<\/strong>. J\u00e1 a concorr\u00eancia para <strong>candidatas do sexo feminino<\/strong>, ser\u00e1 aproximadamente de <strong>40 candidatas por vaga<\/strong>.<\/p>\n\n\n\n<p style=\"color:#2c7edd;text-align:center\" class=\"has-text-color\"> <a href=\"https:\/\/www.novaconcursos.com.br\/catalogsearch\/result\/?q=PM-SC?promo_name=blog&amp;promo_id=link&amp;promo_position=rodape&amp;promo_creative=candidatos-convocados-pm-sc\" target=\"_blank\" rel=\"noreferrer noopener\" aria-label=\"\u00bb Prepare-se para o concurso PM SC + B\u00d4NUS (GR\u00c1TIS) \u00ab  (abre numa nova aba)\">\u00bb Prepare-se para o concurso PM SC + B\u00d4NUS (GR\u00c1TIS) \u00ab <\/a><\/p>","protected":false},"excerpt":{"rendered":"<p>Os candidatos que ir\u00e3o prestar as provas objetivas do concurso PM SC (Pol\u00edcia Militar de Santa Catarina) j\u00e1 podem consultar as informa\u00e7\u00f5es sobre a data e os locais de realiza\u00e7\u00e3o da avalia\u00e7\u00e3o. \u21d2 Confira todas as informa\u00e7\u00f5es na p\u00e1gina do concurso! Convoca\u00e7\u00e3o dos candidatos para o concurso PM SC O concurso PM SC para o [&hellip;]<\/p>\n","protected":false},"author":16,"featured_media":84015,"comment_status":"closed","ping_status":"closed","sticky":false,"template":"","format":"standard","meta":{"_acf_changed":false,"footnotes":"","_wp_rev_ctl_limit":""},"categories":[228],"tags":[],"class_list":["post-88521","post","type-post","status-publish","format-standard","has-post-thumbnail","hentry","category-noticias"],"acf":[],"_links":{"self":[{"href":"https:\/\/www.novaconcursos.com.br\/portal\/wp-json\/wp\/v2\/posts\/88521","targetHints":{"allow":["GET"]}}],"collection":[{"href":"https:\/\/www.novaconcursos.com.br\/portal\/wp-json\/wp\/v2\/posts"}],"about":[{"href":"https:\/\/www.novaconcursos.com.br\/portal\/wp-json\/wp\/v2\/types\/post"}],"author":[{"embeddable":true,"href":"https:\/\/www.novaconcursos.com.br\/portal\/wp-json\/wp\/v2\/users\/16"}],"replies":[{"embeddable":true,"href":"https:\/\/www.novaconcursos.com.br\/portal\/wp-json\/wp\/v2\/comments?post=88521"}],"version-history":[{"count":1,"href":"https:\/\/www.novaconcursos.com.br\/portal\/wp-json\/wp\/v2\/posts\/88521\/revisions"}],"predecessor-version":[{"id":88522,"href":"https:\/\/www.novaconcursos.com.br\/portal\/wp-json\/wp\/v2\/posts\/88521\/revisions\/88522"}],"wp:featuredmedia":[{"embeddable":true,"href":"https:\/\/www.novaconcursos.com.br\/portal\/wp-json\/wp\/v2\/media\/84015"}],"wp:attachment":[{"href":"https:\/\/www.novaconcursos.com.br\/portal\/wp-json\/wp\/v2\/media?parent=88521"}],"wp:term":[{"taxonomy":"category","embeddable":true,"href":"https:\/\/www.novaconcursos.com.br\/portal\/wp-json\/wp\/v2\/categories?post=88521"},{"taxonomy":"post_tag","embeddable":true,"href":"https:\/\/www.novaconcursos.com.br\/portal\/wp-json\/wp\/v2\/tags?post=88521"}],"curies":[{"name":"wp","href":"https:\/\/api.w.org\/{rel}","templated":true}]}}