{"id":89028,"date":"2019-08-16T16:49:52","date_gmt":"2019-08-16T19:49:52","guid":{"rendered":"https:\/\/www.novaconcursos.com.br\/portal\/?p=89028"},"modified":"2019-08-16T16:49:54","modified_gmt":"2019-08-16T19:49:54","slug":"concurso-cemig-companhia-pode-ser-privatizado-ainda-em-2019","status":"publish","type":"post","link":"https:\/\/www.novaconcursos.com.br\/portal\/noticias\/concurso-cemig-companhia-pode-ser-privatizado-ainda-em-2019\/","title":{"rendered":"Concurso CEMIG: Companhia pode ser privatizado ainda em 2019!"},"content":{"rendered":"<p>A<strong> CEMIG<\/strong> (Companhia El\u00e9trica de <a rel=\"noreferrer noopener\" aria-label=\"Minas Gerais (abre numa nova aba)\" href=\"https:\/\/www.novaconcursos.com.br\/portal\/concursos-abertos\/mg\/\" target=\"_blank\">Minas Gerais<\/a>) <strong>poder\u00e1 ser privatizada ainda no ano de 2019<\/strong>, o governo prepara um projeto sobre a privatiza\u00e7\u00e3o.<br><\/p>\n\n\n\n<p><a href=\"https:\/\/www.novaconcursos.com.br\/portal\/concursos\/concurso-cemig\/\">\u21d2 Confira todas as informa\u00e7\u00f5es na p\u00e1gina do concurso!<\/a><\/p>\n\n\n\n<h2 class=\"wp-block-heading\" id=\"concurso-cemig-estuda-privatizao\">Concurso CEMIG estuda privatiza\u00e7\u00e3o<br><\/h2>\n\n\n\n<p>O Presidente da CEMIG, Cledorvino Belini, refor\u00e7ou que o <strong>governo de Minas Gerais est\u00e1 elaborando um projeto sobre a privatiza\u00e7\u00e3o de ativos estaduais da Companhia El\u00e9trica de Minas Gerais<\/strong>.<br><\/p>\n\n\n\n<p>O documento poder\u00e1 ser <strong>enviado na pr\u00f3xima semana para Assembleia Legislativa do Estado<\/strong>, ou mais tardar at\u00e9 o final do <strong>m\u00eas de agosto<\/strong>.<br><\/p>\n\n\n\n<div class=\"wp-block-image\"><figure class=\"aligncenter is-resized\"><img decoding=\"async\" src=\"https:\/\/www.novaconcursos.com.br\/portal\/wp-content\/uploads\/2019\/08\/nova-cemig-3-1024x683.jpg\" alt=\"\" class=\"wp-image-88792\" width=\"780\" height=\"518\" loading=\"lazy\" title=\"\"><\/figure><\/div>\n\n\n\n<p>Vale ressaltar, <strong>que a venda da estatal seria uma das contrapartidas para que o Estado possa aderir o Regime de Recupera\u00e7\u00e3o Fiscal (RRF) do Governo Federal<\/strong>, medida defendida pelo governador de Minas Gerais, Romeu Zema.<br><\/p>\n\n\n\n<p>O projeto n\u00e3o engloba apenas a CEMIG, mas tamb\u00e9m <strong>outros ativos que podem ser privatizados em meio a negocia\u00e7\u00f5es com a Uni\u00e3o<\/strong> sobre um regime de recupera\u00e7\u00e3o fiscal para o Estado.<br><\/p>\n\n\n\n<p>A Pol\u00edcia Federal realizou uma opera\u00e7\u00e3o nesta sexta-feira (16\/08), na sede da CEMIG. <strong>\u00c9 investigado pela PF<\/strong>, <strong>a participa\u00e7\u00e3o de executivos e acionistas da Andrade Gutierrez e da CEMIG<\/strong>, um desvio de <strong>40 milh\u00f5es de reais<\/strong> feito por transfer\u00eancia banc\u00e1ria para a empresa de energia e\u00f3lica, <strong>Renova S.A<\/strong>.<\/p>","protected":false},"excerpt":{"rendered":"<p>A CEMIG (Companhia El\u00e9trica de Minas Gerais) poder\u00e1 ser privatizada ainda no ano de 2019, o governo prepara um projeto sobre a privatiza\u00e7\u00e3o. \u21d2 Confira todas as informa\u00e7\u00f5es na p\u00e1gina do concurso! Concurso CEMIG estuda privatiza\u00e7\u00e3o O Presidente da CEMIG, Cledorvino Belini, refor\u00e7ou que o governo de Minas Gerais est\u00e1 elaborando um projeto sobre a [&hellip;]<\/p>\n","protected":false},"author":16,"featured_media":88795,"comment_status":"closed","ping_status":"closed","sticky":false,"template":"","format":"standard","meta":{"_acf_changed":false,"footnotes":"","_wp_rev_ctl_limit":""},"categories":[228],"tags":[],"class_list":["post-89028","post","type-post","status-publish","format-standard","has-post-thumbnail","hentry","category-noticias"],"acf":[],"_links":{"self":[{"href":"https:\/\/www.novaconcursos.com.br\/portal\/wp-json\/wp\/v2\/posts\/89028","targetHints":{"allow":["GET"]}}],"collection":[{"href":"https:\/\/www.novaconcursos.com.br\/portal\/wp-json\/wp\/v2\/posts"}],"about":[{"href":"https:\/\/www.novaconcursos.com.br\/portal\/wp-json\/wp\/v2\/types\/post"}],"author":[{"embeddable":true,"href":"https:\/\/www.novaconcursos.com.br\/portal\/wp-json\/wp\/v2\/users\/16"}],"replies":[{"embeddable":true,"href":"https:\/\/www.novaconcursos.com.br\/portal\/wp-json\/wp\/v2\/comments?post=89028"}],"version-history":[{"count":1,"href":"https:\/\/www.novaconcursos.com.br\/portal\/wp-json\/wp\/v2\/posts\/89028\/revisions"}],"predecessor-version":[{"id":89029,"href":"https:\/\/www.novaconcursos.com.br\/portal\/wp-json\/wp\/v2\/posts\/89028\/revisions\/89029"}],"wp:featuredmedia":[{"embeddable":true,"href":"https:\/\/www.novaconcursos.com.br\/portal\/wp-json\/wp\/v2\/media\/88795"}],"wp:attachment":[{"href":"https:\/\/www.novaconcursos.com.br\/portal\/wp-json\/wp\/v2\/media?parent=89028"}],"wp:term":[{"taxonomy":"category","embeddable":true,"href":"https:\/\/www.novaconcursos.com.br\/portal\/wp-json\/wp\/v2\/categories?post=89028"},{"taxonomy":"post_tag","embeddable":true,"href":"https:\/\/www.novaconcursos.com.br\/portal\/wp-json\/wp\/v2\/tags?post=89028"}],"curies":[{"name":"wp","href":"https:\/\/api.w.org\/{rel}","templated":true}]}}