{"id":89098,"date":"2019-08-19T17:52:09","date_gmt":"2019-08-19T20:52:09","guid":{"rendered":"https:\/\/www.novaconcursos.com.br\/portal\/?p=89098"},"modified":"2019-08-19T17:57:16","modified_gmt":"2019-08-19T20:57:16","slug":"concurso-prefeitura-de-florianopolis-sc-edital-retificado-e-inscricoes-prorrogadas","status":"publish","type":"post","link":"https:\/\/www.novaconcursos.com.br\/portal\/noticias\/concurso-prefeitura-de-florianopolis-sc-edital-retificado-e-inscricoes-prorrogadas\/","title":{"rendered":"Concurso Prefeitura de Florian\u00f3polis &#8211; SC: Edital retificado e inscri\u00e7\u00f5es prorrogadas!"},"content":{"rendered":"<p>O <a rel=\"noreferrer noopener\" aria-label=\"concurso (abre numa nova aba)\" href=\"https:\/\/www.novaconcursos.com.br\" target=\"_blank\">concurso<\/a> <a rel=\"noreferrer noopener\" aria-label=\"Prefeitura de Florian\u00f3polis \u2013 SC (abre numa nova aba)\" href=\"https:\/\/www.novaconcursos.com.br\/catalogsearch\/result\/?q=Prefeitura+de+Florian%C3%B3polis?promo_name=blog&amp;promo_id=link&amp;promo_position=ctx&amp;promo_creative=edital-retificado-pref-de-florianopolis\" target=\"_blank\">Prefeitura de Florian\u00f3polis \u2013 SC<\/a> <strong>retificou os editais e prorrogou o prazo para os candidatos se inscreverem no certame<\/strong>.<br><\/p>\n\n\n\n<p><a href=\"https:\/\/www.novaconcursos.com.br\/portal\/concursos\/concurso-prefeitura-de-florianopolis-sc\/?q=Concurso%20Floria\">\u21d2 Confira todas as informa\u00e7\u00f5es na p\u00e1gina do concurso!<\/a><\/p>\n\n\n\n<h2 class=\"wp-block-heading\" id=\"edital-do-concurso-prefeitura-de-florianpolis-sc\">Edital do concurso Prefeitura de Florian\u00f3polis \u2013 SC<br><\/h2>\n\n\n\n<p>Os<strong> editais<\/strong> do concurso Prefeitura de Florian\u00f3polis \u2013 SC, <strong>foram <a href=\"https:\/\/www.novaconcursos.com.br\/portal\/wp-content\/uploads\/2019\/08\/2019_PMF_Edital_2_Termo_aditivo_1.pdf\" target=\"_blank\" rel=\"noreferrer noopener\" aria-label=\"retificados (abre numa nova aba)\">retificados<\/a><\/strong>. As altera\u00e7\u00f5es foram nos <strong>pr\u00e9-requisitos de tr\u00eas cargos, no conte\u00fado program\u00e1tico e nas atribui\u00e7\u00f5es do cargo de Assistente Jur\u00eddico<\/strong>. Pelas mudan\u00e7as, a banca organizadora e a Prefeitura <strong>prorrogaram as inscri\u00e7\u00f5es<\/strong> para os quatro editais at\u00e9 o dia <strong>16 de setembro de 2019<\/strong>.<br><\/p>\n\n\n\n<div class=\"wp-block-image\"><figure class=\"aligncenter is-resized\"><img decoding=\"async\" src=\"https:\/\/www.novaconcursos.com.br\/portal\/wp-content\/uploads\/2019\/08\/Pref-de-Florian%C3%B3polis.png\" alt=\"\" class=\"wp-image-89100\" width=\"691\" height=\"481\" loading=\"lazy\" title=\"\" srcset=\"https:\/\/www.novaconcursos.com.br\/portal\/wp-content\/uploads\/2019\/08\/Pref-de-Florian\u00f3polis-300x209.png 300w, https:\/\/www.novaconcursos.com.br\/portal\/wp-content\/uploads\/2019\/08\/Pref-de-Florian\u00f3polis.png 613w\" sizes=\"auto, (max-width: 480px) 100vw, (max-width: 768px) 100vw, (max-width: 1200px) 70vw, 768px\"><\/figure><\/div>\n\n\n\n<p><strong>Esse tamb\u00e9m ser\u00e1 o prazo para a entrega da documenta\u00e7\u00e3o para a prova de t\u00edtulos, para as vagas reservadas a pessoas com defici\u00eancia e requerimento de condi\u00e7\u00f5es especiais para presta\u00e7\u00e3o da prova<\/strong>. As demais datas do cronograma foram mantidas, inclusive a da aplica\u00e7\u00e3o da <strong>prova objetiva<\/strong>, ocorrendo no dia <strong>17 de novembro de 2019<\/strong>.<br><\/p>\n\n\n\n<p>O cargo de <strong>Auxiliar de Sa\u00fade Bucal<\/strong>, por exemplo, passou ter exig\u00eancia de <strong>curso na \u00e1rea<\/strong>, al\u00e9m do <strong>ensino fundamental completo<\/strong> e registro no respectivo \u00f3rg\u00e3o de classe. J\u00e1 o pr\u00e9-requisito do cargo de <strong>Assistente Jur\u00eddico<\/strong>, passou a ser apenas de <strong>gradua\u00e7\u00e3o em Direito<\/strong>. O registro de classe n\u00e3o \u00e9 mais obrigat\u00f3rio.<br><\/p>\n\n\n\n<div class=\"wp-block-image\"><figure class=\"aligncenter is-resized\"><img decoding=\"async\" src=\"https:\/\/www.novaconcursos.com.br\/portal\/wp-content\/uploads\/2019\/08\/nova-florianopolis-3-1024x597.jpg\" alt=\"\" class=\"wp-image-88492\" width=\"783\" height=\"456\" loading=\"lazy\" title=\"\"><\/figure><\/div>\n\n\n\n<p>Para a carreira de <strong>Analista de Atividades Culturais, as gradua\u00e7\u00f5es em Artes Pl\u00e1sticas e Artes Visuais passaram a ser v\u00e1lidas<\/strong>. Al\u00e9m do n\u00edvel superior em Filosofia, Hist\u00f3ria, Sociologia, Geografia ou Educa\u00e7\u00e3o Art\u00edstica. A retifica\u00e7\u00e3o tamb\u00e9m trouxe mudan\u00e7a no <strong>conte\u00fado program\u00e1tico<\/strong> para o cargo de <strong>Fiscal de Transporte Coletivo<\/strong>.<br><\/p>\n\n\n\n<p>Mediante a prorroga\u00e7\u00e3o das inscri\u00e7\u00f5es do concurso, <strong>os pedidos de isen\u00e7\u00e3o dos valores da taxa de inscri\u00e7\u00e3o <\/strong>poder\u00e3o ser realizados at\u00e9 o dia<strong> 23 de agosto de 2019<\/strong>. Poder\u00e3o solicitar o benef\u00edcio, candidatos inscritos no programa <strong>Cad\u00danico, doadores de sangue e doadores de medula \u00f3ssea<\/strong>.<\/p>\n\n\n\n<p style=\"color:#3299d4;text-align:center\" class=\"has-text-color\"> <a href=\"https:\/\/www.novaconcursos.com.br\/catalogsearch\/result\/?q=Prefeitura+de+Florian%C3%B3polis?promo_name=blog&amp;promo_id=link&amp;promo_position=rodape&amp;promo_creative=edital-retificado-pref-de-florianopolis\" target=\"_blank\" rel=\"noreferrer noopener\" aria-label=\"\u00bb Prepare-se para o concurso Prefeitura de Florian\u00f3polis - SC + B\u00d4NUS (GR\u00c1TIS) \u00ab (abre numa nova aba)\">\u00bb Prepare-se para o concurso Prefeitura de Florian\u00f3polis \u2013 SC + B\u00d4NUS (GR\u00c1TIS) \u00ab<\/a> <\/p>","protected":false},"excerpt":{"rendered":"<p>O concurso Prefeitura de Florian\u00f3polis \u2013 SC retificou os editais e prorrogou o prazo para os candidatos se inscreverem no certame. \u21d2 Confira todas as informa\u00e7\u00f5es na p\u00e1gina do concurso! Edital do concurso Prefeitura de Florian\u00f3polis \u2013 SC Os editais do concurso Prefeitura de Florian\u00f3polis \u2013 SC, foram retificados. As altera\u00e7\u00f5es foram nos pr\u00e9-requisitos de [&hellip;]<\/p>\n","protected":false},"author":16,"featured_media":88490,"comment_status":"closed","ping_status":"closed","sticky":false,"template":"","format":"standard","meta":{"_acf_changed":false,"footnotes":"","_wp_rev_ctl_limit":""},"categories":[228],"tags":[],"class_list":["post-89098","post","type-post","status-publish","format-standard","has-post-thumbnail","hentry","category-noticias"],"acf":[],"_links":{"self":[{"href":"https:\/\/www.novaconcursos.com.br\/portal\/wp-json\/wp\/v2\/posts\/89098","targetHints":{"allow":["GET"]}}],"collection":[{"href":"https:\/\/www.novaconcursos.com.br\/portal\/wp-json\/wp\/v2\/posts"}],"about":[{"href":"https:\/\/www.novaconcursos.com.br\/portal\/wp-json\/wp\/v2\/types\/post"}],"author":[{"embeddable":true,"href":"https:\/\/www.novaconcursos.com.br\/portal\/wp-json\/wp\/v2\/users\/16"}],"replies":[{"embeddable":true,"href":"https:\/\/www.novaconcursos.com.br\/portal\/wp-json\/wp\/v2\/comments?post=89098"}],"version-history":[{"count":2,"href":"https:\/\/www.novaconcursos.com.br\/portal\/wp-json\/wp\/v2\/posts\/89098\/revisions"}],"predecessor-version":[{"id":89103,"href":"https:\/\/www.novaconcursos.com.br\/portal\/wp-json\/wp\/v2\/posts\/89098\/revisions\/89103"}],"wp:featuredmedia":[{"embeddable":true,"href":"https:\/\/www.novaconcursos.com.br\/portal\/wp-json\/wp\/v2\/media\/88490"}],"wp:attachment":[{"href":"https:\/\/www.novaconcursos.com.br\/portal\/wp-json\/wp\/v2\/media?parent=89098"}],"wp:term":[{"taxonomy":"category","embeddable":true,"href":"https:\/\/www.novaconcursos.com.br\/portal\/wp-json\/wp\/v2\/categories?post=89098"},{"taxonomy":"post_tag","embeddable":true,"href":"https:\/\/www.novaconcursos.com.br\/portal\/wp-json\/wp\/v2\/tags?post=89098"}],"curies":[{"name":"wp","href":"https:\/\/api.w.org\/{rel}","templated":true}]}}