{"id":89165,"date":"2019-08-20T14:01:32","date_gmt":"2019-08-20T17:01:32","guid":{"rendered":"https:\/\/www.novaconcursos.com.br\/portal\/?p=89165"},"modified":"2019-08-20T14:01:36","modified_gmt":"2019-08-20T17:01:36","slug":"concurso-mapa-orgao-anuncia-agronordeste-mas-deficit-ainda-e-alto","status":"publish","type":"post","link":"https:\/\/www.novaconcursos.com.br\/portal\/noticias\/concurso-mapa-orgao-anuncia-agronordeste-mas-deficit-ainda-e-alto\/","title":{"rendered":"Concurso MAPA: \u00d3rg\u00e3o anuncia AgroNordeste, mas d\u00e9ficit ainda \u00e9 alto!"},"content":{"rendered":"<p>O <a rel=\"noreferrer noopener\" aria-label=\"concurso (abre numa nova aba)\" href=\"https:\/\/www.novaconcursos.com.br\" target=\"_blank\">concurso<\/a> <strong>MAPA<\/strong> (<a rel=\"noreferrer noopener\" aria-label=\"Minist\u00e9rio da Agricultura, Pecu\u00e1ria e Abastecimento (abre numa nova aba)\" href=\"https:\/\/www.novaconcursos.com.br\/concurso\/mapa-ministerio-da-agricultura-pecuaria-e-abastecimento\/apostila\" target=\"_blank\">Minist\u00e9rio da Agricultura, Pecu\u00e1ria e Abastecimento<\/a>) anunciou as <strong>diretrizes estabelecidas para o Plano de A\u00e7\u00e3o do Nordeste<\/strong> (AgroNordeste). Por\u00e9m, as sa\u00eddas no \u00f3rg\u00e3o triplicaram.<\/p>\n\n\n\n<p><a href=\"https:\/\/www.novaconcursos.com.br\/portal\/concursos\/concurso-mapa\/?q=MAPA\">\u21d2 Confira todas as informa\u00e7\u00f5es na p\u00e1gina do concurso!<\/a><\/p>\n\n\n\n<h2 class=\"wp-block-heading\" id=\"concurso-mapa-anuncia-agronordeste\">Concurso MAPA anuncia AgroNordeste<\/h2>\n\n\n\n<p>Foi anunciado no Di\u00e1rio Oficial da Uni\u00e3o, <strong>um plano de a\u00e7\u00e3o para o Nordeste (AgroNordeste)<\/strong>, onde tamb\u00e9m foram publicadas as diretrizes pelo Minist\u00e9rio da Agricultura, Pecu\u00e1ria e Abastecimento.<\/p>\n\n\n\n<p>Por\u00e9m, um novo concurso MAPA \u00e9 visto de car\u00e1ter de urg\u00eancia, <strong>pois as sa\u00eddas triplicaram nos \u00faltimos quatro anos<\/strong>.<\/p>\n\n\n\n<p>Esse \u00e9 mais um projeto que entrar\u00e1 em vigor pelo MAPA. Entretanto, o \u00f3rg\u00e3o n\u00e3o tem um quadro de pessoal bem preenchido, <strong>o d\u00e9ficit vem aumentando cada vez mais com as aposentadorias<\/strong>. Para uma efetividade maior no AgroNordeste, ser\u00e3o necess\u00e1rios mais servidores.<\/p>\n\n\n\n<div class=\"wp-block-image\"><figure class=\"aligncenter is-resized\"><img decoding=\"async\" src=\"https:\/\/www.novaconcursos.com.br\/portal\/wp-content\/uploads\/2019\/08\/MAPA.gif\" alt=\"\" class=\"wp-image-89197\" width=\"746\" height=\"126\" loading=\"lazy\" title=\"\"><\/figure><\/div>\n\n\n\n<div class=\"wp-block-image\"><figure class=\"aligncenter is-resized\"><img decoding=\"async\" src=\"https:\/\/www.novaconcursos.com.br\/portal\/wp-content\/uploads\/2019\/08\/MAPA-6-1024x683.jpg\" alt=\"\" class=\"wp-image-88626\" width=\"787\" height=\"523\" loading=\"lazy\" title=\"\"><\/figure><\/div>\n\n\n\n<p>O novo projeto que visa o <strong>desenvolvimento da agropecu\u00e1ria nordestina ficar\u00e1 sob coordena\u00e7\u00e3o do gabinete da ministra do estado do MAPA<\/strong>, Tereza Cristina, com as seguintes diretrizes:<\/p>\n\n\n\n<ul class=\"wp-block-list\"><li>Integras as a\u00e7\u00f5es empreendidas pelo MAPA e suas unidades vinculadas de forma a promover complementaridades e sinergias;<\/li><\/ul><ul class=\"wp-block-list\"><li>Atuar com ferramentas de Intelig\u00eancia estrat\u00e9gica e territorial;<\/li><\/ul><ul class=\"wp-block-list\"><li>Identificar os entraves que comprometem a competitividade das cadeias agropecu\u00e1rias de relev\u00e2ncia ou com potencial de desenvolvimento e encaminhar as solu\u00e7\u00f5es pertinentes que sejam de dom\u00ednio do MAPA;<\/li><\/ul><ul class=\"wp-block-list\"><li>Apoiar a melhoria dos sistemas produtivos, do beneficiamento e do processamento de produtos agropecu\u00e1rios;<\/li><\/ul><ul class=\"wp-block-list\"><li>Apoiar a amplia\u00e7\u00e3o do acesso dos produtores agropecu\u00e1rios da regi\u00e3o aos mercados, assim como a sua diversifica\u00e7\u00e3o;<\/li><\/ul><ul class=\"wp-block-list\"><li>Apoiar a amplia\u00e7\u00e3o do acesso dos produtores a cr\u00e9dito, assist\u00eancia t\u00e9cnica e tecnologias, em especial no que diz respeito ao desenvolvimento de produtos com maior valor agregado e de estrat\u00e9gias de conviv\u00eancia com a seca.<\/li><\/ul><h2 class=\"wp-block-heading\" id=\"nmero-de-sadas-quase-triplicaram-no-mapa\">N\u00famero de sa\u00eddas quase triplicaram no MAPA<\/h2>\n\n\n\n<p>Mesmo com o plano de a\u00e7\u00e3o para o AgroNordeste j\u00e1 estabelecido, o MAPA ainda sofre com uma vac\u00e2ncia de pessoal. <strong>Somente de aposentadorias, foram 2.496 aposentados nos \u00faltimos quatro anos<\/strong>.<\/p>\n\n\n\n<p>Este n\u00famero foi extra\u00eddo do <strong>Painel Estat\u00edstico de Pessoal (PEP)<\/strong>, no site do Minist\u00e9rio do Planejamento. A maior parte das sa\u00eddas foram classificadas como volunt\u00e1rias, <strong>esse agravante acende um alerta para que o \u00f3rg\u00e3o possa ter um novo concurso autorizado para amenizar esse cen\u00e1rio<\/strong>.<\/p>\n\n\n\n<p>No ano de 2019, <strong>o m\u00eas de mar\u00e7o foi quem mais apresentou sa\u00eddas por esse motivo, com 236 aposentados<\/strong>. O n\u00edvel intermedi\u00e1rio \u00e9 quem apresenta mais abandonos, al\u00e9m disso, a maior taxa \u00e9 no sexo masculino e na regi\u00e3o Sudeste.<\/p>\n\n\n\n<p style=\"color:#448cd9;text-align:center\" class=\"has-text-color\"> <a href=\"https:\/\/www.novaconcursos.com.br\/concurso\/mapa-ministerio-da-agricultura-pecuaria-e-abastecimento\/apostila?promo_name=blog&amp;promo_id=link&amp;promo_position=rodape&amp;promo_creative=orgao-anuncia-mapa\" target=\"_blank\" rel=\"noreferrer noopener\" aria-label=\"\u00bb Prepare-se para o concurso MAPA + B\u00d4NUS (GR\u00c1TIS) \u00ab (abre numa nova aba)\">\u00bb Prepare-se para o concurso MAPA + B\u00d4NUS (GR\u00c1TIS) \u00ab<\/a> <\/p>","protected":false},"excerpt":{"rendered":"<p>O concurso MAPA (Minist\u00e9rio da Agricultura, Pecu\u00e1ria e Abastecimento) anunciou as diretrizes estabelecidas para o Plano de A\u00e7\u00e3o do Nordeste (AgroNordeste). Por\u00e9m, as sa\u00eddas no \u00f3rg\u00e3o triplicaram. \u21d2 Confira todas as informa\u00e7\u00f5es na p\u00e1gina do concurso! Concurso MAPA anuncia AgroNordeste Foi anunciado no Di\u00e1rio Oficial da Uni\u00e3o, um plano de a\u00e7\u00e3o para o Nordeste (AgroNordeste), [&hellip;]<\/p>\n","protected":false},"author":16,"featured_media":88616,"comment_status":"closed","ping_status":"closed","sticky":false,"template":"","format":"standard","meta":{"_acf_changed":false,"footnotes":"","_wp_rev_ctl_limit":""},"categories":[228],"tags":[],"class_list":["post-89165","post","type-post","status-publish","format-standard","has-post-thumbnail","hentry","category-noticias"],"acf":[],"_links":{"self":[{"href":"https:\/\/www.novaconcursos.com.br\/portal\/wp-json\/wp\/v2\/posts\/89165","targetHints":{"allow":["GET"]}}],"collection":[{"href":"https:\/\/www.novaconcursos.com.br\/portal\/wp-json\/wp\/v2\/posts"}],"about":[{"href":"https:\/\/www.novaconcursos.com.br\/portal\/wp-json\/wp\/v2\/types\/post"}],"author":[{"embeddable":true,"href":"https:\/\/www.novaconcursos.com.br\/portal\/wp-json\/wp\/v2\/users\/16"}],"replies":[{"embeddable":true,"href":"https:\/\/www.novaconcursos.com.br\/portal\/wp-json\/wp\/v2\/comments?post=89165"}],"version-history":[{"count":1,"href":"https:\/\/www.novaconcursos.com.br\/portal\/wp-json\/wp\/v2\/posts\/89165\/revisions"}],"predecessor-version":[{"id":89198,"href":"https:\/\/www.novaconcursos.com.br\/portal\/wp-json\/wp\/v2\/posts\/89165\/revisions\/89198"}],"wp:featuredmedia":[{"embeddable":true,"href":"https:\/\/www.novaconcursos.com.br\/portal\/wp-json\/wp\/v2\/media\/88616"}],"wp:attachment":[{"href":"https:\/\/www.novaconcursos.com.br\/portal\/wp-json\/wp\/v2\/media?parent=89165"}],"wp:term":[{"taxonomy":"category","embeddable":true,"href":"https:\/\/www.novaconcursos.com.br\/portal\/wp-json\/wp\/v2\/categories?post=89165"},{"taxonomy":"post_tag","embeddable":true,"href":"https:\/\/www.novaconcursos.com.br\/portal\/wp-json\/wp\/v2\/tags?post=89165"}],"curies":[{"name":"wp","href":"https:\/\/api.w.org\/{rel}","templated":true}]}}