{"id":89747,"date":"2019-08-27T10:55:37","date_gmt":"2019-08-27T13:55:37","guid":{"rendered":"https:\/\/www.novaconcursos.com.br\/portal\/?p=89747"},"modified":"2025-12-08T08:43:00","modified_gmt":"2025-12-08T11:43:00","slug":"concurso-tj-al-reaberto-o-prazo-de-inscricoes-no-certame","status":"publish","type":"post","link":"https:\/\/www.novaconcursos.com.br\/portal\/noticias\/concurso-tj-al-reaberto-o-prazo-de-inscricoes-no-certame\/","title":{"rendered":"Concurso TJ AL: Reaberto o prazo de inscri\u00e7\u00f5es no certame!"},"content":{"rendered":"<p>O <a href=\"https:\/\/www.novaconcursos.com.br\/portal\/concursos\/concurso-tj-al\/\">concurso TJ AL<\/a> (Tribunal de Justi\u00e7a de <a aria-label=\"Alagoas (abre numa nova aba)\" href=\"https:\/\/www.novaconcursos.com.br\/portal\/concursos-abertos\/al\/\" target=\"_blank\" rel=\"noreferrer noopener\">Alagoas<\/a>) <strong>reabriu o prazo de inscri\u00e7\u00e3o para o certame<\/strong>, os candidatos interessados t\u00eam at\u00e9 o dia <strong>30 de agosto para se inscrever<\/strong>.<br><\/p>\n\n\n\n<p><a href=\"https:\/\/www.novaconcursos.com.br\/portal\/concursos\/concurso-tj-al\/?q=TJ%20AL\">\u21d2 Confira todas as informa\u00e7\u00f5es na p\u00e1gina do concurso!<\/a><\/p>\n\n\n\n<h2 class=\"wp-block-heading\" id=\"inscries-do-concurso-tj-al\">Inscri\u00e7\u00f5es do concurso TJ AL<br><\/h2>\n\n\n\n<p>Foi anunciado pela banca organizadora do concurso TJ AL, FCC (Funda\u00e7\u00e3o Carlos Chagas), <strong>a reabertura do prazo de inscri\u00e7\u00e3o do certame<\/strong>.<br><\/p>\n\n\n\n<p>Os candidatos interessados no concurso, <strong>poder\u00e3o se inscrever a partir das 10 horas do dia 27 de agosto at\u00e9 \u00e0s 14 horas do dia 30 de agosto de 2019<\/strong>.<br><\/p>\n\n\n\n<p>As inscri\u00e7\u00f5es poder\u00e3o ser efetuadas no <a rel=\"noreferrer noopener\" aria-label=\"site da organizadora (abre numa nova aba)\" href=\"https:\/\/www.concursosfcc.com.br\/concursos\/tjual119\/index.html\" target=\"_blank\">site da organizadora<\/a>. Para confirmar a participa\u00e7\u00e3o \u00e9 necess\u00e1rio que o interessado pague uma <strong>taxa de inscri\u00e7\u00e3o no valor de R$ 300,00<\/strong>.<br><\/p>\n\n\n<div class=\"wp-block-image\">\n<figure class=\"aligncenter is-resized\"><img decoding=\"async\" width=\"1024\" height=\"682\" src=\"https:\/\/www.novaconcursos.com.br\/portal\/wp-content\/uploads\/2017\/12\/TJ-AL-1-1024x682.jpg\" alt=\"Nova-TJ-AL\" class=\"wp-image-86787\" style=\"width:771px;height:513px\" loading=\"lazy\" title=\"\" srcset=\"https:\/\/www.novaconcursos.com.br\/portal\/wp-content\/uploads\/2017\/12\/TJ-AL-1-300x200.jpg 300w, https:\/\/www.novaconcursos.com.br\/portal\/wp-content\/uploads\/2017\/12\/TJ-AL-1-1024x682.jpg 1024w, https:\/\/www.novaconcursos.com.br\/portal\/wp-content\/uploads\/2017\/12\/TJ-AL-1.jpg 1280w\" sizes=\"auto, (max-width: 480px) 100vw, (max-width: 768px) 100vw, (max-width: 1200px) 70vw, 768px\"><\/figure><\/div>\n\n\n<p>Vale ressaltar que o tribunal divulgou no 12 de agosto, <strong>a lista de candidatos isentos e tamb\u00e9m foi publicada uma retifica\u00e7\u00e3o do edital<\/strong>, que altera o par\u00e1grafo do conte\u00fado program\u00e1tico de <strong>Direito Administrativo<\/strong>.<br><\/p>\n\n\n\n<p>O concurso TJ AL est\u00e1 ofertando 20 vagas no cargo de Juiz, al\u00e9m de formar cadastro reserva. O sal\u00e1rio tem o valor de at\u00e9 <strong>R$ 31.924,64<\/strong>, sendo composto pelo vencimento b\u00e1sico de <strong>R$ 30.404,42<\/strong> e mais o benef\u00edcio de aux\u00edlio-alimenta\u00e7\u00e3o de <strong>R$ 1.520,22<\/strong>.<br><\/p>\n\n\n\n<p>O candidato interessado no cargo, <strong>dever\u00e1 ser bacharelado em Direito, al\u00e9m de comprovar exerc\u00edcio de Atividade Jur\u00eddica, por pelo menos 3 (tr\u00eas) anos<\/strong>, contados a partir da obten\u00e7\u00e3o do diploma de ensino superior.<\/p>","protected":false},"excerpt":{"rendered":"<p>O concurso TJ AL (Tribunal de Justi\u00e7a de Alagoas) reabriu o prazo de inscri\u00e7\u00e3o para o certame, os candidatos interessados t\u00eam at\u00e9 o dia 30 de agosto para se inscrever. \u21d2 Confira todas as informa\u00e7\u00f5es na p\u00e1gina do concurso! Inscri\u00e7\u00f5es do concurso TJ AL Foi anunciado pela banca organizadora do concurso TJ AL, FCC (Funda\u00e7\u00e3o [&hellip;]<\/p>\n","protected":false},"author":16,"featured_media":86787,"comment_status":"closed","ping_status":"closed","sticky":false,"template":"","format":"standard","meta":{"_acf_changed":false,"footnotes":"","_wp_rev_ctl_limit":""},"categories":[228],"tags":[],"class_list":["post-89747","post","type-post","status-publish","format-standard","has-post-thumbnail","hentry","category-noticias"],"acf":[],"_links":{"self":[{"href":"https:\/\/www.novaconcursos.com.br\/portal\/wp-json\/wp\/v2\/posts\/89747","targetHints":{"allow":["GET"]}}],"collection":[{"href":"https:\/\/www.novaconcursos.com.br\/portal\/wp-json\/wp\/v2\/posts"}],"about":[{"href":"https:\/\/www.novaconcursos.com.br\/portal\/wp-json\/wp\/v2\/types\/post"}],"author":[{"embeddable":true,"href":"https:\/\/www.novaconcursos.com.br\/portal\/wp-json\/wp\/v2\/users\/16"}],"replies":[{"embeddable":true,"href":"https:\/\/www.novaconcursos.com.br\/portal\/wp-json\/wp\/v2\/comments?post=89747"}],"version-history":[{"count":2,"href":"https:\/\/www.novaconcursos.com.br\/portal\/wp-json\/wp\/v2\/posts\/89747\/revisions"}],"predecessor-version":[{"id":299114,"href":"https:\/\/www.novaconcursos.com.br\/portal\/wp-json\/wp\/v2\/posts\/89747\/revisions\/299114"}],"wp:featuredmedia":[{"embeddable":true,"href":"https:\/\/www.novaconcursos.com.br\/portal\/wp-json\/wp\/v2\/media\/86787"}],"wp:attachment":[{"href":"https:\/\/www.novaconcursos.com.br\/portal\/wp-json\/wp\/v2\/media?parent=89747"}],"wp:term":[{"taxonomy":"category","embeddable":true,"href":"https:\/\/www.novaconcursos.com.br\/portal\/wp-json\/wp\/v2\/categories?post=89747"},{"taxonomy":"post_tag","embeddable":true,"href":"https:\/\/www.novaconcursos.com.br\/portal\/wp-json\/wp\/v2\/tags?post=89747"}],"curies":[{"name":"wp","href":"https:\/\/api.w.org\/{rel}","templated":true}]}}