{"id":89762,"date":"2019-08-27T11:54:55","date_gmt":"2019-08-27T14:54:55","guid":{"rendered":"https:\/\/www.novaconcursos.com.br\/portal\/?p=89762"},"modified":"2019-08-27T11:54:58","modified_gmt":"2019-08-27T14:54:58","slug":"concurso-pf-autonomia-do-orgao-volta-a-tramitar-na-camara-dos-deputados","status":"publish","type":"post","link":"https:\/\/www.novaconcursos.com.br\/portal\/noticias\/concurso-pf-autonomia-do-orgao-volta-a-tramitar-na-camara-dos-deputados\/","title":{"rendered":"Concurso PF: Autonomia do \u00f3rg\u00e3o volta a tramitar na C\u00e2mara dos Deputados!"},"content":{"rendered":"<p>A proposta de <strong>autonomia da PF<\/strong> (<a rel=\"noreferrer noopener\" aria-label=\"Pol\u00edcia Federal (abre numa nova aba)\" href=\"https:\/\/www.novaconcursos.com.br\/concurso\/pf-policia-federal\/curso-online\" target=\"_blank\">Pol\u00edcia Federal<\/a>) <strong>voltou a tramitar na C\u00e2mara dos Deputados<\/strong>, o que pode ser favor\u00e1vel para um novo <a href=\"https:\/\/www.novaconcursos.com.br\" target=\"_blank\" rel=\"noreferrer noopener\" aria-label=\"concurso (abre numa nova aba)\">concurso<\/a> PF.<br><\/p>\n\n\n\n<p><a href=\"https:\/\/www.novaconcursos.com.br\/portal\/concursos\/concurso-policia-federal\/?q=PF\">\u21d2 Confira todas as informa\u00e7\u00f5es na p\u00e1gina do concurso!<\/a><\/p>\n\n\n\n<h2 class=\"wp-block-heading\" id=\"autonomia-da-pf-volta-a-tramitar-na-cmara\">Autonomia da PF volta a tramitar na C\u00e2mara<br><\/h2>\n\n\n\n<p><strong>A PEC (Proposta de Emenda Constitucional) que prop\u00f5es a autonomia da Pol\u00edcia Federal, protocolada h\u00e1 dez anos, <\/strong>voltou a <a href=\"https:\/\/www.camara.leg.br\/proposicoesWeb\/fichadetramitacao?idProposicao=453251\" target=\"_blank\" rel=\"noreferrer noopener\" aria-label=\"tramitar na C\u00e2mara dos Deputados (abre numa nova aba)\">tramitar na C\u00e2mara dos Deputados<\/a>. O presidente da Comiss\u00e3o de Constitui\u00e7\u00e3o e Justi\u00e7a (CCJ), deputado Felipe Franceschini (PSL-PR), desengavetou a proposta que \u00e9 uma reivindica\u00e7\u00e3o da categoria desde o ano de 2009.<br><\/p>\n\n\n\n<p>O texto prev\u00ea <strong>autonomia funcional, administrativa e de elabora\u00e7\u00e3o de proposta or\u00e7ament\u00e1ria<\/strong> pr\u00f3pria para a Pol\u00edcia Federal. O que tamb\u00e9m inclui <strong>maior liberdade para abertura de novos concursos PF<\/strong>, nas \u00e1reas Policial e Administrativa.<br><\/p>\n\n\n\n<p>A autonomia voltou a ser tema de discuss\u00e3o na C\u00e2mara dos Deputados, <strong>no mesmo dia que o presidente Jair Bolsonaro informou que poderia trocar o diretor-geral da PF<\/strong>. Al\u00e9m de afirmar que a indica\u00e7\u00e3o era feita por ele e n\u00e3o pelo Ministro da Justi\u00e7a, S\u00e9rgio Moro, a quem a Pol\u00edcia Federal \u00e9 subordinada.<br><\/p>\n\n\n\n<div class=\"wp-block-image\"><figure class=\"aligncenter is-resized\"><img decoding=\"async\" src=\"https:\/\/www.novaconcursos.com.br\/portal\/wp-content\/uploads\/2019\/05\/PF-1-1024x1024.jpg\" alt=\"Nova-PF\" class=\"wp-image-85969\" width=\"673\" height=\"673\" loading=\"lazy\" title=\"\" srcset=\"https:\/\/www.novaconcursos.com.br\/portal\/wp-content\/uploads\/2019\/05\/PF-1-55x55.jpg 55w, https:\/\/www.novaconcursos.com.br\/portal\/wp-content\/uploads\/2019\/05\/PF-1-150x150.jpg 150w, https:\/\/www.novaconcursos.com.br\/portal\/wp-content\/uploads\/2019\/05\/PF-1-300x300.jpg 300w, https:\/\/www.novaconcursos.com.br\/portal\/wp-content\/uploads\/2019\/05\/PF-1-1024x1024.jpg 1024w, https:\/\/www.novaconcursos.com.br\/portal\/wp-content\/uploads\/2019\/05\/PF-1.jpg 1200w\" sizes=\"auto, (max-width: 480px) 100vw, (max-width: 768px) 100vw, (max-width: 1200px) 70vw, 768px\"><\/figure><\/div>\n\n\n\n<p><strong>A declara\u00e7\u00e3o de Bolsonaro causou indigna\u00e7\u00e3o nos integrantes da PF que s\u00e3o contra a interfer\u00eancia pol\u00edtica na corpora\u00e7\u00e3o<\/strong>. O presidente da CCJ na C\u00e2mara disse que o retorno da pauta sobre a autonomia do \u00f3rg\u00e3o n\u00e3o \u00e9 uma retalia\u00e7\u00e3o \u00e0 presid\u00eancia.<br><\/p>\n\n\n\n<p>Ao blog da jornalista Andr\u00e9ia Sadi, da Rede Globo, Franceschini adiantou que quer votar no projeto na Comiss\u00e3o at\u00e9 a <strong>segunda semana do m\u00eas de setembro<\/strong>.<br><\/p>\n\n\n\n<div class=\"wp-block-image\"><figure class=\"aligncenter is-resized\"><img decoding=\"async\" src=\"https:\/\/www.novaconcursos.com.br\/portal\/wp-content\/uploads\/2019\/08\/PF.gif\" alt=\"\" class=\"wp-image-89763\" width=\"748\" height=\"108\" loading=\"lazy\" title=\"\"><\/figure><\/div>\n\n\n\n<p>De acordo com o presidente da CCJ, o deputado Jo\u00e3o Campos (PRB-GO), <strong>\u00e9 favor\u00e1vel ao projeto e foi designado como relator da proposta de autonomia da Pol\u00edcia Federal.<\/strong><br><\/p>\n\n\n\n<p>Entre outros t\u00f3picos, <a href=\"https:\/\/www.novaconcursos.com.br\/portal\/wp-content\/uploads\/2019\/08\/PEC-412-2009.pdf\" target=\"_blank\" rel=\"noreferrer noopener\" aria-label=\"o texto de 2009 (abre numa nova aba)\">o texto de 2009<\/a>, afirma que a autonomia <strong>prevenir\u00e1 os problemas advindos<\/strong> de uma pol\u00edcia submetida \u00e0s intemp\u00e9ries do poder e de capricho dos governantes no <strong>combate \u00e0 criminalidade organizada, \u00e0 corrup\u00e7\u00e3o e \u00e0 impunidade neste pa\u00eds<\/strong>.<\/p>\n\n\n\n<h2 class=\"wp-block-heading\" id=\"autonomia-pode-beneficiar-novo-concurso-pf\">Autonomia pode beneficiar novo concurso PF<br><\/h2>\n\n\n\n<p>Caso a PEC de autonomia seja sancionada, <strong>a Pol\u00edcia Federal n\u00e3o teria que solicitar mais autoriza\u00e7\u00e3o ao Minist\u00e9rio da Economia para abrir novos concursos<\/strong>. Tanto para \u00e1rea policial, como administrativa. <strong>Desde o dia 01 de julho, a corpora\u00e7\u00e3o j\u00e1 tem independ\u00eancia nesse quesito para \u00e1rea policial<\/strong>.<br><\/p>\n\n\n\n<p>No decreto com as novas regras para autoriza\u00e7\u00e3o de concursos federais consta que o diretor-geral da PF \u00e9 o respons\u00e1vel por definir os atos de pessoal e de ingresso na corpora\u00e7\u00e3o. <strong>Ele que deve autorizar a realiza\u00e7\u00e3o de concursos e decidir sobre o provimento de cargos<\/strong>.<br><\/p>\n\n\n\n<div class=\"wp-block-image\"><figure class=\"aligncenter is-resized\"><img decoding=\"async\" src=\"https:\/\/www.novaconcursos.com.br\/portal\/wp-content\/uploads\/2019\/05\/PF-1024x577.jpg\" alt=\"Nova-PF\" class=\"wp-image-85623\" width=\"776\" height=\"436\" loading=\"lazy\" title=\"\" srcset=\"https:\/\/www.novaconcursos.com.br\/portal\/wp-content\/uploads\/2019\/05\/PF-300x169.jpg 300w, https:\/\/www.novaconcursos.com.br\/portal\/wp-content\/uploads\/2019\/05\/PF-1024x577.jpg 1024w, https:\/\/www.novaconcursos.com.br\/portal\/wp-content\/uploads\/2019\/05\/PF.jpg 1280w\" sizes=\"auto, (max-width: 480px) 100vw, (max-width: 768px) 100vw, (max-width: 1200px) 70vw, 768px\"><\/figure><\/div>\n\n\n\n<p><strong>Significando que a Pol\u00edcia Federal teria uma maior autonomia para divulgar novos editais<\/strong>. Por\u00e9m, essa regra \u00e9 valida somente para a <strong>\u00e1rea policial<\/strong>. A \u00e1rea administrativa ainda continuaria na depend\u00eancia da autoriza\u00e7\u00e3o do Minist\u00e9rio da Economia para ter concursos.<br><\/p>\n\n\n\n<p>O texto determina que <strong>concursos para PF<\/strong> ocorra quando o <strong>n\u00famero de vagas exceder a 5%<\/strong> das respectivas carreiras ou com menor percentual de cargos vagos, mediante a necessidade e a crit\u00e9rio do ministro de Estado da Justi\u00e7a e Seguran\u00e7a P\u00fablica.<br><\/p>\n\n\n\n<p>Mesmo sem a necessidade do aval da Economia para abrir concurso, a Pol\u00edcia Federal precisa ter or\u00e7amento liberado pelo governo. Caso aprovada a autonomia, <strong>a corpora\u00e7\u00e3o teria seu or\u00e7amento pr\u00f3prio. O que facilitaria a realiza\u00e7\u00e3o de concursos PF<\/strong>.<\/p>\n\n\n\n<p style=\"color:#2a88cb;text-align:center\" class=\"has-text-color\"> <a href=\"https:\/\/www.novaconcursos.com.br\/concurso\/pf-policia-federal\/curso-online?promo_name=blog&amp;promo_id=link&amp;promo_position=rodape&amp;promo_creative=autonomia-do-orgao-pf\" target=\"_blank\" rel=\"noreferrer noopener\" aria-label=\"\u00bb Prepare-se para o concurso PF + B\u00d4NUS (GR\u00c1TIS) \u00ab (abre numa nova aba)\">\u00bb Prepare-se para o concurso PF + B\u00d4NUS (GR\u00c1TIS) \u00ab<\/a> <\/p>","protected":false},"excerpt":{"rendered":"<p>A proposta de autonomia da PF (Pol\u00edcia Federal) voltou a tramitar na C\u00e2mara dos Deputados, o que pode ser favor\u00e1vel para um novo concurso PF. \u21d2 Confira todas as informa\u00e7\u00f5es na p\u00e1gina do concurso! Autonomia da PF volta a tramitar na C\u00e2mara A PEC (Proposta de Emenda Constitucional) que prop\u00f5es a autonomia da Pol\u00edcia Federal, [&hellip;]<\/p>\n","protected":false},"author":16,"featured_media":84362,"comment_status":"closed","ping_status":"closed","sticky":false,"template":"","format":"standard","meta":{"_acf_changed":false,"footnotes":"","_wp_rev_ctl_limit":""},"categories":[228],"tags":[],"class_list":["post-89762","post","type-post","status-publish","format-standard","has-post-thumbnail","hentry","category-noticias"],"acf":[],"_links":{"self":[{"href":"https:\/\/www.novaconcursos.com.br\/portal\/wp-json\/wp\/v2\/posts\/89762","targetHints":{"allow":["GET"]}}],"collection":[{"href":"https:\/\/www.novaconcursos.com.br\/portal\/wp-json\/wp\/v2\/posts"}],"about":[{"href":"https:\/\/www.novaconcursos.com.br\/portal\/wp-json\/wp\/v2\/types\/post"}],"author":[{"embeddable":true,"href":"https:\/\/www.novaconcursos.com.br\/portal\/wp-json\/wp\/v2\/users\/16"}],"replies":[{"embeddable":true,"href":"https:\/\/www.novaconcursos.com.br\/portal\/wp-json\/wp\/v2\/comments?post=89762"}],"version-history":[{"count":1,"href":"https:\/\/www.novaconcursos.com.br\/portal\/wp-json\/wp\/v2\/posts\/89762\/revisions"}],"predecessor-version":[{"id":89765,"href":"https:\/\/www.novaconcursos.com.br\/portal\/wp-json\/wp\/v2\/posts\/89762\/revisions\/89765"}],"wp:featuredmedia":[{"embeddable":true,"href":"https:\/\/www.novaconcursos.com.br\/portal\/wp-json\/wp\/v2\/media\/84362"}],"wp:attachment":[{"href":"https:\/\/www.novaconcursos.com.br\/portal\/wp-json\/wp\/v2\/media?parent=89762"}],"wp:term":[{"taxonomy":"category","embeddable":true,"href":"https:\/\/www.novaconcursos.com.br\/portal\/wp-json\/wp\/v2\/categories?post=89762"},{"taxonomy":"post_tag","embeddable":true,"href":"https:\/\/www.novaconcursos.com.br\/portal\/wp-json\/wp\/v2\/tags?post=89762"}],"curies":[{"name":"wp","href":"https:\/\/api.w.org\/{rel}","templated":true}]}}