{"id":89900,"date":"2019-08-28T18:26:36","date_gmt":"2019-08-28T21:26:36","guid":{"rendered":"https:\/\/www.novaconcursos.com.br\/portal\/?p=89900"},"modified":"2019-08-29T10:55:58","modified_gmt":"2019-08-29T13:55:58","slug":"concurso-alap-edital-sera-publicado-nesta","status":"publish","type":"post","link":"https:\/\/www.novaconcursos.com.br\/portal\/noticias\/concurso-alap-edital-sera-publicado-nesta\/","title":{"rendered":"Concurso ALAP: Edital ser\u00e1 publicado nesta quinta (29)!"},"content":{"rendered":"<p>O concurso <strong>ALAP (Assembleia Legislativa do Amap\u00e1)<\/strong> ter\u00e1 seu edital divulgado nesta quinta-feira (29)! Segundo o \u00f3rg\u00e3o, a publica\u00e7\u00e3o do edital ser\u00e1 realizada em um plen\u00e1rio provis\u00f3rio da Assembleia, \u00e0s 11 horas.<br><\/p>\n\n\n\n<p>A Funda\u00e7\u00e3o Carlos Chagas, banca organizadora do certame, realizar\u00e1 a divulga\u00e7\u00e3o do seu site na sequ\u00eancia. A publica\u00e7\u00e3o era esperada para o m\u00eas de maio, sendo que o concurso est\u00e1 autorizado desde janeiro.<br><\/p>\n\n\n\n<h2 class=\"wp-block-heading\" id=\"projeto-bsico-do-concurso-alap\">Projeto b\u00e1sico do concurso ALAP<\/h2>\n\n\n\n<figure class=\"wp-block-image\"><img decoding=\"async\" width=\"1024\" height=\"678\" src=\"https:\/\/www.novaconcursos.com.br\/portal\/wp-content\/uploads\/2019\/08\/nova-alap-1-1024x678.jpg\" alt=\"\" class=\"wp-image-89901\" loading=\"lazy\" title=\"\" srcset=\"https:\/\/www.novaconcursos.com.br\/portal\/wp-content\/uploads\/2019\/08\/nova-alap-1-300x199.jpg 300w, https:\/\/www.novaconcursos.com.br\/portal\/wp-content\/uploads\/2019\/08\/nova-alap-1-1024x678.jpg 1024w, https:\/\/www.novaconcursos.com.br\/portal\/wp-content\/uploads\/2019\/08\/nova-alap-1.jpg 1600w\" sizes=\"auto, (max-width: 480px) 100vw, (max-width: 768px) 100vw, (max-width: 1200px) 70vw, 768px\"><\/figure><p><br><\/p>\n\n\n\n<p>O projeto b\u00e1sico do concurso, divulgado em maio, informou que ser\u00e3o<strong> 129 vagas<\/strong> ofertadas para cargos de <strong>n\u00edvel m\u00e9dio e superior<\/strong>.<br><\/p>\n\n\n\n<p>O presidente da Comiss\u00e3o Especial, deputado Paulo Lemos, disse que cerca de 60% da oferta de vagas ser\u00e1 para cargos de n\u00edvel m\u00e9dio, como Assistente Legislativo, com remunera\u00e7\u00e3o inicial de R$ 3,8 mil. J\u00e1 as vagas para cargos de n\u00edvel superior, como Procurador e Analista Legislativo, contam com sal\u00e1rios iniciais de R$ 10 mil a R$ 12 mil.<br><\/p>\n\n\n\n<h2 class=\"wp-block-heading\" id=\"criao-de-cargos-para-servidores\">Cria\u00e7\u00e3o de cargos para servidores<br><\/h2>\n\n\n\n<p>A Reforma Administrativa da ALAP resultou na <strong>cria\u00e7\u00e3o de 224 cargos para servidores<\/strong>, que ser\u00e3o nomeados a medida que os antigos cargos forem exclu\u00eddos. Vale ressaltar que o \u00faltimo concurso do \u00f3rg\u00e3o aconteceu nos anos 1990.<br><\/p>\n\n\n\n<h2 class=\"wp-block-heading\" id=\"vagas-do-concurso-alap-2019\">Vagas do concurso ALAP 2019<br><\/h2>\n\n\n\n<p><strong>N\u00edvel M\u00e9dio<\/strong><br><\/p>\n\n\n\n<p><strong>Auxiliar Legislativo<\/strong> \u2013 Atividade Administrativa e Operacional<\/p>\n\n\n\n<ul class=\"wp-block-list\"><li>Auxiliar Operacional (4 vagas);<\/li><li>Auxiliar de Transportes (6 vagas).<\/li><li><\/ul><p><strong>N\u00edvel M\u00e9dio Especializado<\/strong><br><\/p>\n\n\n\n<p><strong>Assistente Legislativo<\/strong> \u2013 Atividade Administrativa e Operacional<\/p>\n\n\n\n<ul class=\"wp-block-list\"><li>Assistente Administrativo (13);<\/li><li>Assistente de Opera\u00e7\u00f5es T\u00e9cnicas (6);<\/li><li>Assistente de Seguran\u00e7a (16);<\/li><li>Assistente de Registro de Imagens (6).<\/li><\/ul><p><strong>Assistente Legislativo<\/strong> \u2013 Atividade Legislativa<\/p>\n\n\n\n<ul class=\"wp-block-list\"><li>Assistente Legislativo (1).<\/li><li><\/ul><p><strong>Assistente Legislativo<\/strong> \u2013 Atividade Or\u00e7ament\u00e1ria e Financeira<\/p>\n\n\n\n<ul class=\"wp-block-list\"><li>Assistente de Contabilidade (6).<\/li><\/ul><p><strong>Assistente Legislativo<\/strong> \u2013 Atividade de Tecnologia da Informa\u00e7\u00e3o<\/p>\n\n\n\n<ul class=\"wp-block-list\"><li>Assistente de Inform\u00e1tica (10).<\/li><li><\/ul><p><strong>N\u00edvel Superior<\/strong><br><\/p>\n\n\n\n<p><strong>Analista Legislativo<\/strong> \u2013 Atividade Legislativa<\/p>\n\n\n\n<ul class=\"wp-block-list\"><li>Assessor Jur\u00eddico Legislativo (3);<\/li><li>T\u00e9cnico Legislativo (20).<\/li><\/ul><p><strong>Analista Legislativo<\/strong> \u2013 Atividade Administrativa<\/p>\n\n\n\n<ul class=\"wp-block-list\"><li>Administrador (CR);<\/li><li>Biblioteconomista (2);<\/li><li>Psic\u00f3logo (2);<\/li><li>Assistente Social (2);<\/li><li>Pedagogo (2);<\/li><li>Enfermeiro (2).<\/li><li><\/ul><p><strong>Analista Legislativa<\/strong> \u2013 Atividade Or\u00e7ament\u00e1ria e Financeira e de Controle Interno<\/p>\n\n\n\n<ul class=\"wp-block-list\"><li>Contador (4);<\/li><li>Economista (1);<\/li><li>T\u00e9cnico de Controle Interno (6).<\/li><\/ul><p><strong>Analista Legislativo<\/strong> \u2013 Atividade de Comunica\u00e7\u00e3o<\/p>\n\n\n\n<ul class=\"wp-block-list\"><li>Comunicador Social (6).<\/li><\/ul><p><strong>Analista Legislativo<\/strong> \u2013 Atividade de Tecnologia da Informa\u00e7\u00e3o<\/p>\n\n\n\n<ul class=\"wp-block-list\"><li>Administrador de Rede e Telecomunica\u00e7\u00f5es (2);<\/li><li>Desenvolvimento de Banco de Dados (2);<\/li><li>Desenvolvedor de Sistemas (2);<\/li><li>T\u00e9cnico de Seguran\u00e7a da Informa\u00e7\u00e3o (2).<\/li><li><\/ul><p><strong>Advogado Legislativo<\/strong> \u2013 Atividade de Servi\u00e7os Jur\u00eddicos<\/p>\n\n\n\n<ul class=\"wp-block-list\"><li>Procurador (3).<\/li><\/ul>","protected":false},"excerpt":{"rendered":"<p>O concurso ALAP (Assembleia Legislativa do Amap\u00e1) ter\u00e1 seu edital divulgado nesta quinta-feira (29)! Segundo o \u00f3rg\u00e3o, a publica\u00e7\u00e3o do edital ser\u00e1 realizada em um plen\u00e1rio provis\u00f3rio da Assembleia, \u00e0s 11 horas. A Funda\u00e7\u00e3o Carlos Chagas, banca organizadora do certame, realizar\u00e1 a divulga\u00e7\u00e3o do seu site na sequ\u00eancia. A publica\u00e7\u00e3o era esperada para o m\u00eas [&hellip;]<\/p>\n","protected":false},"author":16,"featured_media":0,"comment_status":"closed","ping_status":"closed","sticky":false,"template":"","format":"standard","meta":{"_acf_changed":false,"footnotes":"","_wp_rev_ctl_limit":""},"categories":[228],"tags":[],"class_list":["post-89900","post","type-post","status-publish","format-standard","hentry","category-noticias"],"acf":[],"_links":{"self":[{"href":"https:\/\/www.novaconcursos.com.br\/portal\/wp-json\/wp\/v2\/posts\/89900","targetHints":{"allow":["GET"]}}],"collection":[{"href":"https:\/\/www.novaconcursos.com.br\/portal\/wp-json\/wp\/v2\/posts"}],"about":[{"href":"https:\/\/www.novaconcursos.com.br\/portal\/wp-json\/wp\/v2\/types\/post"}],"author":[{"embeddable":true,"href":"https:\/\/www.novaconcursos.com.br\/portal\/wp-json\/wp\/v2\/users\/16"}],"replies":[{"embeddable":true,"href":"https:\/\/www.novaconcursos.com.br\/portal\/wp-json\/wp\/v2\/comments?post=89900"}],"version-history":[{"count":3,"href":"https:\/\/www.novaconcursos.com.br\/portal\/wp-json\/wp\/v2\/posts\/89900\/revisions"}],"predecessor-version":[{"id":89905,"href":"https:\/\/www.novaconcursos.com.br\/portal\/wp-json\/wp\/v2\/posts\/89900\/revisions\/89905"}],"wp:attachment":[{"href":"https:\/\/www.novaconcursos.com.br\/portal\/wp-json\/wp\/v2\/media?parent=89900"}],"wp:term":[{"taxonomy":"category","embeddable":true,"href":"https:\/\/www.novaconcursos.com.br\/portal\/wp-json\/wp\/v2\/categories?post=89900"},{"taxonomy":"post_tag","embeddable":true,"href":"https:\/\/www.novaconcursos.com.br\/portal\/wp-json\/wp\/v2\/tags?post=89900"}],"curies":[{"name":"wp","href":"https:\/\/api.w.org\/{rel}","templated":true}]}}