{"id":9043,"date":"2014-06-11T12:33:14","date_gmt":"2014-06-11T15:33:14","guid":{"rendered":"http:\/\/www.novaconcursos.com.br\/portal\/?p=9043"},"modified":"2025-04-10T17:29:22","modified_gmt":"2025-04-10T20:29:22","slug":"9043","status":"publish","type":"post","link":"https:\/\/www.novaconcursos.com.br\/portal\/noticias\/9043\/","title":{"rendered":"An\u00e1lise edital SME-SP"},"content":{"rendered":"<p>Veja com a Nova Concursos a an\u00e1lise de edital da Secretaria Municipal de Educa\u00e7\u00e3o do\u00a0Estado de S\u00e3o Paulo (SME-SP) 2014.<\/p>\n\n\n\n<h2 class=\"wp-block-heading\" id=\"sobre-o-concurso\">Sobre o concurso<\/h2>\n\n\n\n<p>\u2013<strong>\u00a0S\u00e3o 3.514 vagas<\/strong>\u00a0para professor nas \u00e1reas\u00a0de educa\u00e7\u00e3o infantil e ensino fundamental.<\/p>\n\n\n\n<p>-\u00c9 preciso\u00a0ter o<strong>\u00a0ensino m\u00e9dio,\u00a0<\/strong>com forma\u00e7\u00e3o para o magist\u00e9rio- licenciatura plena em Pedagogia ou curso\u00a0normal superior.<\/p>\n\n\n\n<p>-Edital:\u00a0<a href=\"http:\/\/www.ibfc.org.br\/arquivos\/3276-80Hk.pdf\" target=\"_blank\" rel=\"noopener noreferrer\">http:\/\/www.ibfc.org.br\/arquivos\/3276-80Hk.pdf<\/a><\/p>\n\n\n\n<p>-Inscri\u00e7\u00f5es: At\u00e9 o dia\u00a0<strong>19 de junho<\/strong><\/p>\n\n\n\n<p>-Site da banca examinadora:\u00a0<a href=\"http:\/\/www.ibfc.org.br\/\" target=\"_blank\" rel=\"noopener noreferrer\">http:\/\/www.ibfc.org.br\/<\/a><\/p>\n\n\n\n<p>-Remunera\u00e7\u00e3o inicial:\u00a0<strong>R$ 1.631,04<\/strong>\u00a0e demais vantagens<\/p>\n\n\n\n<p>\u2013 Data prov\u00e1vel da prova objetiva: 27 de julho de 2014<\/p>\n\n\n\n<p>A Prova Objetiva de M\u00faltipla Escolha \u00e9 de car\u00e1ter eliminat\u00f3rio e classificat\u00f3rio ser\u00e1 composta\u00a0de 60 (sessenta) quest\u00f5es distribu\u00eddas pelos conhecimentos, gerais e conhecimentos\u00a0espec\u00edficos sendo que cada quest\u00e3o conter\u00e1 5 (cinco) alternativas, com uma \u00fanica resposta\u00a0correta.<\/p>\n\n\n\n<p>Conhecimentos gerais: 30 quest\u00f5es<\/p>\n\n\n\n<p>Conhecimentos espec\u00edficos: 30 quest\u00f5es<\/p>\n\n\n\n<p>Total: 60 quest\u00f5es<\/p>\n\n\n\n<p>Ser\u00e1 considerado habilitado nas Provas Objetivas de Conhecimentos Gerais e de\u00a0Conhecimentos Espec\u00edficos o candidato que<strong> obtiver nota padronizada igual ou superior a 50\u00a0(cinquenta)<\/strong> em cada uma delas, e somat\u00f3rio com nota igual ou superior a 100 (cem).<\/p>\n\n\n\n<p>A <strong>Prova Dissertativa ter\u00e1 como valor m\u00e1ximo 30 (trinta) pontos, distribu\u00eddos em 3 (tr\u00eas)\u00a0quest\u00f5es,<\/strong> sendo que cada uma delas ter\u00e1 como valor m\u00e1ximo 10 (dez) pontos, e tratar\u00e1 dos\u00a0conte\u00fados espec\u00edficos constantes no Anexo II deste Edital. O candidato dever\u00e1 redigir, no\u00a0m\u00ednimo 5 (cinco) e no m\u00e1ximo 10 (dez) linhas por quest\u00e3o.<\/p>\n\n\n\n<p>Estrutura- 3 pontos<br>Conte\u00fado- 3 pontos<br>Express\u00e3o- 3 pontos<br>Corre\u00e7\u00e3o formal- 1 ponto<br>Total- 10 pontos<\/p>\n\n\n\n<p>An\u00e1lise de t\u00edtulos:<\/p>\n\n\n\n<p><strong>Ser\u00e3o convocados para envio dos t\u00edtulos todos os candidatos com as inscri\u00e7\u00f5es deferidas<\/strong>\u00a0conforme edital que ser\u00e1 divulgado juntamente com a convoca\u00e7\u00e3o das provas objetivas.<\/p>\n\n\n\n<p>Somente concorrer\u00e3o<strong> \u00e0 contagem de pontos por t\u00edtulos<\/strong> os candidatos que forem aprovados\u00a0nas outras etapas. Veja a pontua\u00e7\u00e3o de t\u00edtulos no edital, no item 11: <a href=\"http:\/\/www.ibfc.org.br\/arquivos\/3276-80Hk.pdf\" target=\"_blank\" rel=\"noopener noreferrer\">http:\/\/www.ibfc.org.br\/arquivos\/3276-80Hk.pdf<\/a><\/p>\n\n\n\n<p><strong>Conte\u00fado Program\u00e1tico<\/strong><\/p>\n\n\n\n<p>A prova para o concurso da Secretaria Municipal de Educa\u00e7\u00e3o do Estado de S\u00e3o Paulo\u00a0(SME-SP) <strong>vai contar com um conte\u00fado bem espec\u00edfico para quem realiza provas voltadas\u00a0para a \u00e1rea da educa\u00e7\u00e3o.<\/strong><\/p>\n\n\n\n<p>Ao todo, o concurso oferece 3.514 vagas, portanto, \u00e9 uma \u00f3tima\u00a0oportunidade para se tornar um funcion\u00e1rio p\u00fablico.\u00a0<strong>Para essa prova, \u00e9 fundamental\u00a0aprender a fazer resumos e compilar as principais informa\u00e7\u00f5es de\u00a0cada conte\u00fado.<\/strong> Uma dica \u00e9 destacar com marca texto de diferentes cores os conte\u00fados e os\u00a0principais n\u00fameros, facilitando a memoriza\u00e7\u00e3o.<\/p>\n\n\n\n<p><strong>Documentos Institucionais Municipais<\/strong><\/p>\n\n\n\n<p>\u2013 Programa Mais Educa\u00e7\u00e3o S\u00e3o Paulo: subs\u00eddios para implanta\u00e7\u00e3o<\/p>\n\n\n\n<p>\u2013 Magist\u00e9rio- Secretaria Municipal de Educa\u00e7\u00e3o<\/p>\n\n\n\n<p>\u2013 Orienta\u00e7\u00e3o Normativa no01 de 02 de dezembro de 2013, \u201cAvalia\u00e7\u00e3o na Educa\u00e7\u00e3o Infantil:\u00a0aprimorando os olhares\u201d<\/p>\n\n\n\n<p>\u2013 Interfaces Curriculares: \u00c1reas do Conhecimento e Avalia\u00e7\u00e3o para a aprendizagem \u2013 4o e 5o\u00a0anos do ciclo Ido ensino fundamental de 9 anos<\/p>\n\n\n\n<p><strong>Publica\u00e7\u00f5es Institucionais MEC<\/strong><\/p>\n\n\n\n<p>\u2013 Par\u00e2metros Nacionais de Qualidade para a Educa\u00e7\u00e3o Infantil.<\/p>\n\n\n\n<p>\u2013 Indicadores da Qualidade na Educa\u00e7\u00e3o Infantil.<\/p>\n\n\n\n<p>\u2013 Brinquedos e Brincadeiras nas Creches \u2013 Manual de Orienta\u00e7\u00e3o Pedag\u00f3gica.<\/p>\n\n\n\n<p>\u2013 Educa\u00e7\u00e3o Infantil \u2013 Pr\u00e1ticas promotoras de igualdade<\/p>\n\n\n\n<p>\u2013 Pacto nacional pela alfabetiza\u00e7\u00e3o na idade certa: forma\u00e7\u00e3o do professor alfabetizador<\/p>\n\n\n\n<p>\u2013 Elementos conceituais e metodol\u00f3gicos para defini\u00e7\u00e3o dos direitos de aprendizagem e\u00a0desenvolvimento do ciclo de alfabetiza\u00e7\u00e3o (1.o, 2.o e 3.o anos) do ensino fundamental<\/p>\n\n\n\n<p>\u2013 Pol\u00edtica Nacional de Educa\u00e7\u00e3o Especial na Perspectiva da Educa\u00e7\u00e3o Inclusiva.<\/p>\n\n\n\n<p>\u2013 TV Escola \u2013 \u00cdndios no Brasil\u2013 Eps. 01 \u2013Quem s\u00e3o eles?<\/p>\n\n\n\n<p>Al\u00e9m desses conte\u00fados, o concurso da Secretaria Municipal de Educa\u00e7\u00e3o do Estado de\u00a0S\u00e3o Paulo (SME-SP), conta no conte\u00fado program\u00e1tico com Legisla\u00e7\u00e3o Federal e Normas e\u00a0Legisla\u00e7\u00e3o Municipal.<\/p>\n\n\n\n<p>A Nova Concursos deseja uma boa prova!<\/p>\n\n\n\n<p><em>Uma pesquisa realizada pelo <strong>Grupo Nova<\/strong>, apontou que quase 90% dos entrevistados, que compraram a apostila da Nova Concursos para o certame da SEE-SP 2014, foram aprovados. Para conferir mais n\u00fameros da pesquisa <span style=\"text-decoration: underline;\"><span style=\"color: #0000ff; text-decoration: underline;\"><a style=\"color: #0000ff; text-decoration: underline;\" href=\"https:\/\/www.novaconcursos.com.br\/portal\/concursos\/concurso-see-sp-oficial-administrativo\/\" target=\"_blank\" rel=\"noopener noreferrer\"><strong>clique aqui!<\/strong><\/a><\/span><\/span><\/em><span style=\"text-decoration: underline;\"><span style=\"color: #0000ff; text-decoration: underline;\"><a style=\"color: #0000ff; text-decoration: underline;\" href=\"https:\/\/www.novaconcursos.com.br\/portal\/concursos\/concurso-see-sp-oficial-administrativo\/\" target=\"_blank\" rel=\"noopener noreferrer\"><strong>\u00a0<\/strong><\/a><\/span><\/span><\/p>\n\n\n\n<p>\u00a0<\/p>","protected":false},"excerpt":{"rendered":"<p>Veja com a Nova Concursos a an\u00e1lise de edital da Secretaria Municipal de Educa\u00e7\u00e3o do\u00a0Estado de S\u00e3o Paulo (SME-SP) 2014. Sobre o concurso \u2013\u00a0S\u00e3o 3.514 vagas\u00a0para professor nas \u00e1reas\u00a0de educa\u00e7\u00e3o infantil e ensino fundamental. -\u00c9 preciso\u00a0ter o\u00a0ensino m\u00e9dio,\u00a0com forma\u00e7\u00e3o para o magist\u00e9rio- licenciatura plena em Pedagogia ou curso\u00a0normal superior. -Edital:\u00a0http:\/\/www.ibfc.org.br\/arquivos\/3276-80Hk.pdf -Inscri\u00e7\u00f5es: At\u00e9 o dia\u00a019 de [&hellip;]<\/p>\n","protected":false},"author":16,"featured_media":6385,"comment_status":"closed","ping_status":"closed","sticky":false,"template":"","format":"standard","meta":{"_acf_changed":false,"footnotes":"","_wp_rev_ctl_limit":""},"categories":[228],"tags":[207,8117,3820,3821,708,3824,3825,695,8118,3826,3827,3828,3575,229,3829,3833],"class_list":["post-9043","post","type-post","status-publish","format-standard","has-post-thumbnail","hentry","category-noticias","tag-analise-edital","tag-analise-edital-sme-sp","tag-apostila-professor-sao-paulo","tag-apostila-secretaria-de-educacao-sp","tag-apostila-sme-sp","tag-concurso-professor-sao-paulo","tag-concurso-secretaria-de-educacao-sp","tag-concurso-sme-sp","tag-edital-concurso-sme-sp","tag-edital-professor-sao-paulo","tag-edital-secretaria-de-educacao-sp","tag-edital-sme-sp","tag-o-que-cai","tag-o-que-cai-na-prova","tag-o-que-cai-na-prova-sme-sp","tag-prova-sme-sp"],"acf":[],"_links":{"self":[{"href":"https:\/\/www.novaconcursos.com.br\/portal\/wp-json\/wp\/v2\/posts\/9043","targetHints":{"allow":["GET"]}}],"collection":[{"href":"https:\/\/www.novaconcursos.com.br\/portal\/wp-json\/wp\/v2\/posts"}],"about":[{"href":"https:\/\/www.novaconcursos.com.br\/portal\/wp-json\/wp\/v2\/types\/post"}],"author":[{"embeddable":true,"href":"https:\/\/www.novaconcursos.com.br\/portal\/wp-json\/wp\/v2\/users\/16"}],"replies":[{"embeddable":true,"href":"https:\/\/www.novaconcursos.com.br\/portal\/wp-json\/wp\/v2\/comments?post=9043"}],"version-history":[{"count":4,"href":"https:\/\/www.novaconcursos.com.br\/portal\/wp-json\/wp\/v2\/posts\/9043\/revisions"}],"predecessor-version":[{"id":279034,"href":"https:\/\/www.novaconcursos.com.br\/portal\/wp-json\/wp\/v2\/posts\/9043\/revisions\/279034"}],"wp:featuredmedia":[{"embeddable":true,"href":"https:\/\/www.novaconcursos.com.br\/portal\/wp-json\/wp\/v2\/media\/6385"}],"wp:attachment":[{"href":"https:\/\/www.novaconcursos.com.br\/portal\/wp-json\/wp\/v2\/media?parent=9043"}],"wp:term":[{"taxonomy":"category","embeddable":true,"href":"https:\/\/www.novaconcursos.com.br\/portal\/wp-json\/wp\/v2\/categories?post=9043"},{"taxonomy":"post_tag","embeddable":true,"href":"https:\/\/www.novaconcursos.com.br\/portal\/wp-json\/wp\/v2\/tags?post=9043"}],"curies":[{"name":"wp","href":"https:\/\/api.w.org\/{rel}","templated":true}]}}