{"id":90831,"date":"2024-01-16T07:37:30","date_gmt":"2024-01-16T10:37:30","guid":{"rendered":"https:\/\/www.novaconcursos.com.br\/portal\/?post_type=nc-public-tender&#038;p=90831"},"modified":"2025-04-02T17:37:07","modified_gmt":"2025-04-02T20:37:07","slug":"concurso-seme-de-vitoria-es","status":"publish","type":"post","link":"https:\/\/www.novaconcursos.com.br\/portal\/concursos\/concurso-seme-de-vitoria-es\/","title":{"rendered":"Concurso Seme Vit\u00f3ria ES: Edital publicado. 100 vagas!"},"content":{"rendered":"<p>Aten\u00e7\u00e3o, concurseiros! Foi publicado o novo concurso <strong>Seme Vit\u00f3ria ES <\/strong>(Secretaria Municipal de Educa\u00e7\u00e3o de Vit\u00f3ria, no Esp\u00edrito Santo)! ?<\/p>\n\n\n\n<p>O edital oferece 100 vagas com sal\u00e1rios de at\u00e9<strong> R$ 6 mil<\/strong>!<\/p>\n\n\n\n<p>Tem interesse na sele\u00e7\u00e3o? Continue com a gente e saiba coo participar! <\/p>\n\n\n\n<h2 class=\"wp-block-heading\" id=\"resumo-do-edital\">Resumo do Edital<\/h2>\n\n\n\n<p>Vagas: 100<br>Escolaridade: n\u00edvel superior<br>Sal\u00e1rio: de R$ 4.999,89 at\u00e9 R$ 6.353,44<br>Per\u00edodo de inscri\u00e7\u00e3o: de 16\/01\/2024 at\u00e9 15\/02\/2024<br>Taxa de inscri\u00e7\u00e3o: R$ 80,00<br>Prova: 14\/04\/2024<br>Banca: FGV<br><a href=\"https:\/\/conhecimento.fgv.br\/sites\/default\/files\/concursos\/seme-vitoria-edital-de-abertura-publicacao-15-01.pdf\" target=\"_blank\" rel=\"noopener\">Baixe o edital.<\/a><\/p>\n\n\n\n<h2 class=\"wp-block-heading\" id=\"como-se-inscrever-no-concurso-seme-vitria-es\">Como se inscrever no concurso Seme Vit\u00f3ria ES?<\/h2>\n\n\n\n<p>As inscri\u00e7\u00f5es para o concurso Prefeitura de Vit\u00f3ria para a Educa\u00e7\u00e3o estar\u00e3o abertas entre<strong> \u00e0s 16h do dia 16 de janeiro de 2024 e \u00e0s 16h do dia 15 de fevereiro de 2024<\/strong>, no site da banca organizadora, <a href=\"https:\/\/conhecimento.fgv.br\/concursos\/semevitoria24\" target=\"_blank\" rel=\"noopener\">Funda\u00e7\u00e3o Get\u00falio Vargas<\/a>.<\/p>\n\n\n\n<p>Para efetivar a inscri\u00e7\u00e3o, \u00e9 necess\u00e1rio que o interessado realize o pagamento de uma\u00a0<strong>taxa de inscri\u00e7\u00e3o<\/strong>, at\u00e9 o dia 16 de fevereiro, no valor de <strong>R$ 150,00<\/strong>.<\/p>\n\n\n\n<p>Al\u00e9m disso, haver\u00e1 a <strong>isen\u00e7\u00e3o da taxa<\/strong> de inscri\u00e7\u00e3o para os candidatos inscritos no Cadastro \u00danico para Programas Sociais do Governo Federal e membros de fam\u00edlia de baixa renda.<\/p>\n\n\n\n<p><strong>Aten\u00e7\u00e3o!<\/strong> O benef\u00edcio poder\u00e1 ser solicitado entre os dias 16 e 22 de janeiro de 2024!<\/p>\n\n\n\n<h2 class=\"wp-block-heading\" id=\"cargos-vagas-e-salrios-do-concurso-seme-vitria-es\">Cargos, vagas e sal\u00e1rios do concurso Seme Vit\u00f3ria ES<\/h2>\n\n\n\n<p>A Secretaria Municipal de Educa\u00e7\u00e3o de Vit\u00f3ria, no Esp\u00edrito Santo, est\u00e1 ofertando<strong> 100 vagas<\/strong> de n\u00edvel superior para <strong>Professor<\/strong>, distribu\u00eddas da seguinte forma:<\/p>\n\n\n\n<ul class=\"wp-block-list\"><li>Professor de Educa\u00e7\u00e3o B\u00e1sica I \u2013 PEB I\n<ul class=\"wp-block-list\"><li>Educa\u00e7\u00e3o Infantil (06)<\/li>\n<\/ul><\/li>\n\n\n\n<li>Professor de Educa\u00e7\u00e3o B\u00e1sica II\n<ul class=\"wp-block-list\"><li>Ensino Fundamental (05)<\/li>\n<\/ul><\/li>\n\n\n\n<li>Professor de Educa\u00e7\u00e3o B\u00e1sica III \u2013 PEB III\n<ul class=\"wp-block-list\"><li>Educa\u00e7\u00e3o Art\u00edstica (02)<\/li>\n\n\n\n<li>Educa\u00e7\u00e3o F\u00edsica (01)<\/li>\n\n\n\n<li>Geografia (01)<\/li>\n\n\n\n<li>Hist\u00f3ria (01)<\/li>\n\n\n\n<li>L\u00edngua Inglesa (01)<\/li>\n\n\n\n<li>L\u00edngua Portuguesa (02)<\/li>\n\n\n\n<li>Matem\u00e1tica (05)<\/li>\n\n\n\n<li>M\u00fasica (03)<\/li>\n\n\n\n<li>Libras (03)<\/li>\n\n\n\n<li>Educa\u00e7\u00e3o Especial:\n<ul class=\"wp-block-list\"><li>Bil\u00edngue (03)<\/li>\n\n\n\n<li>Defici\u00eancia Intelectual (54)<\/li>\n\n\n\n<li>Defici\u00eancia Visual (01)<\/li>\n\n\n\n<li>Altas Habilidades (01)<\/li>\n<\/ul><\/li>\n<\/ul><\/li>\n\n\n\n<li>Educa\u00e7\u00e3o B\u00e1sica IV \u2013 PEB IV\n<ul class=\"wp-block-list\"><li>Fun\u00e7\u00e3o Pedag\u00f3gica (03)<\/li>\n\n\n\n<li>Coordenador de Turno (06)<\/li>\n<\/ul><\/li>\n<\/ul><p>Os cargos possuem uma carga hor\u00e1ria semanal de 44h e fazem jus a uma <strong>remunera\u00e7\u00e3o<\/strong> inicial de at\u00e9 <strong>R$ 6.353,44<\/strong>, conforme a tituala\u00e7\u00e3o.<\/p>\n\n\n\n<p>Confira a tabela a seguir:<\/p>\n\n\n\n<figure class=\"wp-block-image alignnone\"><a href=\"https:\/\/www.novaconcursos.com.br\/portal\/wp-content\/uploads\/2024\/01\/tabela-de-vencimentos-prefeitura-de-vitoria-es.webp\"><img decoding=\"async\" width=\"614\" height=\"189\" src=\"https:\/\/www.novaconcursos.com.br\/portal\/wp-content\/uploads\/2024\/01\/tabela-de-vencimentos-prefeitura-de-vitoria-es.webp\" alt=\"Tabela Salarial do Quadro de Professores na Seme Vit\u00f3ria ES\" class=\"wp-image-218843\" loading=\"lazy\" title=\"\" srcset=\"https:\/\/www.novaconcursos.com.br\/portal\/wp-content\/uploads\/2024\/01\/tabela-de-vencimentos-prefeitura-de-vitoria-es-300x92.webp 300w, https:\/\/www.novaconcursos.com.br\/portal\/wp-content\/uploads\/2024\/01\/tabela-de-vencimentos-prefeitura-de-vitoria-es-480x148.webp 480w, https:\/\/www.novaconcursos.com.br\/portal\/wp-content\/uploads\/2024\/01\/tabela-de-vencimentos-prefeitura-de-vitoria-es.webp 614w\" sizes=\"auto, (max-width: 480px) 100vw, (max-width: 768px) 100vw, (max-width: 1200px) 70vw, 768px\"><\/a><figcaption class=\"wp-element-caption\">Tabela Salarial do Quadro de Professores Seme Vit\u00f3ria ES<\/figcaption><\/figure><p>Al\u00e9m disso, o cargo conta com um <strong>aux\u00edlio-alimenta\u00e7\u00e3o<\/strong> no valor de R$ 800,00.<\/p>\n\n\n\n<h2 class=\"wp-block-heading\" id=\"requisitos\">Requisitos<\/h2>\n\n\n\n<p>S\u00e3o exig\u00eancias<strong> b\u00e1sicas<\/strong> para investidura no cargo de Professor Seme Vit\u00f3ria ES:<\/p>\n\n\n\n<ul class=\"wp-block-list\"><li>Ser brasileiro nato ou naturalizado e, no caso de nacionalidade portuguesa, estar amparado pelo estatuto de igualdade entre brasileiros e portugueses, com reconhecimento do gozo dos direitos pol\u00edticos, nos termos do \u00a7 1\u00ba do art. 12 da Constitui\u00e7\u00e3o Federal;<\/li>\n\n\n\n<li>Estar em gozo dos direitos pol\u00edticos e civis;<\/li>\n\n\n\n<li>Estar quite com as obriga\u00e7\u00f5es militares, em caso de candidato do sexo masculino;<\/li>\n\n\n\n<li>Estar quite com as obriga\u00e7\u00f5es eleitorais;<\/li>\n\n\n\n<li>Ter o n\u00edvel de escolaridade exigido para o exerc\u00edcio do cargo;<\/li>\n\n\n\n<li>Ter aptid\u00e3o f\u00edsica e mental para o exerc\u00edcio das atribui\u00e7\u00f5es do cargo;<\/li>\n\n\n\n<li>Apresentar, \u00e0 \u00e9poca da posse, outros documentos que se fizerem necess\u00e1rios;<\/li>\n\n\n\n<li>Ter idade m\u00ednima de 18 anos completos na data da posse;<\/li>\n\n\n\n<li>Cumprir as determina\u00e7\u00f5es deste Edital do Concurso.<\/li>\n<\/ul><p>Al\u00e9m disso, \u00e9 necess\u00e1rio possuir <strong>Licenciatura Plena<\/strong>, com habilita\u00e7\u00e3o espec\u00edfica nas \u00e1reas espec\u00edficas de atua\u00e7\u00e3o.<\/p>\n\n\n\n<h2 class=\"wp-block-heading\" id=\"quais-as-etapas-de-seleo-do-concurso-seme-vitria-es\">Quais as etapas de sele\u00e7\u00e3o do concurso Seme Vit\u00f3ria ES?<\/h2>\n\n\n\n<p>O concurso Seme Vit\u00f3ria ser\u00e1 realizado em <strong>cinco<\/strong> etapas:<\/p>\n\n\n\n<ul class=\"wp-block-list\"><li>Prova Objetiva, de car\u00e1ter eliminat\u00f3rio e classificat\u00f3rio;<\/li>\n\n\n\n<li>Prova Dissertativa, de car\u00e1ter eliminat\u00f3rio e classificat\u00f3rio;<\/li>\n\n\n\n<li>Prova Pr\u00e1tica, para os cargos de PEB III \u2013 Educa\u00e7\u00e3o Especial \u2013 Bil\u00edngue, Defici\u00eancia Visual e Libras, de car\u00e1ter eliminat\u00f3rio e classificat\u00f3rio;<\/li>\n\n\n\n<li>Procedimento de verifica\u00e7\u00e3o de autodeclara\u00e7\u00e3o de negros\/ind\u00edgenas; e<\/li>\n\n\n\n<li>Per\u00edcia M\u00e9dica.<\/li>\n<\/ul><p>Todas as etapas e provas ser\u00e3o realizadas no munic\u00edpio de<strong> Vit\u00f3ria\/ES<\/strong>!<\/p>\n\n\n\n<p>As provas objetivas e discursivas ser\u00e3o realizadas simultaneamente, no dia <strong>14 de abril de 2024<\/strong>, de 13h \u00e0s 17h30.<\/p>\n\n\n\n<ul class=\"wp-block-list\"><li><strong>Adquira:<\/strong> <a href=\"https:\/\/www.novaconcursos.com.br\/apostila\/carreiras-educacionais-professor?q=professor\">Apostila Carreiras Educacionais \u2013 Professor<\/a><\/li>\n<\/ul><h3 class=\"wp-block-heading\">Prova Objetiva<\/h3>\n\n\n\n<p>Esta etapa ser\u00e1 composta por <strong>60 quest\u00f5es <\/strong>de m\u00faltipla escolha, distribu\u00eddas entre as seguintes <strong>disciplinas<\/strong>:<\/p>\n\n\n\n<ul class=\"wp-block-list\"><li>Conhecimentos Gerais\n<ul class=\"wp-block-list\"><li>L\u00edngua Portuguesa (10)<\/li>\n\n\n\n<li>Legisla\u00e7\u00e3o Educacional (10)<\/li>\n<\/ul><\/li>\n\n\n\n<li>Conhecimentos Espec\u00edficos (40)<\/li>\n<\/ul><p>Cada quest\u00e3o objetiva valer\u00e1 1 ponto, assim, a prova ser\u00e1 avaliada em uma escala de 0 \u00e0 60 pontos, onde ser\u00e3o considerados aprovados os candidatos que:<\/p>\n\n\n\n<ul class=\"wp-block-list\"><li>obtiverem, no m\u00ednimo, 30 pontos; e<\/li>\n\n\n\n<li>n\u00e3o zerarem nenhuma das disciplinas.<\/li>\n<\/ul><h3 class=\"wp-block-heading\">Prova Dissertativa<\/h3>\n\n\n\n<p>A Prova Dissertativa consistir\u00e1 em <strong>uma reda\u00e7\u00e3o<\/strong>, redigida em g\u00eanero dissertativo argumentativo com n\u00famero m\u00ednimo de 20 e no m\u00e1ximo de 30 linhas, valendo 10 pontos.<\/p>\n\n\n\n<p>A reda\u00e7\u00e3o ser\u00e1 corrigida de acordo com os <strong>crit\u00e9rios<\/strong> a seguir:<\/p>\n\n\n\n<ul class=\"wp-block-list\"><li>Abordagem do Tema (4 pontos)\n<ul class=\"wp-block-list\"><li>Considera a capacidade de o candidato selecionar argumentos convenientes ou aspectos mais importantes, dentro<br>do perfil esperado.<\/li>\n<\/ul><\/li>\n\n\n\n<li>Progress\u00e3o Textual (3 pontos)\n<ul class=\"wp-block-list\"><li>Considera a capacidade de o candidato mostrar coes\u00e3o e coer\u00eancia entre os par\u00e1grafos componentes do texto por<br>ele redigido, assim como a distribui\u00e7\u00e3o do tema e uma evolu\u00e7\u00e3o adequada de suas partes.<\/li>\n<\/ul><\/li>\n\n\n\n<li>Sele\u00e7\u00e3o Vocabular (2 pontos)\n<ul class=\"wp-block-list\"><li>Considera problemas de inadequa\u00e7\u00e3o vocabular, troca entre par\u00f4nimos, emprego de palavras gerais por espec\u00edficas,<br>emprego de voc\u00e1bulos de varia\u00e7\u00e3o lingu\u00edstica inadequada, marcas de oralidade.<\/li>\n<\/ul><\/li>\n\n\n\n<li>Norma Culta (1 ponto)\n<ul class=\"wp-block-list\"><li>Considera problemas gerais de constru\u00e7\u00e3o frasal, do ponto de vista comunicativo.<\/li>\n<\/ul><\/li>\n<\/ul><h3 class=\"wp-block-heading\">Prova Pr\u00e1tica<\/h3>\n\n\n\n<p><span style=\"font-weight: 400;\">Ser\u00e3o convocados para a etapa da Prova Pr\u00e1tica os candidatos que concorrem aos cargos de <strong>PEB III \u2013 Educa\u00e7\u00e3o Especial<\/strong>, nas \u00e1reas Bil\u00edngue, Defici\u00eancia Visual e Libras, que obtiverem aprova\u00e7\u00e3o na Prova Objetiva.<\/span><\/p>\n\n\n\n<p><span style=\"font-weight: 400;\">A realiza\u00e7\u00e3o da prova pr\u00e1tica ser\u00e1 no dia<strong> 09 de junho de 2024<\/strong>!\u00a0<\/span><\/p>\n\n\n\n<p><span style=\"font-weight: 400;\">Nessa fase, os candidatos dever\u00e3o demonstrar dom\u00ednio nas tarefas espec\u00edficas estipuladas pelo examinador t\u00e9cnico na respectiva \u00e1rea de atua\u00e7\u00e3o. Com isso, ser\u00e1 avaliado, de maneira pr\u00e1tica, se o candidato possui as habilidades e compet\u00eancias necess\u00e1rias para o desempenho eficaz nas fun\u00e7\u00f5es.\u00a0<\/span><\/p>\n\n\n\n<h2 class=\"wp-block-heading\" id=\"como-so-as-provas-da-fgv\">Como s\u00e3o as provas da FGV?<\/h2>\n\n\n\n<p><span style=\"font-weight: 400;\">A <a href=\"https:\/\/conhecimento.fgv.br\/concursos\" target=\"_blank\" rel=\"noopener\">Funda\u00e7\u00e3o Get\u00falio Vargas<\/a> \u00e9 reconhecida como uma das principais e mais desafiadoras institui\u00e7\u00f5es examinadoras do Brasil.\u00a0<\/span><\/p>\n\n\n\n<p><span style=\"font-weight: 400;\">Sua reputa\u00e7\u00e3o \u00e9 especialmente consolidada pela elabora\u00e7\u00e3o de provas complexas e distintas, repletas de particularidades e exce\u00e7\u00f5es para cada disciplina e \u00f3rg\u00e3o contratante.<\/span><\/p>\n\n\n\n<p><span style=\"font-weight: 400;\">Alguns <strong>aspectos<\/strong> essenciais destacam-se na abordagem da banca:<\/span><\/p>\n\n\n\n<ul class=\"wp-block-list\"><li><span style=\"font-weight: 400;\">Modelo de Quest\u00f5es: Apresenta quest\u00f5es predominantemente de m\u00faltipla escolha, organizadas em 5 itens.<\/span><\/li>\n\n\n\n<li>N\u00edvel de Cobran\u00e7a: Mant\u00e9m um padr\u00e3o nivelado de acordo com o tipo de prova, sendo, no entanto, reconhecida como uma banca examinadora desafiadora.<\/li>\n\n\n\n<li>Distribui\u00e7\u00e3o de Conhecimentos do Edital: Costuma abranger todo o conte\u00fado do edital, apesar da varia\u00e7\u00e3o no n\u00famero de quest\u00f5es para cada t\u00f3pico.<\/li>\n\n\n\n<li>Quantidade M\u00e9dia de Quest\u00f5es: Gira em torno de 70 a 80 quest\u00f5es por prova.<\/li>\n\n\n\n<li>Enunciados: S\u00e3o conhecidos por serem longos e complexos, utilizando termos t\u00e9cnicos e metaf\u00f3ricos.<\/li>\n\n\n\n<li>Prova Discursiva: Pode adotar a estrutura de quest\u00f5es com um limite m\u00e1ximo de 60 linhas por pergunta. Al\u00e9m disso, pode incluir reda\u00e7\u00f5es sobre t\u00f3picos contempor\u00e2neos, frequentemente associados \u00e0 pol\u00edtica e economia.<\/li>\n<\/ul><p><span style=\"font-weight: 400;\">Conhecer a fundo o estilo da banca \u00e9 fundamental para um desempenho s\u00f3lido e assertivo no processo seletivo!\u00a0<\/span><\/p>\n\n\n\n<p><a href=\"https:\/\/www.novaconcursos.com.br\/portal\/concursos-abertos\/es\/\">Confira todos os concursos abertos no Estado do Esp\u00edrito Santo!<\/a><\/p>\n\n\n\n<h2 class=\"wp-block-heading\" id=\"sobre-a-seme-vitria-es\">Sobre a Seme Vit\u00f3ria ES<\/h2>\n\n\n\n<p>A <a href=\"https:\/\/www.vitoria.es.gov.br\/seme\" target=\"_blank\" rel=\"noopener\">Secretaria Municial de Educa\u00e7\u00e3o de Vit\u00f3ria<\/a>, no Esp\u00edrito Santo,\u00a0\u00e9 respons\u00e1vel por assegurar a organiza\u00e7\u00e3o eficaz do ensino da aprendizagem e ofertar a educa\u00e7\u00e3o infantil e o ensino fundamental.<\/p>\n\n\n\n<p>Cabe \u00e0\u00a0<abbr>Seme:<\/abbr><\/p>\n\n\n\n<ul class=\"wp-block-list\"><li>desenvolver pol\u00edticas pedag\u00f3gicas para promover a intera\u00e7\u00e3o de escolas, pais, alunos e comunidades;<\/li>\n\n\n\n<li>promover o bem-estar dos estudantes atrav\u00e9s de atividades fora da sala de aula, com programa\u00e7\u00f5es culturais e esportivas;<\/li>\n\n\n\n<li>promover o desenvolvimento da tecnologia em educa\u00e7\u00e3o na rede municipal de ensino; e<\/li>\n\n\n\n<li>assegurar padr\u00f5es de qualidade de ensino e implantar pol\u00edticas p\u00fablicas de democratiza\u00e7\u00e3o do acesso ao ensino fundamental e de inclus\u00e3o social.<\/li>\n<\/ul>","protected":false},"excerpt":{"rendered":"<p>Aten\u00e7\u00e3o, concurseiros! Foi publicado o novo concurso Seme Vit\u00f3ria ES (Secretaria Municipal de Educa\u00e7\u00e3o de Vit\u00f3ria, no Esp\u00edrito Santo)! ?<\/p>\n<p>O edital oferece 100 vagas com sal\u00e1rios de at\u00e9 R$ 6 mil!<\/p>\n<p>Tem interesse na sele\u00e7\u00e3o? Continue com a gente e saiba coo participar! ?<\/p>\n","protected":false},"author":16,"featured_media":217837,"comment_status":"closed","ping_status":"closed","sticky":false,"template":"","format":"standard","meta":{"_acf_changed":false,"footnotes":"","_wp_rev_ctl_limit":""},"categories":[44999],"tags":[],"class_list":["post-90831","post","type-post","status-publish","format-standard","has-post-thumbnail","hentry","category-concursos"],"acf":[],"_links":{"self":[{"href":"https:\/\/www.novaconcursos.com.br\/portal\/wp-json\/wp\/v2\/posts\/90831","targetHints":{"allow":["GET"]}}],"collection":[{"href":"https:\/\/www.novaconcursos.com.br\/portal\/wp-json\/wp\/v2\/posts"}],"about":[{"href":"https:\/\/www.novaconcursos.com.br\/portal\/wp-json\/wp\/v2\/types\/post"}],"author":[{"embeddable":true,"href":"https:\/\/www.novaconcursos.com.br\/portal\/wp-json\/wp\/v2\/users\/16"}],"replies":[{"embeddable":true,"href":"https:\/\/www.novaconcursos.com.br\/portal\/wp-json\/wp\/v2\/comments?post=90831"}],"version-history":[{"count":28,"href":"https:\/\/www.novaconcursos.com.br\/portal\/wp-json\/wp\/v2\/posts\/90831\/revisions"}],"predecessor-version":[{"id":277494,"href":"https:\/\/www.novaconcursos.com.br\/portal\/wp-json\/wp\/v2\/posts\/90831\/revisions\/277494"}],"wp:featuredmedia":[{"embeddable":true,"href":"https:\/\/www.novaconcursos.com.br\/portal\/wp-json\/wp\/v2\/media\/217837"}],"wp:attachment":[{"href":"https:\/\/www.novaconcursos.com.br\/portal\/wp-json\/wp\/v2\/media?parent=90831"}],"wp:term":[{"taxonomy":"category","embeddable":true,"href":"https:\/\/www.novaconcursos.com.br\/portal\/wp-json\/wp\/v2\/categories?post=90831"},{"taxonomy":"post_tag","embeddable":true,"href":"https:\/\/www.novaconcursos.com.br\/portal\/wp-json\/wp\/v2\/tags?post=90831"}],"curies":[{"name":"wp","href":"https:\/\/api.w.org\/{rel}","templated":true}]}}