{"id":90900,"date":"2019-09-11T11:57:44","date_gmt":"2019-09-11T14:57:44","guid":{"rendered":"https:\/\/www.novaconcursos.com.br\/portal\/?p=90900"},"modified":"2019-09-11T11:57:45","modified_gmt":"2019-09-11T14:57:45","slug":"concurso-prf-divulgada-orientacao-para-avaliacao-psicologica","status":"publish","type":"post","link":"https:\/\/www.novaconcursos.com.br\/portal\/noticias\/concurso-prf-divulgada-orientacao-para-avaliacao-psicologica\/","title":{"rendered":"Concurso PRF: Divulgada orienta\u00e7\u00e3o para Avalia\u00e7\u00e3o Psicol\u00f3gica!"},"content":{"rendered":"<p>O <a rel=\"noreferrer noopener\" aria-label=\"concurso (abre numa nova aba)\" href=\"https:\/\/www.novaconcursos.com.br\" target=\"_blank\">concurso<\/a> <strong>PRF<\/strong> (<a rel=\"noreferrer noopener\" aria-label=\"Pol\u00edcia Rodovi\u00e1ria Federal (abre numa nova aba)\" href=\"https:\/\/www.novaconcursos.com.br\/concurso\/prf-policia-rodoviaria-federal\/curso-online\" target=\"_blank\">Pol\u00edcia Rodovi\u00e1ria Federal<\/a>) divulgou um <strong>novo edital de convoca\u00e7\u00e3o<\/strong> para a etapa complementar durante o <strong>Curso de Forma\u00e7\u00e3o<\/strong>.<br><\/p>\n\n\n\n<p><a href=\"https:\/\/www.novaconcursos.com.br\/portal\/concursos\/concurso-prf\/\">\u21d2 Confira todas as informa\u00e7\u00f5es na p\u00e1gina do concurso!<\/a><\/p>\n\n\n\n<h2 class=\"wp-block-heading\" id=\"curso-de-formao-do-concurso-prf\">Curso de Forma\u00e7\u00e3o do concurso PRF<br><\/h2>\n\n\n\n<p>A PRF (Pol\u00edcia Rodovi\u00e1ria Federal) divulgou uma <a href=\"https:\/\/www.novaconcursos.com.br\/portal\/wp-content\/uploads\/2019\/09\/ED_47_PRF_2018_AVALIACAO_PSICOLOGICA_COMPLEMENTAR_CFP.pdf\" target=\"_blank\" rel=\"noreferrer noopener\" aria-label=\"nova convoca\u00e7\u00e3o (abre numa nova aba)\">nova convoca\u00e7\u00e3o<\/a> do concurso PRF 2018.<strong> O documento traz orienta\u00e7\u00f5es para uma Avalia\u00e7\u00e3o Psicol\u00f3gica Complementar, que ser\u00e1 aplicada durante o Curso de Forma\u00e7\u00e3o dos policiais<\/strong>.<br><\/p>\n\n\n\n<p>O documento foi publicado no Di\u00e1rio Oficial da Uni\u00e3o, <strong>e j\u00e1 se encontra dispon\u00edvel na \u00edntegra no site da banca organizadora<\/strong>, <a href=\"https:\/\/www.cebraspe.org.br\/concursos\/PRF_18\" target=\"_blank\" rel=\"noreferrer noopener\" aria-label=\"Cebraspe (abre numa nova aba)\">Cebraspe<\/a>.<br><\/p>\n\n\n\n<p>Segundo informa\u00e7\u00f5es constadas no documento, as avalia\u00e7\u00f5es que vir\u00e3o a ser realizadas ter\u00e3o car\u00e1ter unicamente eliminat\u00f3rio. <strong>E o candidato que n\u00e3o comparecer ao local, hor\u00e1rios e data informada pela Coordena\u00e7\u00e3o do curso ser\u00e1 eliminado do concurso<\/strong>.<br><\/p>\n\n\n\n<div class=\"wp-block-image\"><figure class=\"aligncenter is-resized\"><img decoding=\"async\" src=\"https:\/\/www.novaconcursos.com.br\/portal\/wp-content\/uploads\/2019\/04\/prfnova-1024x576.jpg\" alt=\"Nova-PRF\" class=\"wp-image-83661\" width=\"784\" height=\"441\" loading=\"lazy\" title=\"\" srcset=\"https:\/\/www.novaconcursos.com.br\/portal\/wp-content\/uploads\/2019\/04\/prfnova-300x169.jpg 300w, https:\/\/www.novaconcursos.com.br\/portal\/wp-content\/uploads\/2019\/04\/prfnova.jpg 1024w\" sizes=\"auto, (max-width: 480px) 100vw, (max-width: 768px) 100vw, (max-width: 1200px) 70vw, 768px\"><\/figure><\/div>\n\n\n\n<p>O Curso de Forma\u00e7\u00e3o, teve seu in\u00edcio neste m\u00eas de <strong>setembro<\/strong>. A etapa acontece at\u00e9 o dia <strong>16 de dezembro, sendo realizado na Academia Nacional da Pol\u00edcia Rodovi\u00e1ria Federal<\/strong>, localizada na Rodovia Jos\u00e9 Carlos Daux, SC 401, Km 19, Canasvieiras, Florian\u00f3polis\/SC.<br><\/p>\n\n\n\n<p>As matr\u00edculas foram recebidas atrav\u00e9s do site da banca organizadora, Cebraspe, <strong>que fica respons\u00e1vel por todas as publica\u00e7\u00f5es oficiais at\u00e9 a homologa\u00e7\u00e3o<\/strong>. No Curso de Forma\u00e7\u00e3o, os candidatos ir\u00e3o ser <strong>avaliados<\/strong> por meio de <strong>comportamento, frequ\u00eancia e provas objetivas, nos dias 20 de outubro de 24 de novembro de 2019<\/strong>.<br><\/p>\n\n\n\n<p>Para o Curso de Forma\u00e7\u00e3o do concurso PRF, o presidente da Rep\u00fablica Jair Bolsonaro, <strong>autorizou a chamada de 1.000 candidatos aprovados, sendo 500 candidatos a mais do que era previsto no edital<\/strong>. A portaria autorizativa, foi publicada no m\u00eas de julho no Di\u00e1rio Oficial da Uni\u00e3o.<\/p>\n\n\n\n<p style=\"color:#2481cd;text-align:center\" class=\"has-text-color\"> <a href=\"https:\/\/www.novaconcursos.com.br\/concurso\/prf-policia-rodoviaria-federal\/curso-online?promo_name=blog&amp;promo_id=link&amp;promo_position=rodape&amp;promo_creative=orientacao-para-avaliacao-prf\" target=\"_blank\" rel=\"noreferrer noopener\" aria-label=\"\u00bb Prepare-se para o concurso PRF + B\u00d4NUS (GR\u00c1TIS) \u00ab (abre numa nova aba)\">\u00bb Prepare-se para o concurso PRF + B\u00d4NUS (GR\u00c1TIS) \u00ab<\/a> <\/p>","protected":false},"excerpt":{"rendered":"<p>O concurso PRF (Pol\u00edcia Rodovi\u00e1ria Federal) divulgou um novo edital de convoca\u00e7\u00e3o para a etapa complementar durante o Curso de Forma\u00e7\u00e3o. \u21d2 Confira todas as informa\u00e7\u00f5es na p\u00e1gina do concurso! Curso de Forma\u00e7\u00e3o do concurso PRF A PRF (Pol\u00edcia Rodovi\u00e1ria Federal) divulgou uma nova convoca\u00e7\u00e3o do concurso PRF 2018. O documento traz orienta\u00e7\u00f5es para uma [&hellip;]<\/p>\n","protected":false},"author":16,"featured_media":84797,"comment_status":"closed","ping_status":"closed","sticky":false,"template":"","format":"standard","meta":{"_acf_changed":false,"footnotes":"","_wp_rev_ctl_limit":""},"categories":[228],"tags":[],"class_list":["post-90900","post","type-post","status-publish","format-standard","has-post-thumbnail","hentry","category-noticias"],"acf":[],"_links":{"self":[{"href":"https:\/\/www.novaconcursos.com.br\/portal\/wp-json\/wp\/v2\/posts\/90900","targetHints":{"allow":["GET"]}}],"collection":[{"href":"https:\/\/www.novaconcursos.com.br\/portal\/wp-json\/wp\/v2\/posts"}],"about":[{"href":"https:\/\/www.novaconcursos.com.br\/portal\/wp-json\/wp\/v2\/types\/post"}],"author":[{"embeddable":true,"href":"https:\/\/www.novaconcursos.com.br\/portal\/wp-json\/wp\/v2\/users\/16"}],"replies":[{"embeddable":true,"href":"https:\/\/www.novaconcursos.com.br\/portal\/wp-json\/wp\/v2\/comments?post=90900"}],"version-history":[{"count":1,"href":"https:\/\/www.novaconcursos.com.br\/portal\/wp-json\/wp\/v2\/posts\/90900\/revisions"}],"predecessor-version":[{"id":90902,"href":"https:\/\/www.novaconcursos.com.br\/portal\/wp-json\/wp\/v2\/posts\/90900\/revisions\/90902"}],"wp:featuredmedia":[{"embeddable":true,"href":"https:\/\/www.novaconcursos.com.br\/portal\/wp-json\/wp\/v2\/media\/84797"}],"wp:attachment":[{"href":"https:\/\/www.novaconcursos.com.br\/portal\/wp-json\/wp\/v2\/media?parent=90900"}],"wp:term":[{"taxonomy":"category","embeddable":true,"href":"https:\/\/www.novaconcursos.com.br\/portal\/wp-json\/wp\/v2\/categories?post=90900"},{"taxonomy":"post_tag","embeddable":true,"href":"https:\/\/www.novaconcursos.com.br\/portal\/wp-json\/wp\/v2\/tags?post=90900"}],"curies":[{"name":"wp","href":"https:\/\/api.w.org\/{rel}","templated":true}]}}