{"id":91004,"date":"2019-09-12T13:41:59","date_gmt":"2019-09-12T16:41:59","guid":{"rendered":"https:\/\/www.novaconcursos.com.br\/portal\/?p=91004"},"modified":"2025-12-10T18:26:56","modified_gmt":"2025-12-10T21:26:56","slug":"concurso-esa-confira-a-divulgacao-do-gabarito-final-do-certame","status":"publish","type":"post","link":"https:\/\/www.novaconcursos.com.br\/portal\/noticias\/concurso-esa-confira-a-divulgacao-do-gabarito-final-do-certame\/","title":{"rendered":"Concurso ESA: Confira a divulga\u00e7\u00e3o do gabarito final do certame!"},"content":{"rendered":"<p>Ap\u00f3s a aplica\u00e7\u00e3o das <strong>provas objetivas<\/strong>, ocorridas em agosto e ter disponibilizado os <strong>gabaritos <\/strong>com os resultados <strong>preliminares,<\/strong> o <a href=\"https:\/\/www.novaconcursos.com.br\/portal\/concursos\/concurso-esa\/\" target=\"_blank\" rel=\"noreferrer noopener\">Concurso ESA<\/a> <a aria-label=\"(Escola de Sargento das Armas do Ex\u00e9rcito) (abre numa nova aba)\" href=\"https:\/\/www.novaconcursos.com.br\/concurso\/esa-escola-de-sargentos-das-armas\/curso-online\" target=\"_blank\" rel=\"noreferrer noopener\">(Escola de Sargento das Armas do Ex\u00e9rcito)<\/a>, avaliou as interposi\u00e7\u00f5es de recurso e divulgou os<strong> resultados finais.<\/strong><\/p>\n\n\n\n<p><\/p>\n\n\n\n<p>Os<strong> gabaritos <\/strong>est\u00e3o dispon\u00edveis no portal do certame, para consulta. Foram anuladas <strong>06 quest\u00f5es<\/strong> e os pontos equivalente a elas foram <strong>atribu\u00eddos a todos os candidatos.<\/strong><\/p>\n\n\n<div class=\"wp-block-image\">\n<figure class=\"aligncenter is-resized\"><img decoding=\"async\" width=\"903\" height=\"274\" src=\"https:\/\/www.novaconcursos.com.br\/portal\/wp-content\/uploads\/2019\/09\/Tabela09.png\" alt=\"\" class=\"wp-image-91010\" style=\"width:695px;height:210px\" loading=\"lazy\" title=\"\" srcset=\"https:\/\/www.novaconcursos.com.br\/portal\/wp-content\/uploads\/2019\/09\/Tabela09-300x91.png 300w, https:\/\/www.novaconcursos.com.br\/portal\/wp-content\/uploads\/2019\/09\/Tabela09.png 903w\" sizes=\"auto, (max-width: 480px) 100vw, (max-width: 768px) 100vw, (max-width: 1200px) 70vw, 768px\"><\/figure><\/div>\n\n\n<p>Al\u00e9m disso, o \u00f3rg\u00e3o publicou a folha de respostas, o total de acertos e a nota de cada candidato por disciplina. Tamb\u00e9m <strong>foram divulgadas as pe\u00e7as de confronto <\/strong>relativas aos naipes para a realiza\u00e7\u00e3o do<strong> Exame de Habilita\u00e7\u00e3o Musical,<\/strong> destinadas aos candidatos na<strong> \u00e1rea M\u00fasica.<\/strong><\/p>\n\n\n\n<h2 class=\"wp-block-heading\" id=\"vagas-ofertadas-pelo-concurso-esa\">Vagas ofertadas pelo concurso\nESA<\/h2>\n\n\n\n<p>O certame est\u00e1 <strong>ofertando 1.100 vagas<\/strong> para os <strong>Cursos de Forma\u00e7\u00e3o e Gradua\u00e7\u00e3o de Sargentos,<\/strong> no ano de 2020\/2021, <strong>nas \u00e1reas <\/strong>Geral, Avia\u00e7\u00e3o, M\u00fasica e Sa\u00fade. As<strong> vagas <\/strong>s\u00e3o destinadas para<strong> ambos os sexos<\/strong> que tenham conclu\u00eddo o<strong> n\u00edvel m\u00e9dio<\/strong> e devem possuir idade entre 17 e 24 anos para as \u00e1reas Geral e Avia\u00e7\u00e3o, e entre 17 e 26 anos para as \u00e1reas de M\u00fasica e Sa\u00fade.<\/p>\n\n\n\n<h2 class=\"wp-block-heading\" id=\"formas-de-avaliao-do-concurso-esa\">Formas de avalia\u00e7\u00e3o do\nconcurso ESA<\/h2>\n\n\n\n<p><strong>As provas, <\/strong>foram aplicadas no dia 04 de agosto, contendo<strong> 50 quest\u00f5es <\/strong>divididas em <strong>06 partes<\/strong>, sendo cobrado os seguintes conhecimentos:<\/p>\n\n\n\n<ul class=\"wp-block-list\"><li><strong>1\u00ba parte: <\/strong>Prova de Matem\u00e1tica \u2013 12 quest\u00f5es para \u00e1res Geral \/ Avia\u00e7\u00e3o e 08 quest\u00f5es para as \u00e1reas M\u00fasica\/Sa\u00fade;<\/li>\n\n\n\n<li><strong>2\u00ba parte:<\/strong> Prova de Portugu\u00eas \u2013 12 e 08 quest\u00f5es, dependendo da \u00e1rea do candidato;<\/li>\n\n\n\n<li><strong>3\u00ba parte: <\/strong>Prova de Hist\u00f3ria e Geografia do Brasil \u2013 12 e 06 quest\u00f5es de cada categoria para \u00e1rea Geral\/ Avia\u00e7\u00e3o e 08 e 04 quest\u00f5es de cada disciplina para as \u00e1reas de M\u00fasica\/ Sa\u00fade.<\/li>\n\n\n\n<li><strong>4\u00ba parte:<\/strong> Prova de Ingl\u00eas \u2013 04 quest\u00f5es para \u00e1rea Geral\/Avia\u00e7\u00e3o e 04 quest\u00f5es para \u00e0s \u00e1reas de M\u00fasica\/Sa\u00fade;<\/li>\n\n\n\n<li><strong>5\u00ba parte:<\/strong> Prova de Conhecimentos Espec\u00edficos da \u00e1rea T\u00e9cnica de Enfermagem, na \u00e1rea de Sa\u00fade (12 quest\u00f5es) e Prova de Teoria Musical para a \u00e1rea de M\u00fasica (12 quest\u00f5es);<\/li>\n\n\n\n<li><strong>6\u00ba parte:<\/strong> Prova de Portugu\u00eas \u2013 reda\u00e7\u00e3o (discursiva).<\/li>\n<\/ul><p>Para o <strong>candidato <\/strong>ser <strong>aprovado<\/strong> era necess\u00e1rio obter, no m\u00ednimo <strong>50% de acertos do total<\/strong> das <strong>quest\u00f5es de cada parte<\/strong> avaliada da prova, <strong>exceto Ingl\u00eas,<\/strong> que \u00e9 necess\u00e1rio <strong>obter 25% de acertos<\/strong>. Al\u00e9m disso, \u00e9 necess\u00e1rio obter nota igual ou superior a <strong>05 pontos na reda\u00e7\u00e3o.<\/strong><\/p>\n\n\n\n<p>A<strong> prova de reda\u00e7\u00e3o<\/strong> ainda ser\u00e1 corrigida pela banca de L\u00edngua Portuguesa do \u00f3rg\u00e3o. A <strong>corre\u00e7\u00e3o<\/strong> deve ocorrer entre<strong> 22 de setembro a 06 de outubro.<\/strong> O <strong>resultado parcial <\/strong>do <strong>Exame Intelectual<\/strong> tem previs\u00e3o para <strong>cinco dias ap\u00f3s.<\/strong><\/p>","protected":false},"excerpt":{"rendered":"<p>Ap\u00f3s a aplica\u00e7\u00e3o das provas objetivas, ocorridas em agosto e ter disponibilizado os gabaritos com os resultados preliminares, o Concurso ESA (Escola de Sargento das Armas do Ex\u00e9rcito), avaliou as interposi\u00e7\u00f5es de recurso e divulgou os resultados finais. Os gabaritos est\u00e3o dispon\u00edveis no portal do certame, para consulta. Foram anuladas 06 quest\u00f5es e os pontos [&hellip;]<\/p>\n","protected":false},"author":16,"featured_media":0,"comment_status":"closed","ping_status":"closed","sticky":false,"template":"","format":"standard","meta":{"_acf_changed":false,"footnotes":"","_wp_rev_ctl_limit":""},"categories":[228],"tags":[],"class_list":["post-91004","post","type-post","status-publish","format-standard","hentry","category-noticias"],"acf":[],"_links":{"self":[{"href":"https:\/\/www.novaconcursos.com.br\/portal\/wp-json\/wp\/v2\/posts\/91004","targetHints":{"allow":["GET"]}}],"collection":[{"href":"https:\/\/www.novaconcursos.com.br\/portal\/wp-json\/wp\/v2\/posts"}],"about":[{"href":"https:\/\/www.novaconcursos.com.br\/portal\/wp-json\/wp\/v2\/types\/post"}],"author":[{"embeddable":true,"href":"https:\/\/www.novaconcursos.com.br\/portal\/wp-json\/wp\/v2\/users\/16"}],"replies":[{"embeddable":true,"href":"https:\/\/www.novaconcursos.com.br\/portal\/wp-json\/wp\/v2\/comments?post=91004"}],"version-history":[{"count":13,"href":"https:\/\/www.novaconcursos.com.br\/portal\/wp-json\/wp\/v2\/posts\/91004\/revisions"}],"predecessor-version":[{"id":300091,"href":"https:\/\/www.novaconcursos.com.br\/portal\/wp-json\/wp\/v2\/posts\/91004\/revisions\/300091"}],"wp:attachment":[{"href":"https:\/\/www.novaconcursos.com.br\/portal\/wp-json\/wp\/v2\/media?parent=91004"}],"wp:term":[{"taxonomy":"category","embeddable":true,"href":"https:\/\/www.novaconcursos.com.br\/portal\/wp-json\/wp\/v2\/categories?post=91004"},{"taxonomy":"post_tag","embeddable":true,"href":"https:\/\/www.novaconcursos.com.br\/portal\/wp-json\/wp\/v2\/tags?post=91004"}],"curies":[{"name":"wp","href":"https:\/\/api.w.org\/{rel}","templated":true}]}}