{"id":91258,"date":"2019-09-16T11:37:43","date_gmt":"2019-09-16T14:37:43","guid":{"rendered":"https:\/\/www.novaconcursos.com.br\/portal\/?post_type=nc-public-tender&#038;p=91258"},"modified":"2024-12-16T10:14:26","modified_gmt":"2024-12-16T13:14:26","slug":"concurso-guarda-de-ribeirao-pires-sp","status":"publish","type":"post","link":"https:\/\/www.novaconcursos.com.br\/portal\/concursos\/concurso-guarda-de-ribeirao-pires-sp\/","title":{"rendered":"Concurso Guarda de Ribeir\u00e3o Pires &#8211; SP"},"content":{"rendered":"<p>Saiu o edital do novo<strong> concurso da Guarda de Ribeir\u00e3o Pires<\/strong>, cidade de S\u00e3o Paulo! S\u00e3o <strong>40 vagas<\/strong> imediatas para o cargo de <strong>n\u00edvel m\u00e9dio,<\/strong> com sal\u00e1rios de R$ 1,6 mil.<\/p>\n<h2 id=\"como-fazer-a-inscrio-no-concurso-guarda-de-ribeiro-pires-sp\">Como fazer a inscri\u00e7\u00e3o no concurso Guarda de Ribeir\u00e3o Pires \u2013 SP?<\/h2>\n<p>Os interessados dever\u00e3o acessar o site da banca organizadora, a Funda\u00e7\u00e3o Carlos Chagas, do dia 17 de setembro at\u00e9 \u00e0s 17 horas do dia 17 de outubro de 2019 para realizar a inscri\u00e7\u00e3o. A taxa \u00e9 de R$ 48,00 para o cargo.<\/p>\n<h2 id=\"quem-pode-fazer-o-concurso-guarda-de-ribeiro-pires\">Quem pode fazer o concurso Guarda de Ribeir\u00e3o Pires?<\/h2>\n<p>As oportunidades s\u00e3o destinadas ao cargo de:<\/p>\n<p>\u2022 Guarda Civil Municipal<\/p>\n<p>O cargo conta com sal\u00e1rio base de R$ 1.213,80, com adicional de 10% de Gratifica\u00e7\u00e3o (R$ 121,38) e de 30% de Adicional de Periculosidade (R$ 364,14).<\/p>\n<p>Al\u00e9m do n\u00edvel m\u00e9dio de escolaridade, \u00e9 necess\u00e1rio ter Carteira Nacional de Habilita\u00e7\u00e3o na categoria AB ou B, h\u00e1 pelo menos 2 anos, e ter altura m\u00ednima de 1,70m para homens e 1,60m para feminino.<\/p>\n<h2 id=\"o-que-faz-um-guarda-municipal-de-ribeiro-pires-sp\">O que faz um Guarda Municipal de Ribeir\u00e3o Pires \u2013 SP?<\/h2>\n<p>\u2022 Ser respons\u00e1vel pela seguran\u00e7a dos bens, instala\u00e7\u00f5es, funcion\u00e1rios e servi\u00e7os municipais, priorizando a seguran\u00e7a escolar, atuando pr\u00f3 ativamente, sendo agente de media\u00e7\u00e3o e resolu\u00e7\u00e3o de crises e orientador de posturas sociais;<\/p>\n<p>\u2022 Em sendo solicitado por autoridade competente, realizar o controle de acesso aos pr\u00f3prios municipais mediante sistema fornecido pela administra\u00e7\u00e3o municipal;<\/p>\n<p>\u2022 Quando designado, estar apto para exercer a fun\u00e7\u00e3o de motorista, motociclista e ciclista;<\/p>\n<p>\u2022 Realizar atividades preventivas voltadas \u00e0 seguran\u00e7a de tr\u00e2nsito nas vias e logradouros;<\/p>\n<p>\u2022 Manter-se diligente em rela\u00e7\u00e3o a grupos vulner\u00e1veis, tais como crian\u00e7as, mulheres, idosos ou pessoas com defici\u00eancia ou mobilidade reduzida, protegendo-os contra atos de viol\u00eancia;<\/p>\n<p>\u2022 Participar de campanhas, programas e projetos definidos pelo Comando da Guarda Civil Municipal, com foco na preven\u00e7\u00e3o da viol\u00eancia e criminalidade;<\/p>\n<p>\u2022 Realizar fiscaliza\u00e7\u00e3o de tr\u00e2nsito, conforme dispuser a Lei;<\/p>\n<p>\u2022 Desempenhar fun\u00e7\u00f5es administrativas designadas pelo seu superior e que seja de interesse da corpora\u00e7\u00e3o;<\/p>\n<p>\u2022 Exercer Atividade Complementar Conveniada, nos termos da legisla\u00e7\u00e3o espec\u00edfica que disciplina a mat\u00e9ria. (Reda\u00e7\u00e3o acrescida pela Lei n.\u00ba 6207\/2017)<\/p>\n<h2 id=\"quais-so-os-requisitos-bsicos-do-concurso-guarda-de-ribeiro-\">Quais s\u00e3o os requisitos b\u00e1sicos do concurso Guarda de Ribeir\u00e3o Pires?<\/h2>\n<p>\u2022 O candidato dever\u00e1 ler o Edital de Abertura do Concurso P\u00fablico em sua \u00edntegra e cumprir todas as determina\u00e7\u00f5es nele contidas<\/p>\n<p>\u2022 Ter sido aprovado e classificado em todas as fases deste Concurso P\u00fablico;<\/p>\n<p>\u2022 Ter nacionalidade brasileira ou portuguesa, amparada pelo Estatuto da Igualdade entre Brasileiros e Portugueses, conforme o disposto nos termos do Par\u00e1grafo 1\u00ba, Artigo 12, da Constitui\u00e7\u00e3o Federal, e do Decreto Federal n.\u00ba 70.436\/72, ou ser naturalizado brasileiro conforme legisla\u00e7\u00e3o vigente no pa\u00eds at\u00e9 a data da posse;<\/p>\n<p>\u2022 Ter no m\u00ednimo 18 (dezoito) anos completos na data da posse;<\/p>\n<p>\u2022 Possuir estatura m\u00ednima, descal\u00e7o e descoberto, de 1,70m (um metro e setenta cent\u00edmetros) para os candidatos do sexo Masculino e de 1,60m (um metro e sessenta cent\u00edmetros) para as candidatas do sexo Feminino.<\/p>\n<p>\u2022 Estar em dia com as obriga\u00e7\u00f5es eleitorais e no pleno exerc\u00edcio dos direitos pol\u00edticos, mediante apresenta\u00e7\u00e3o de comprovante de vota\u00e7\u00e3o ou certid\u00e3o expedida pela Justi\u00e7a Eleitoral<\/p>\n<p>\u2022 Possuir documento militar, para homens, que comprove ter prestado ou ter sido definitivamente liberado do Servi\u00e7o Militar<\/p>\n<p>\u2022 Conclu\u00eddo o Curso de Ensino M\u00e9dio ou equivalente comprovado por meio de documento expedido por estabelecimento de Ensino Oficial ou Particular, devidamente reconhecido pela legisla\u00e7\u00e3o vigente;<\/p>\n<p>\u2022 Ser portador de Carteira Nacional de Habilita\u00e7\u00e3o nas Categorias \u201cAB\u201d ou \u201cB\u201d h\u00e1 mais de 02 (dois) anos, estando apto a dirigir;<\/p>\n<p>\u2022 Apresentar a documenta\u00e7\u00e3o comprobat\u00f3ria de acordo com as exig\u00eancias acima, por ocasi\u00e3o da convoca\u00e7\u00e3o, que antecede a nomea\u00e7\u00e3o;<\/p>\n<p>\u2022 N\u00e3o registrar antecedentes criminais oriundos de senten\u00e7a transitada em julgado ou demonstrar o cumprimento integral das penas que tenham sido cominadas;<\/p>\n<p>\u2022 N\u00e3o ter sofrido, se funcion\u00e1rio p\u00fablico, quando do exerc\u00edcio de Cargo P\u00fablico, Emprego P\u00fablico ou Fun\u00e7\u00e3o P\u00fablica, a pena de expuls\u00e3o, demiss\u00e3o a bem do servi\u00e7o p\u00fablico ou por justa causa e n\u00e3o estar cumprindo interst\u00edcio de penalidades administrativas, fato a ser comprovado posteriormente;<\/p>\n<p>\u2022 N\u00e3o encontrar-se acumulando Cargo, Emprego ou Fun\u00e7\u00e3o P\u00fablica em desconformidade com as hip\u00f3teses de acumula\u00e7\u00e3o l\u00edcitas previstas em Lei e na Constitui\u00e7\u00e3o Federal;<\/p>\n<p>\u2022 N\u00e3o estar com idade de aposentadoria compuls\u00f3ria;<\/p>\n<p>\u2022 Ter aptid\u00e3o f\u00edsica e mental, comprovadas nas Segunda a Sexta Fases do Concurso P\u00fablico, no Curso de Forma\u00e7\u00e3o e n\u00e3o ser portador de defici\u00eancia incompat\u00edvel com o exerc\u00edcio do Cargo, comprovada mediante sujei\u00e7\u00e3o a Exame de Sa\u00fade admissional a ser realizado pelo Servi\u00e7o M\u00e9dico pela Prefeitura Municipal Da Est\u00e2ncia Tur\u00edstica De Ribeir\u00e3o Pires (SP), quando da convoca\u00e7\u00e3o;<\/p>\n<p>\u2022 N\u00e3o estar respondendo a processo relativo ao exerc\u00edcio da profiss\u00e3o;<\/p>\n<p>\u2022 N\u00e3o receber, no ato da nomea\u00e7\u00e3o, proventos de aposentadoria oriundos de Cargo, Emprego ou Fun\u00e7\u00e3o exercidos perante a Uni\u00e3o, Territ\u00f3rio, Estado, Distrito Federal, Munic\u00edpio e suas Autarquias, Empresas ou Funda\u00e7\u00f5es, conforme preceitua o Artigo 37, inciso XXII, \u00a710 da Constitui\u00e7\u00e3o Federal, ressalvadas as acumula\u00e7\u00f5es permitidas pelos incisos XVI e XVII do citado dispositivo constitucional, os Cargos eletivos e os Cargos ou Empregos em comiss\u00e3o declarados em Lei de livre nomea\u00e7\u00e3o e exonera\u00e7\u00e3o.<\/p>\n<h2 id=\"como-ser-a-prova-do-concurso-guarda-de-ribeiro-pires-sp\">Como ser\u00e1 a prova do concurso Guarda de Ribeir\u00e3o Pires \u2013 SP?<\/h2>\n<p>Os candidatos ser\u00e3o avaliados mediante <strong>provas objetivas<\/strong>, previstas para o dia<strong> 1\u00ba de dezembro de 2019<\/strong>.<\/p>\n<p>Haver\u00e1 tamb\u00e9m uma prova de condicionamento f\u00edsico; exames m\u00e9dicos, toxicol\u00f3gicos e odontol\u00f3gico; avalia\u00e7\u00e3o psicol\u00f3gica; investiga\u00e7\u00e3o de conduta e vida pregressa; apresenta\u00e7\u00e3o documental exigida; curso de forma\u00e7\u00e3o de guarda civil municipal de 3\u00aa classe.<\/p>\n<p>A<strong> estrutura das provas<\/strong> \u00e9 a seguinte: L\u00edngua Portuguesa (8 quest\u00f5es), Matem\u00e1tica (7), Atualidades (5), No\u00e7\u00f5es de Inform\u00e1tica (5), Conhecimentos Espec\u00edficos (15).<\/p>\n<p>Confira o<strong> conte\u00fado program\u00e1tico<\/strong> de Conhecimentos B\u00e1sicos:<\/p>\n<p><strong>L\u00edngua Portuguesa<\/strong>: Interpreta\u00e7\u00e3o de Texto. Significa\u00e7\u00e3o das palavras: sin\u00f4nimos, ant\u00f4nimos, sentido pr\u00f3prio e figurado das palavras. Ortografia Oficial. Pontua\u00e7\u00e3o. Acentua\u00e7\u00e3o. Emprego das classes de palavras: substantivo, adjetivo, numeral, pronome, verbo, adv\u00e9rbio, preposi\u00e7\u00e3o, conjun\u00e7\u00e3o (classifica\u00e7\u00e3o e sentido que imprime \u00e0s rela\u00e7\u00f5es entre as ora\u00e7\u00f5es). Concord\u00e2ncia verbal e nominal. Reg\u00eancia verbal e nominal. Crase. Coloca\u00e7\u00e3o pronominal.<\/p>\n<p><strong>Matem\u00e1tica<\/strong>: Resolu\u00e7\u00e3o de situa\u00e7\u00f5es-problema. N\u00fameros Inteiros: Opera\u00e7\u00f5es, Propriedades, M\u00faltiplos e Divisores; N\u00fameros Racionais: Opera\u00e7\u00f5es e Propriedades. N\u00fameros e Grandezas Diretamente e Inversamente Proporcionais: Raz\u00f5es e Propor\u00e7\u00f5es, Divis\u00e3o Proporcional, Regra de Tr\u00eas Simples e Composta. Porcentagem. Juros Simples. Sistema de Medidas Legais. Conceitos b\u00e1sicos de geometria: c\u00e1lculo de \u00e1rea e c\u00e1lculo de volume.<\/p>\n<p><strong>Atualidades<\/strong>: Quest\u00f5es relacionadas a fatos pol\u00edticos, econ\u00f4micos, sociais e culturais, nacionais e internacionais, divulgados na m\u00eddia local e\/ou nacional, veiculados nos \u00faltimos seis meses anteriores \u00e0 data da prova.<\/p>\n<p><strong>No\u00e7\u00f5es de Inform\u00e1tica<\/strong>: No\u00e7\u00f5es b\u00e1sicas de armazenamento de dados: arquivos, pastas, programas; MS Office: Word, Excel, PowerPoint e Outlook (Vers\u00e3o 2007 e\/ou vers\u00e3o atualizada); conceitos b\u00e1sicos e caracter\u00edsticas do sistema operacional Windows; conceitos e modos de utiliza\u00e7\u00e3o de ferramentas Internet Explorer; conceitos b\u00e1sicos de seguran\u00e7a da Informa\u00e7\u00e3o com foco no comportamento do usu\u00e1rio.<\/p>\n<p><strong>Conhecimentos Espec\u00edficos<\/strong>: Lei Municipal n.\u00ba 348, de 08 de setembro de 1960 \u2013 Criou a Guarda Civil Municipal \u2013 Ribeir\u00e3o Pires\/SP. Lei Municipal n.\u00ba 6.093, de 17 de junho de 2019 \u2013 Estatuto da Guarda Civil Municipal \u2013 Ribeir\u00e3o Pires\/SP. Constitui\u00e7\u00e3o Federal Brasileira de 1988 e suas Emendas: T\u00edtulo I \u2013 Dos Princ\u00edpios Fundamentais. T\u00edtulo II \u2013 Dos Direitos e Garantias Fundamentais, do Cap\u00edtulo I \u2013 Dos Direitos e Deveres Individuais e Coletivos; Emenda Constitucional n.\u00b0 45\/2004; Declara\u00e7\u00e3o Universal dos Direitos do Homem de 1948 (ONU); C\u00f3digo de Tr\u00e2nsito Brasileiro; Resolu\u00e7\u00e3o n.\u00ba 66\/98 do Conselho Nacional de Tr\u00e2nsito \u2013 CONTRAN; Estatuto da Crian\u00e7a e do Adolescente (Lei n.\u00ba 8.069 de 13 de julho de 1990) e suas altera\u00e7\u00f5es; Estatuto do Idoso (Lei n.\u00ba 10.741, de 1 de outubro de 2003) e suas altera\u00e7\u00f5es; Legisla\u00e7\u00e3o Ambiental: Lei da A\u00e7\u00e3o Civil P\u00fablica (n.\u00ba 7.347, de 24 de julho de 1985), Lei de Crimes Ambientais (n.\u00ba 9.605, de 12 de fevereiro de 1998), Decreto-Lei do Patrim\u00f4nio Cultural (n.\u00ba 25, de 30 de novembro de 1937), Lei da Pol\u00edtica Nacional do Meio Ambiente (n.\u00ba 6.938, de 17 de janeiro de 1981) e Bens de Dom\u00ednio P\u00fablico (Direito Administrativo). No\u00e7\u00f5es de Direito Administrativo. Administra\u00e7\u00e3o P\u00fablica. Princ\u00edpios da legalidade, impessoalidade, moralidade, publicidade e efici\u00eancia. Conceito, fontes e princ\u00edpios do Direito Administrativo. Atividades Administrativas: conceito, natureza, fins e princ\u00edpios b\u00e1sicos. Atos administrativos: conceito e requisitos; atributos; classifica\u00e7\u00e3o; esp\u00e9cies; anula\u00e7\u00e3o e revoga\u00e7\u00e3o. Lei n.\u00ba 13.022, de 08 de agosto de 2014. No\u00e7\u00f5es de Direito Penal: princ\u00edpios do direito penal; aplica\u00e7\u00e3o da lei penal no tempo e no espa\u00e7o; tempo do crime; lugar do crime; teoria do crime; classifica\u00e7\u00e3o doutrin\u00e1ria dos crimes; fato t\u00edpico; trajet\u00f3ria do crime; crime consumado e tentado; excludentes de ilicitude; das penas.<\/p>","protected":false},"excerpt":{"rendered":"<p>Saiu o edital do novo concurso da Guarda de Ribeir\u00e3o Pires, cidade de S\u00e3o Paulo! S\u00e3o 40 vagas imediatas para o cargo de n\u00edvel m\u00e9dio, com sal\u00e1rios de R$ 1,6 mil.<\/p>\n","protected":false},"author":16,"featured_media":0,"comment_status":"closed","ping_status":"closed","sticky":false,"template":"","format":"standard","meta":{"_acf_changed":false,"footnotes":"","_wp_rev_ctl_limit":""},"categories":[44999],"tags":[],"class_list":["post-91258","post","type-post","status-publish","format-standard","hentry","category-concursos"],"acf":[],"_links":{"self":[{"href":"https:\/\/www.novaconcursos.com.br\/portal\/wp-json\/wp\/v2\/posts\/91258","targetHints":{"allow":["GET"]}}],"collection":[{"href":"https:\/\/www.novaconcursos.com.br\/portal\/wp-json\/wp\/v2\/posts"}],"about":[{"href":"https:\/\/www.novaconcursos.com.br\/portal\/wp-json\/wp\/v2\/types\/post"}],"author":[{"embeddable":true,"href":"https:\/\/www.novaconcursos.com.br\/portal\/wp-json\/wp\/v2\/users\/16"}],"replies":[{"embeddable":true,"href":"https:\/\/www.novaconcursos.com.br\/portal\/wp-json\/wp\/v2\/comments?post=91258"}],"version-history":[{"count":2,"href":"https:\/\/www.novaconcursos.com.br\/portal\/wp-json\/wp\/v2\/posts\/91258\/revisions"}],"predecessor-version":[{"id":124693,"href":"https:\/\/www.novaconcursos.com.br\/portal\/wp-json\/wp\/v2\/posts\/91258\/revisions\/124693"}],"wp:attachment":[{"href":"https:\/\/www.novaconcursos.com.br\/portal\/wp-json\/wp\/v2\/media?parent=91258"}],"wp:term":[{"taxonomy":"category","embeddable":true,"href":"https:\/\/www.novaconcursos.com.br\/portal\/wp-json\/wp\/v2\/categories?post=91258"},{"taxonomy":"post_tag","embeddable":true,"href":"https:\/\/www.novaconcursos.com.br\/portal\/wp-json\/wp\/v2\/tags?post=91258"}],"curies":[{"name":"wp","href":"https:\/\/api.w.org\/{rel}","templated":true}]}}