{"id":91670,"date":"2019-09-19T12:55:11","date_gmt":"2019-09-19T15:55:11","guid":{"rendered":"https:\/\/www.novaconcursos.com.br\/portal\/?p=91670"},"modified":"2024-07-16T10:17:22","modified_gmt":"2024-07-16T13:17:22","slug":"concurso-pf-792-policiais-sao-desligados-mediante-reforma-da-previdencia","status":"publish","type":"post","link":"https:\/\/www.novaconcursos.com.br\/portal\/noticias\/concurso-pf-792-policiais-sao-desligados-mediante-reforma-da-previdencia\/","title":{"rendered":"Concurso PF: 792 policiais s\u00e3o desligados mediante Reforma da Previd\u00eancia!"},"content":{"rendered":"<p>Com a <strong>nova Reforma<\/strong> da Previd\u00eancia, <strong>792 Policias Federais<\/strong> foram <strong>desligados da corpora\u00e7\u00e3o<\/strong> gerando um <strong>grande d\u00e9ficit<\/strong> de servidores o que  demostra uma <strong>maior urg\u00eancia <\/strong>de ocorrer um novo <a rel=\"noreferrer noopener\" aria-label=\"Concurso (abre numa nova aba)\" href=\"https:\/\/www.novaconcursos.com.br\/\" target=\"_blank\">Concurso<\/a> <a rel=\"noreferrer noopener\" aria-label=\"PF (abre numa nova aba)\" href=\"https:\/\/www.novaconcursos.com.br\/concurso\/pf-policia-federal\/curso-online\" target=\"_blank\">PF<\/a>, para poder suprir as <strong>vac\u00e2ncias dos cargos.<\/strong><\/p>\n\n\n\n<p><a href=\"https:\/\/www.novaconcursos.com.br\/portal\/concursos\/concurso-policia-federal\/\" target=\"_blank\" rel=\"noreferrer noopener\" aria-label=\"\u21d2 Confira todas as informa\u00e7\u00f5es na p\u00e1gina do concurso! (abre numa nova aba)\">\u21d2 Confira todas as informa\u00e7\u00f5es na p\u00e1gina do concurso!<\/a><\/p>\n\n\n\n<h2 class=\"wp-block-heading\" id=\"situao-atual-do-concurso-pf\">Situa\u00e7\u00e3o atual do concurso PF<\/h2>\n\n\n\n<p>A not\u00edcia sobre os <strong>desligamentos dos servidores<\/strong>, foi confirmada pelo Presidente da Federa\u00e7\u00e3o Nacional dos Policias Federais, Luis Boudens, revelando que somente neste ano, <strong>792 policias j\u00e1 deixaram o \u00f3rg\u00e3o<\/strong>. Os motivos, destes desligamentos, s\u00e3o diversos como<strong> falecimentos ou pedidos de demiss\u00e3o<\/strong>, por\u00e9m as <strong>aposentarias<\/strong> ainda continuam ganhando o<strong> maior destaque.<\/strong><\/p>\n\n\n\n<p>Segundo <strong>dados <\/strong>do Painel Estat\u00edstico de Pessoal do Minist\u00e9rio do Planejamento, foram cerca de <strong>500 aposentadorias<\/strong>, sendo<strong> 206<\/strong> somente deste ano de 2019, esses dados s\u00e3o referentes at\u00e9 o m\u00eas de julho dos cargos da <strong>\u00c1rea Policial.<\/strong><\/p>\n\n\n\n<p>J\u00e1 na <strong>\u00c1rea Administrativa<\/strong>, a Pol\u00edcia Federal registrou <strong>114 aposentadorias em um ano<\/strong>, desde o t\u00e9rmino do \u00faltimo concurso de 2018. Na <strong>\u00c1rea de Apoio<\/strong>, n\u00e3o h\u00e1 a presen\u00e7a de forma\u00e7\u00e3o de cadastro de reserva que permite realizar novas convoca\u00e7\u00f5es.<\/p>\n\n\n\n<p>Segundo o Presidente da Federa\u00e7\u00e3o Nacional dos Policias, <strong>aqueles servidores <\/strong>que j\u00e1 est\u00e3o prop\u00edcios a <strong>aposentar <\/strong>provavelmente ir\u00e3o aproveitar o momento para finalizar o processo, antes da vota\u00e7\u00e3o da reforma no Senado. Com isso, ir\u00e1 ocorrer mais <strong>sa\u00eddas da corpora\u00e7\u00e3o,<\/strong> durante as pr\u00f3ximas semanas.<\/p>\n\n\n\n<h2 class=\"wp-block-heading\" id=\"nova-proposta-de-emenda-poder-beneficiar-os-policias-do-rgo\">Nova proposta de Emenda poder\u00e1 beneficiar\nos Policias do \u00f3rg\u00e3o<\/h2>\n\n\n\n<p>Uma nova <strong>proposta de Emenda \u00e0 Constitui\u00e7\u00e3o (PEC) Paralela<\/strong>, tramita no Senado, podendo <strong>beneficiar os Policiais, Bombeiros, Agentes Prisionais e ainda outras carreiras de Seguran\u00e7a P\u00fablica<\/strong>. Afinal, ela menciona <strong>regras mais brandas<\/strong> para a aposentadoria para essas carreiras.<\/p>\n\n\n\n<p>Se a <strong>proposta for aprovada<\/strong>, contar\u00e1 com <strong>emendas e sugest\u00e3o de altera\u00e7\u00f5es<\/strong> n\u00e3o inclu\u00eddas no documento de reforma da Previd\u00eancia. O Senado comunica que uma<strong> Lei Complementar<\/strong> determine as<strong> regras e crit\u00e9rios<\/strong> pr\u00f3prios para que assim seja concedida a<strong> aposentadoria e pens\u00e3o para Policiais Federais.<\/strong><\/p>\n\n\n\n<p>A <strong>nova proposta da Reforma da Previd\u00eancia<\/strong> determina a <strong>idade m\u00ednima de 55 anos,<\/strong> al\u00e9m de 30 anos de contribui\u00e7\u00e3o e 25 anos de exerc\u00edcio na fun\u00e7\u00e3o. Recentemente, <strong>n\u00e3o h\u00e1 idade m\u00ednima de Policias<\/strong> para se aposentarem, <strong>apenas um tempo de contribui\u00e7\u00e3o<\/strong>, que \u00e9 de 30 anos para homens e 25 para mulheres.<\/p>\n\n\n\n<p>Os diretores da Fenapef estiveram, na \u00faltima semana com o Senador Marcelo Castro, em Bras\u00edlia, e uma das<strong> pautas discutidas<\/strong> foi a<strong> PEC Paralela<\/strong>. A equipe <strong>refor\u00e7ou a necessidade<\/strong> de alguns ajustes no documento . \u201cA PEC pararela foi bem recebida por n\u00f3s\u201d, disse Luis Boudens, destacando que a <strong>aposentadoria<\/strong> \u00e9 um dos<strong> \u00fanicos direitos <\/strong>que os cargos da <strong>Pol\u00edcia<\/strong> cont\u00e9m, afinal eles <strong>n\u00e3o recebem<\/strong> outros tipos de privil\u00e9gio como <strong>FGTS e horas extras.<\/strong><\/p>\n\n\n\n<h2 class=\"wp-block-heading\" id=\"novos-concursos-pf\">Novos concursos PF<\/h2>\n\n\n\n<p>O \u00f3rg\u00e3o confirmou o <strong>envio de dois pedidos,<\/strong>ao Minist\u00e9rio da Economia,<strong> <\/strong>para realiza\u00e7\u00e3o<strong> <\/strong>de<strong> novos concursos <\/strong>, com isso a qualquer momento <strong>novos editais podem ser aprovados<\/strong> pelo Governo.<\/p>\n\n\n\n<p>A <strong>confirma\u00e7\u00e3o do primeiro pedido<\/strong>, foi confirmado pela Diretora de Gest\u00e3o de Pessoal Substituta, Vanessa Gon\u00e7alves Leite Souza, no qual revela que nesta <strong>solicita\u00e7\u00e3o<\/strong> h\u00e1 somente a presen\u00e7a de<strong> vagas nos setores da \u00c1rea Policial.<\/strong><\/p>\n\n\n\n<p>\u00c9 previsto cerca de <strong>600 vagas de Agente Policial <\/strong>com exig\u00eancia de <strong>n\u00edvel superior<\/strong> em qualquer \u00e1rea de gradua\u00e7\u00e3o e devem possuir Carteira Nacional de Habilita\u00e7\u00e3o. Os <strong>sal\u00e1rios inicias<\/strong> s\u00e3o de <strong>R$ 12.441,23.<\/strong><\/p>\n\n\n\n<p>J\u00e1 <strong>no segundo pedido<\/strong>, que foi confirmado pela Fenapef, h\u00e1 a <strong>men\u00e7\u00e3o de vagas destinadas<\/strong> para a <strong>\u00c1rea de Apoio, <\/strong>o pedido foi feito para<strong> 234 vagas<\/strong>, sendo de <strong>n\u00edveis m\u00e9dio e superior<\/strong>. No total, h\u00e1<strong> 834 vagas solicitadas<\/strong> para compor o \u00f3rg\u00e3o.<\/p>","protected":false},"excerpt":{"rendered":"<p>Com a nova Reforma da Previd\u00eancia, 792 Policias Federais foram desligados da corpora\u00e7\u00e3o gerando um grande d\u00e9ficit de servidores o que demostra uma maior urg\u00eancia de ocorrer um novo Concurso PF, para poder suprir as vac\u00e2ncias dos cargos. \u21d2 Confira todas as informa\u00e7\u00f5es na p\u00e1gina do concurso! Situa\u00e7\u00e3o atual do concurso PF A not\u00edcia sobre [&hellip;]<\/p>\n","protected":false},"author":16,"featured_media":84362,"comment_status":"closed","ping_status":"closed","sticky":false,"template":"","format":"standard","meta":{"_acf_changed":false,"footnotes":"","_wp_rev_ctl_limit":""},"categories":[228],"tags":[],"class_list":["post-91670","post","type-post","status-publish","format-standard","has-post-thumbnail","hentry","category-noticias"],"acf":[],"_links":{"self":[{"href":"https:\/\/www.novaconcursos.com.br\/portal\/wp-json\/wp\/v2\/posts\/91670","targetHints":{"allow":["GET"]}}],"collection":[{"href":"https:\/\/www.novaconcursos.com.br\/portal\/wp-json\/wp\/v2\/posts"}],"about":[{"href":"https:\/\/www.novaconcursos.com.br\/portal\/wp-json\/wp\/v2\/types\/post"}],"author":[{"embeddable":true,"href":"https:\/\/www.novaconcursos.com.br\/portal\/wp-json\/wp\/v2\/users\/16"}],"replies":[{"embeddable":true,"href":"https:\/\/www.novaconcursos.com.br\/portal\/wp-json\/wp\/v2\/comments?post=91670"}],"version-history":[{"count":11,"href":"https:\/\/www.novaconcursos.com.br\/portal\/wp-json\/wp\/v2\/posts\/91670\/revisions"}],"predecessor-version":[{"id":243935,"href":"https:\/\/www.novaconcursos.com.br\/portal\/wp-json\/wp\/v2\/posts\/91670\/revisions\/243935"}],"wp:featuredmedia":[{"embeddable":true,"href":"https:\/\/www.novaconcursos.com.br\/portal\/wp-json\/wp\/v2\/media\/84362"}],"wp:attachment":[{"href":"https:\/\/www.novaconcursos.com.br\/portal\/wp-json\/wp\/v2\/media?parent=91670"}],"wp:term":[{"taxonomy":"category","embeddable":true,"href":"https:\/\/www.novaconcursos.com.br\/portal\/wp-json\/wp\/v2\/categories?post=91670"},{"taxonomy":"post_tag","embeddable":true,"href":"https:\/\/www.novaconcursos.com.br\/portal\/wp-json\/wp\/v2\/tags?post=91670"}],"curies":[{"name":"wp","href":"https:\/\/api.w.org\/{rel}","templated":true}]}}