{"id":9190,"date":"2014-06-23T12:51:06","date_gmt":"2014-06-23T15:51:06","guid":{"rendered":"http:\/\/www.novaconcursos.com.br\/portal\/?p=9190"},"modified":"2025-04-23T15:55:52","modified_gmt":"2025-04-23T18:55:52","slug":"editais-da-semana-23-a-2906","status":"publish","type":"post","link":"https:\/\/www.novaconcursos.com.br\/portal\/noticias\/editais-da-semana-23-a-2906\/","title":{"rendered":"Editais da semana- 23 a 29\/06"},"content":{"rendered":"<p><b>\u00a0<\/b>Confira todos os editais da Semana com a Nova Concursos!<\/p>\n\n\n\n<h2 class=\"wp-block-heading\" id=\"tribunal-de-justia-do-estado-de-so-paulo-tj-sp\"><span style=\"color: #000000;\">Tribunal de Justi\u00e7a do Estado de S\u00e3o Paulo\u00a0(TJ SP)<\/span><\/h2>\n\n\n\n<p><span style=\"color: #000000;\"><strong>N\u00famero de vagas:<\/strong><\/span> 215<br><span style=\"color: #000000;\"><strong>Sal\u00e1rio:<\/strong><\/span>\u00a0R$ 21.657,29<br><span style=\"color: #000000;\"><strong>N\u00edvel:<\/strong><\/span> Superior<br><span style=\"color: #000000;\"><strong>Local:<\/strong> <\/span>S\u00e3o Paulo<br><span style=\"color: #000000;\"><strong>Data de inscri\u00e7\u00e3o:<\/strong><\/span> at\u00e9 25 de julho<\/p>\n\n\n\n<h2 class=\"wp-block-heading\" id=\"fundao-servios-de-sade-de-mato-grosso-do-sul-funsau\"><span style=\"color: #000000;\">Funda\u00e7\u00e3o Servi\u00e7os de Sa\u00fade de Mato Grosso do Sul\u00a0(Funsau)<\/span><\/h2>\n\n\n\n<p><span style=\"color: #000000;\"><strong>N\u00famero de vagas:<\/strong> <\/span>212<br><span style=\"color: #000000;\"><strong>Sal\u00e1rio:<\/strong><\/span>\u00a0R$ 2.107,52<br><span style=\"color: #000000;\"><strong>N\u00edvel:<\/strong><\/span> todos<br><span style=\"color: #000000;\"><strong>Local:<\/strong><\/span> Campo Grande<br><span style=\"color: #000000;\"><strong>Data de inscri\u00e7\u00e3o:<\/strong> <\/span>at\u00e9 11 de julho<\/p>\n\n\n\n<h2 class=\"wp-block-heading\" id=\"prefeitura-de-ibirit-mg-\"><span style=\"color: #000000;\">Prefeitura de Ibirit\u00e9\u00a0(MG)\u00a0<\/span><\/h2>\n\n\n\n<p><span style=\"color: #000000;\"><strong>N\u00famero de vagas:<\/strong><\/span> 508<br><span style=\"color: #000000;\"><strong>Sal\u00e1rio:<\/strong><\/span>\u00a0R$ 12.111,48<br><span style=\"color: #000000;\"><strong>N\u00edvel:<\/strong><\/span> todos<br><span style=\"color: #000000;\"><strong>Local:<\/strong> <\/span>Ibirit\u00e9, Minas Gerais<br><span style=\"color: #000000;\"><strong>Data de inscri\u00e7\u00e3o:<\/strong><\/span> at\u00e9 31 de julho<\/p>\n\n\n\n<h2 class=\"wp-block-heading\" id=\"prefeitura-de-santana-de-parnaba-sp\"><span style=\"color: #000000;\">Prefeitura de Santana de Parna\u00edba\u00a0(SP)<\/span><\/h2>\n\n\n\n<p><span style=\"color: #000000;\"><strong>N\u00famero de vagas:<\/strong> <\/span>230<br><span style=\"color: #000000;\"><strong>Sal\u00e1rio:\u00a0<\/strong><\/span>R$ 7.292,96<br><span style=\"color: #000000;\"><strong>N\u00edvel:<\/strong><\/span> todos<br><span style=\"color: #000000;\"><strong>Local:<\/strong><\/span> Santana do Parna\u00edba, S\u00e3o Paulo<br><span style=\"color: #000000;\"><strong>Data de inscri\u00e7\u00e3o:<\/strong><\/span> at\u00e9 23 de julho<\/p>\n\n\n\n<h2 class=\"wp-block-heading\" id=\"prefeitura-de-cod-ma\"><span style=\"color: #000000;\">Prefeitura de Cod\u00f3\u00a0(MA)<\/span><\/h2>\n\n\n\n<p><span style=\"color: #000000;\"><strong>N\u00famero de vagas:<\/strong><\/span> 183<br><span style=\"color: #000000;\"><strong>Sal\u00e1rio:\u00a0<\/strong><\/span>R$ 1.909,12<br><span style=\"color: #000000;\"><strong>N\u00edvel:<\/strong><\/span> fundamental<br><span style=\"color: #000000;\"><strong>Local:<\/strong><\/span> Cod\u00f3, Maranh\u00e3o<br><span style=\"color: #000000;\"><strong>Data de inscri\u00e7\u00e3o:<\/strong><\/span> at\u00e9 6 de julho<\/p>\n\n\n\n<h2 class=\"wp-block-heading\" id=\"prefeitura-de-cocos-ba\"><span style=\"color: #000000;\">Prefeitura de Cocos\u00a0(BA)<\/span><\/h2>\n\n\n\n<p><span style=\"color: #000000;\"><strong>N\u00famero de vagas:<\/strong> <\/span>153<br><span style=\"color: #000000;\"><strong>Sal\u00e1rio:\u00a0<\/strong><\/span>R$ 8.823<br><span style=\"color: #000000;\"><strong>N\u00edvel:<\/strong><\/span> todos<br><span style=\"color: #000000;\"><strong>Local:<\/strong><\/span> Cocos, Bahia<br><span style=\"color: #000000;\"><strong>Data de inscri\u00e7\u00e3o:<\/strong><\/span> at\u00e9 13 de julho<\/p>\n\n\n\n<h2 class=\"wp-block-heading\" id=\"prefeitura-de-santa-cruz-do-escalvado-mg\"><span style=\"color: #000000;\">Prefeitura de Santa Cruz do Escalvado\u00a0(MG)<\/span><\/h2>\n\n\n\n<p><span style=\"color: #000000;\"><strong>N\u00famero de vagas:<\/strong> <\/span>40<br><span style=\"color: #000000;\"><strong>Sal\u00e1rio:<\/strong><\/span> R$\u00a09.989,66<br><span style=\"color: #000000;\"><strong>N\u00edvel:<\/strong> <\/span>Todos<br><span style=\"color: #000000;\"><strong>Local:<\/strong><\/span> Santa Cruz do Escalvado, Minas Gerais<br><span style=\"color: #000000;\"><strong>Data de inscri\u00e7\u00e3o:<\/strong><\/span> at\u00e9 11 de julho<\/p>\n\n\n\n<h2 class=\"wp-block-heading\" id=\"prefeitura-de-ribeiro-preto-sp\"><span style=\"color: #000000;\">Prefeitura de Ribeir\u00e3o Preto\u00a0(SP)<\/span><\/h2>\n\n\n\n<p><span style=\"color: #000000;\"><strong>N\u00famero de vagas:<\/strong><\/span> 29<br><span style=\"color: #000000;\"><strong>Sal\u00e1rio:\u00a0<\/strong><\/span>R$ 1.346,80 a R$ 1.728,27<br><span style=\"color: #000000;\"><strong>N\u00edvel:<\/strong> <\/span>m\u00e9dio e fundamental<br><span style=\"color: #000000;\"><strong>Local:<\/strong><\/span> Ribeir\u00e3o Preto, S\u00e3o Paulo<br><span style=\"color: #000000;\"><strong>Data de inscri\u00e7\u00e3o:<\/strong><\/span> at\u00e9 25 de julho<\/p>\n\n\n\n<h2 class=\"wp-block-heading\" id=\"prefeitura-de-nova-santa-helena-mt\"><span style=\"color: #000000;\">Prefeitura de Nova Santa Helena\u00a0(MT)<\/span><\/h2>\n\n\n\n<p><span style=\"color: #000000;\"><strong>N\u00famero de vagas:<\/strong> <\/span>26 e cadastro reserva<br><span style=\"color: #000000;\"><strong>Sal\u00e1rio:\u00a0<\/strong><\/span>R$ 12.750<br><span style=\"color: #000000;\"><strong>N\u00edvel:<\/strong><\/span> todos<br><span style=\"color: #000000;\"><strong>Local:<\/strong> <\/span>Nova Santa Helena<br><span style=\"color: #000000;\"><strong>Data de inscri\u00e7\u00e3o:<\/strong> <\/span>at\u00e9 13 de julho<\/p>\n\n\n\n<p><\/p>","protected":false},"excerpt":{"rendered":"<p>\u00a0Confira todos os editais da Semana com a Nova Concursos! Tribunal de Justi\u00e7a do Estado de S\u00e3o Paulo\u00a0(TJ SP) N\u00famero de vagas: 215Sal\u00e1rio:\u00a0R$ 21.657,29N\u00edvel: SuperiorLocal: S\u00e3o PauloData de inscri\u00e7\u00e3o: at\u00e9 25 de julho Funda\u00e7\u00e3o Servi\u00e7os de Sa\u00fade de Mato Grosso do Sul\u00a0(Funsau) N\u00famero de vagas: 212Sal\u00e1rio:\u00a0R$ 2.107,52N\u00edvel: todosLocal: Campo GrandeData de inscri\u00e7\u00e3o: at\u00e9 11 de [&hellip;]<\/p>\n","protected":false},"author":16,"featured_media":6311,"comment_status":"closed","ping_status":"closed","sticky":false,"template":"","format":"standard","meta":{"_acf_changed":false,"footnotes":"","_wp_rev_ctl_limit":""},"categories":[228],"tags":[6480,461,462,464,465,466,467,468],"class_list":["post-9190","post","type-post","status-publish","format-standard","has-post-thumbnail","hentry","category-noticias","tag-dicas-de-edital","tag-editais","tag-editais-2014","tag-editais-para-concurso","tag-edital","tag-edital-2014","tag-edital-para-concurso","tag-lista-edital"],"acf":[],"_links":{"self":[{"href":"https:\/\/www.novaconcursos.com.br\/portal\/wp-json\/wp\/v2\/posts\/9190","targetHints":{"allow":["GET"]}}],"collection":[{"href":"https:\/\/www.novaconcursos.com.br\/portal\/wp-json\/wp\/v2\/posts"}],"about":[{"href":"https:\/\/www.novaconcursos.com.br\/portal\/wp-json\/wp\/v2\/types\/post"}],"author":[{"embeddable":true,"href":"https:\/\/www.novaconcursos.com.br\/portal\/wp-json\/wp\/v2\/users\/16"}],"replies":[{"embeddable":true,"href":"https:\/\/www.novaconcursos.com.br\/portal\/wp-json\/wp\/v2\/comments?post=9190"}],"version-history":[{"count":7,"href":"https:\/\/www.novaconcursos.com.br\/portal\/wp-json\/wp\/v2\/posts\/9190\/revisions"}],"predecessor-version":[{"id":280382,"href":"https:\/\/www.novaconcursos.com.br\/portal\/wp-json\/wp\/v2\/posts\/9190\/revisions\/280382"}],"wp:featuredmedia":[{"embeddable":true,"href":"https:\/\/www.novaconcursos.com.br\/portal\/wp-json\/wp\/v2\/media\/6311"}],"wp:attachment":[{"href":"https:\/\/www.novaconcursos.com.br\/portal\/wp-json\/wp\/v2\/media?parent=9190"}],"wp:term":[{"taxonomy":"category","embeddable":true,"href":"https:\/\/www.novaconcursos.com.br\/portal\/wp-json\/wp\/v2\/categories?post=9190"},{"taxonomy":"post_tag","embeddable":true,"href":"https:\/\/www.novaconcursos.com.br\/portal\/wp-json\/wp\/v2\/tags?post=9190"}],"curies":[{"name":"wp","href":"https:\/\/api.w.org\/{rel}","templated":true}]}}