{"id":92301,"date":"2019-09-27T08:59:41","date_gmt":"2019-09-27T11:59:41","guid":{"rendered":"https:\/\/www.novaconcursos.com.br\/portal\/?p=92301"},"modified":"2019-09-27T09:13:50","modified_gmt":"2019-09-27T12:13:50","slug":"concurso-ibge-apos-nova-retificacao-2-658-vagas-sao-para-nivel-medio","status":"publish","type":"post","link":"https:\/\/www.novaconcursos.com.br\/portal\/noticias\/concurso-ibge-apos-nova-retificacao-2-658-vagas-sao-para-nivel-medio\/","title":{"rendered":"Concurso IBGE: Ap\u00f3s nova retifica\u00e7\u00e3o, 2.658 vagas s\u00e3o para n\u00edvel m\u00e9dio!"},"content":{"rendered":"<p>Ap\u00f3s divulgar uma retifica\u00e7\u00e3o alterando o n\u00edvel de escolaridade, <strong>dire\u00e7\u00e3o do IBGE reconhece erro em requisito e retifica novamente o documento<\/strong> do <a rel=\"noreferrer noopener\" aria-label=\"concurso (abre numa nova aba)\" href=\"https:\/\/www.novaconcursos.com.br\" target=\"_blank\">concurso<\/a> <strong>IBGE<\/strong> (<a href=\"https:\/\/www.novaconcursos.com.br\/concurso\/ibge-fundacao-instituto-brasileiro-de-geografia-e-estatistica\/curso-online\" target=\"_blank\" rel=\"noreferrer noopener\" aria-label=\"Instituto Brasileiro de Geografia e Estat\u00edstica (abre numa nova aba)\">Instituto Brasileiro de Geografia e Estat\u00edstica<\/a>), <strong>que ter\u00e1 vagas somente para n\u00edvel m\u00e9dio!<\/strong><br><\/p>\n\n\n\n<p><a href=\"https:\/\/www.novaconcursos.com.br\/portal\/concursos\/concurso-ibge\/\">\u21d2 Confira todas as informa\u00e7\u00f5es na p\u00e1gina do concurso!<\/a><\/p>\n\n\n\n<h2 class=\"wp-block-heading\" id=\"retificao-do-edital-do-concurso-ibge\">Retifica\u00e7\u00e3o do edital do concurso IBGE<br><\/h2>\n\n\n\n<p>Ap\u00f3s a divulga\u00e7\u00e3o do edital do concurso IBGE, <strong>o documento j\u00e1 passa pela segunda retifica\u00e7\u00e3o<\/strong>. O certame oferta 2.658 vagas de n\u00edvel m\u00e9dio, o Instituto Brasileiro de Geografia e Estat\u00edstica alterou o requisito do cargo de Coordenador Censit\u00e1rio de Sub\u00e1rea de n\u00edvel m\u00e9dio para n\u00edvel superior. <strong>Por\u00e9m, no dia 26 de setembro, a Dire\u00e7\u00e3o do instituto reconheceu o erro e voltou atr\u00e1s<\/strong>.<br><\/p>\n\n\n\n<p>Dessa maneira, <strong>todas as 2.658 vagas oferecidas no certame passam a ter apenas o n\u00edvel m\u00e9dio como exig\u00eancia<\/strong>. Em nota, o IBGE informou que:<br><\/p>\n\n\n\n<p><em>\u201cA Dire\u00e7\u00e3o da institui\u00e7\u00e3o, em consulta direta com representantes da Unidades Estatuais, reconheceu que o mais adequado para a execu\u00e7\u00e3o do Plano de Trabalho do Censo 2020 \u00e9 mantes a fun\u00e7\u00e3o de Coordenador Censit\u00e1rio Sub\u00e1rea (CCS) com forma\u00e7\u00e3o de ensino m\u00e9dio completo\u201d<\/em>, <strong>relatou o instituto<\/strong>.<br><\/p>\n\n\n\n<p>Sendo assim, <strong>o interessado em concorrer \u00e0s 1.343 vagas para a carreira de Coordenador Censit\u00e1rio Sub\u00e1rea, al\u00e9m do n\u00edvel m\u00e9dio, tamb\u00e9m dever\u00e1 ter Carteira Nacional de Habilita\u00e7\u00e3o (CNH) na categoria B ou superior<\/strong>. As outras 1.315 oportunidades s\u00e3o para o cargo de Agente Censit\u00e1rio Operacional, com exig\u00eancia de n\u00edvel m\u00e9dio como requisito.<br><\/p>\n\n\n\n<div class=\"wp-block-image\"><figure class=\"aligncenter is-resized\"><img decoding=\"async\" src=\"https:\/\/www.novaconcursos.com.br\/portal\/wp-content\/uploads\/2019\/09\/IBGE-1024x683.jpg\" alt=\"\" class=\"wp-image-90691\" width=\"794\" height=\"529\" loading=\"lazy\" title=\"\" srcset=\"https:\/\/www.novaconcursos.com.br\/portal\/wp-content\/uploads\/2019\/09\/IBGE-300x200.jpg 300w, https:\/\/www.novaconcursos.com.br\/portal\/wp-content\/uploads\/2019\/09\/IBGE-1024x683.jpg 1024w\" sizes=\"auto, (max-width: 480px) 100vw, (max-width: 768px) 100vw, (max-width: 1200px) 70vw, 768px\"><\/figure><\/div>\n\n\n\n<p><strong>As inscri\u00e7\u00f5es do concurso IBGE j\u00e1 est\u00e3o abertas e podem ser feitas at\u00e9 o dia 15 de outubro de 2019<\/strong>, atrav\u00e9s do site da banca organizadora, <a href=\"https:\/\/fgvprojetos.fgv.br\/concursos\/ibgepss2019\" target=\"_blank\" rel=\"noreferrer noopener\" aria-label=\"Funda\u00e7\u00e3o Get\u00falio Vargas (abre numa nova aba)\">Funda\u00e7\u00e3o Get\u00falio Vargas<\/a>.<br><\/p>\n\n\n\n<p><strong>Os candidatos selecionados ir\u00e3o ser contratados por 1 (um) ano, podendo o contrato ser prorrogado por mais 1 (um) ano<\/strong>. Os coordenadores atuar\u00e3o em v\u00e1rios munic\u00edpios brasileiros, enquanto as vagas de agente est\u00e3o divididas por todas as capitais brasileiras.<\/p>\n\n\n\n<h2 class=\"wp-block-heading\" id=\"provas-do-concurso-ibge\">Provas do concurso IBGE<br><\/h2>\n\n\n\n<p><strong>As avalia\u00e7\u00f5es do concurso IBGE 2019, para 2.658 vagas tempor\u00e1rias, ser\u00e3o aplicadas no dia 08 de dezembro de 2019<\/strong>, no turno da tarde, com in\u00edcio \u00e0s <strong>13 horas<\/strong> e t\u00e9rmino \u00e0s <strong>17 horas<\/strong>. As provas ir\u00e3o ocorrer em todos os estados e diversos munic\u00edpios.<br><\/p>\n\n\n\n<p><strong>A prova objetiva ser\u00e1 composta por 60 quest\u00f5es, para o cargo de Agente Censit\u00e1rio ser\u00e1 englobado as disciplinas de<\/strong> L\u00edngua Portuguesa (15 quest\u00f5es), Racioc\u00ednio L\u00f3gico Quantitativo (10 quest\u00f5es), \u00c9tica no Servi\u00e7o P\u00fablico (05 quest\u00f5es), No\u00e7\u00f5es de Administra\u00e7\u00e3o (15 quest\u00f5es) e Inform\u00e1tica (15 quest\u00f5es).<br><\/p>\n\n\n\n<p><strong>J\u00e1 para a carreira de Coordenador Censit\u00e1rio, as mat\u00e9rias cobradas s\u00e3o de<\/strong> L\u00edngua Portuguesa (15 quest\u00f5es), Racioc\u00ednio L\u00f3gico Quantitativo (10 quest\u00f5es), \u00c9tica no Servi\u00e7o P\u00fablico (05 quest\u00f5es), No\u00e7\u00f5es de Administra\u00e7\u00e3o e Situa\u00e7\u00f5es Gerenciais (30 quest\u00f5es).<br><\/p>\n\n\n\n<p><strong>O candidato para ser aprovado no concurso IBGE, <\/strong>ser\u00e1 preciso alcan\u00e7ar no m\u00ednimo<strong> 30% dos pontos da prova objetiva<\/strong>. Al\u00e9m disso, os candidatos <strong>n\u00e3o poder\u00e3o obter nota igual a zero em nenhuma das disciplinas<\/strong>, acertando pelo menos uma quest\u00e3o de cada m\u00f3dulo.<br><\/p>\n\n\n\n<p><strong>O resultado final do certame est\u00e1 previsto para ser publicado no dia 10 de janeiro de 2020<\/strong>. O prazo de validade do concurso IBGE 2019 ser\u00e1 de um ano, contado a partir da data de homologa\u00e7\u00e3o do resultado final, podendo ser prorrogado por igual per\u00edodo.<\/p>\n\n\n\n<p style=\"text-align:center\"> <a href=\"https:\/\/www.novaconcursos.com.br\/concurso\/ibge-fundacao-instituto-brasileiro-de-geografia-e-estatistica\/curso-online\" target=\"_blank\" rel=\"noreferrer noopener\" aria-label=\"\u00bb Prepare-se para o concurso IBGE + B\u00d4NUS (GR\u00c1TIS) \u00ab  (abre numa nova aba)\">\u00bb Prepare-se para o concurso IBGE + B\u00d4NUS (GR\u00c1TIS) \u00ab <\/a><\/p>","protected":false},"excerpt":{"rendered":"<p>Ap\u00f3s divulgar uma retifica\u00e7\u00e3o alterando o n\u00edvel de escolaridade, dire\u00e7\u00e3o do IBGE reconhece erro em requisito e retifica novamente o documento do concurso IBGE (Instituto Brasileiro de Geografia e Estat\u00edstica), que ter\u00e1 vagas somente para n\u00edvel m\u00e9dio! \u21d2 Confira todas as informa\u00e7\u00f5es na p\u00e1gina do concurso! Retifica\u00e7\u00e3o do edital do concurso IBGE Ap\u00f3s a divulga\u00e7\u00e3o [&hellip;]<\/p>\n","protected":false},"author":16,"featured_media":92116,"comment_status":"closed","ping_status":"closed","sticky":false,"template":"","format":"standard","meta":{"_acf_changed":false,"footnotes":"","_wp_rev_ctl_limit":""},"categories":[228],"tags":[],"class_list":["post-92301","post","type-post","status-publish","format-standard","has-post-thumbnail","hentry","category-noticias"],"acf":[],"_links":{"self":[{"href":"https:\/\/www.novaconcursos.com.br\/portal\/wp-json\/wp\/v2\/posts\/92301","targetHints":{"allow":["GET"]}}],"collection":[{"href":"https:\/\/www.novaconcursos.com.br\/portal\/wp-json\/wp\/v2\/posts"}],"about":[{"href":"https:\/\/www.novaconcursos.com.br\/portal\/wp-json\/wp\/v2\/types\/post"}],"author":[{"embeddable":true,"href":"https:\/\/www.novaconcursos.com.br\/portal\/wp-json\/wp\/v2\/users\/16"}],"replies":[{"embeddable":true,"href":"https:\/\/www.novaconcursos.com.br\/portal\/wp-json\/wp\/v2\/comments?post=92301"}],"version-history":[{"count":3,"href":"https:\/\/www.novaconcursos.com.br\/portal\/wp-json\/wp\/v2\/posts\/92301\/revisions"}],"predecessor-version":[{"id":298848,"href":"https:\/\/www.novaconcursos.com.br\/portal\/wp-json\/wp\/v2\/posts\/92301\/revisions\/298848"}],"wp:featuredmedia":[{"embeddable":true,"href":"https:\/\/www.novaconcursos.com.br\/portal\/wp-json\/wp\/v2\/media\/92116"}],"wp:attachment":[{"href":"https:\/\/www.novaconcursos.com.br\/portal\/wp-json\/wp\/v2\/media?parent=92301"}],"wp:term":[{"taxonomy":"category","embeddable":true,"href":"https:\/\/www.novaconcursos.com.br\/portal\/wp-json\/wp\/v2\/categories?post=92301"},{"taxonomy":"post_tag","embeddable":true,"href":"https:\/\/www.novaconcursos.com.br\/portal\/wp-json\/wp\/v2\/tags?post=92301"}],"curies":[{"name":"wp","href":"https:\/\/api.w.org\/{rel}","templated":true}]}}