{"id":92441,"date":"2019-09-30T11:38:04","date_gmt":"2019-09-30T14:38:04","guid":{"rendered":"https:\/\/www.novaconcursos.com.br\/portal\/?p=92441"},"modified":"2019-09-30T11:44:11","modified_gmt":"2019-09-30T14:44:11","slug":"concurso-crefito-mg-extrato-de-contrato-da-banca-e-divulgado","status":"publish","type":"post","link":"https:\/\/www.novaconcursos.com.br\/portal\/noticias\/concurso-crefito-mg-extrato-de-contrato-da-banca-e-divulgado\/","title":{"rendered":"Concurso Crefito MG: Extrato de contrato da banca \u00e9 divulgado!"},"content":{"rendered":"<p>Nesta \u00faltima segunda-feira (30), foi <strong>publicado<\/strong> no Di\u00e1rio Oficial da Uni\u00e3o o <strong>extrato da contrata\u00e7\u00e3o do Instituto Quadrix<\/strong>, como banca organizadora do <a href=\"https:\/\/www.novaconcursos.com.br\/\" target=\"_blank\" rel=\"noreferrer noopener\" aria-label=\"Concurso (abre numa nova aba)\">Concurso<\/a> Crefito 4<sup>a<\/sup> Regi\u00e3o MG (Conselho Regional de Fisioterapia e Terapia Ocupacional).<\/p>\n\n\n\n<p><a href=\"https:\/\/www.novaconcursos.com.br\/portal\/concursos\/concurso-crefito-4a-regiao-mg\/\" target=\"_blank\" rel=\"noreferrer noopener\" aria-label=\"\u21d2 Confira todas as informa\u00e7\u00f5es na p\u00e1gina do concurso! (abre numa nova aba)\">\u21d2 Confira todas as informa\u00e7\u00f5es na p\u00e1gina do concurso!<\/a><\/p>\n\n\n\n<p>O <strong>documento<\/strong> foi assinado no dia 24 de setembro, a dura\u00e7\u00e3o do <strong>contrato ser\u00e1 de 12 meses.<\/strong> O <strong>edital<\/strong> do certame dever\u00e1 <strong>ser publicado em breve<\/strong>, pois todos os <strong>processos burocr\u00e1ticos e contratuais j\u00e1 foram finalizados. <\/strong><\/p>\n\n\n\n<div class=\"wp-block-image\"><figure class=\"aligncenter is-resized\"><img decoding=\"async\" src=\"https:\/\/www.novaconcursos.com.br\/portal\/wp-content\/uploads\/2019\/09\/09.png\" alt=\"\" class=\"wp-image-92459\" width=\"744\" height=\"236\" loading=\"lazy\" title=\"\" srcset=\"https:\/\/www.novaconcursos.com.br\/portal\/wp-content\/uploads\/2019\/09\/09-300x95.png 300w, https:\/\/www.novaconcursos.com.br\/portal\/wp-content\/uploads\/2019\/09\/09.png 690w\" sizes=\"auto, (max-width: 480px) 100vw, (max-width: 768px) 100vw, (max-width: 1200px) 70vw, 768px\"><\/figure><\/div>\n\n\n\n<p>A <strong>banca ficar\u00e1 respons\u00e1vel <\/strong>em concluir os<strong> \u00faltimos ajustes do edital,<\/strong> como a elabora\u00e7\u00e3o do cronograma e aplicar todas as etapas do certame.<\/p>\n\n\n\n<h2 class=\"wp-block-heading\" id=\"ltimo-concurso-crefito-mg\">\u00daltimo\nconcurso Crefito MG<\/h2>\n\n\n\n<p>O \u00faltimo certame, <strong>ocorreu em 2016.<\/strong> Na \u00e9poca, foram ofertadas <strong>25 vagas<\/strong> para preenchimento imediato para <strong>n\u00edveis fundamental, m\u00e9dio e superior<\/strong>. A <strong>banca organizadora<\/strong> foi a<strong> Oppus<\/strong>. As oportunidades foram <strong>nas seguintes carreiras:<\/strong><\/p>\n\n\n\n<ul class=\"wp-block-list\"><li>Agente Administrativo;<\/li><li>Auxiliar Administrativo;<\/li><li>Motorista;<\/li><li>T\u00e9cnico de Arquivo.<\/li><\/ul><div class=\"wp-block-image\"><figure class=\"aligncenter is-resized\"><img decoding=\"async\" src=\"https:\/\/www.novaconcursos.com.br\/portal\/wp-content\/uploads\/2019\/09\/CREFITO-4-MG-1024x682.jpg\" alt=\"\" class=\"wp-image-91791\" width=\"722\" height=\"480\" loading=\"lazy\" title=\"\" srcset=\"https:\/\/www.novaconcursos.com.br\/portal\/wp-content\/uploads\/2019\/09\/CREFITO-4-MG-300x200.jpg 300w, https:\/\/www.novaconcursos.com.br\/portal\/wp-content\/uploads\/2019\/09\/CREFITO-4-MG-1024x682.jpg 1024w, https:\/\/www.novaconcursos.com.br\/portal\/wp-content\/uploads\/2019\/09\/CREFITO-4-MG.jpg 1280w\" sizes=\"auto, (max-width: 480px) 100vw, (max-width: 768px) 100vw, (max-width: 1200px) 70vw, 768px\"><\/figure><\/div>\n\n\n\n<p>Os<strong> sal\u00e1rios <\/strong>ofertados neste per\u00edodo, <strong>variavam entre R$ 880,00 a R$ 5.354,54,<\/strong> mais aux\u00edlio-refei\u00e7\u00e3o de R$ 660,00. As <strong>lota\u00e7\u00f5es<\/strong> para os cargos, foram <strong>destinadas<\/strong> para Belo Horizonte, Governador Valadares, Juiz de Fora, Montes Claros, Pouso Alegre e Uberl\u00e2ndia.<\/p>\n\n\n\n<p>Todos candidatos foram <strong>submetidos a provas objetivas<\/strong>, sendo cobrado as <strong>disciplinas<\/strong> de L\u00edngua Portuguesa e Conhecimentos Gerais, comuns a todas as carreiras. Alguns cargos tiveram que realizar uma <strong>quest\u00e3o discursiva.<\/strong><\/p>\n\n\n\n<h2 class=\"wp-block-heading\" id=\"outros-concursos-confirmados-pelo-rgo\">Outros\nconcursos confirmados pelo \u00f3rg\u00e3o<\/h2>\n\n\n\n<p>O concurso <strong>Crefito 3\u00ba Regi\u00e3o<\/strong>, com sede em S\u00e3o Paulo, tamb\u00e9m j\u00e1 <strong>est\u00e1 confirmado,<\/strong> tendo como banca organizadora a <strong>Funda\u00e7\u00e3o Vunesp<\/strong>. A <strong>previs\u00e3o <\/strong>\u00e9 que o certame ofere\u00e7a vagas para Agentes Fiscais, por\u00e9m essa carreira n\u00e3o consta no quadro de pessoal da corpora\u00e7\u00e3o. No entanto, o cargo de <strong>Fiscal est\u00e1 presente no \u00f3rg\u00e3o<\/strong>, com um sal\u00e1rio de<strong> R$ 5.599,80.<\/strong><\/p>\n\n\n\n<p>Outra institui\u00e7\u00e3o que est\u00e1 com o<strong> processo de sele\u00e7\u00e3o confirmado<\/strong> \u00e9 o <strong>Crefito da 11\u00ba Regi\u00e3o<\/strong>, com sede no Distrito Federal e Goi\u00e1s. O<strong> processo de defini\u00e7\u00e3o da banca organizadora<\/strong> j\u00e1 foi iniciado, as empresas interessadas em participar devem enviar suas propostas, que ser\u00e3o abertas no dia<strong> 09 de outubro, a partir das 14h.<\/strong><\/p>","protected":false},"excerpt":{"rendered":"<p>Nesta \u00faltima segunda-feira (30), foi publicado no Di\u00e1rio Oficial da Uni\u00e3o o extrato da contrata\u00e7\u00e3o do Instituto Quadrix, como banca organizadora do Concurso Crefito 4a Regi\u00e3o MG (Conselho Regional de Fisioterapia e Terapia Ocupacional). \u21d2 Confira todas as informa\u00e7\u00f5es na p\u00e1gina do concurso! O documento foi assinado no dia 24 de setembro, a dura\u00e7\u00e3o do [&hellip;]<\/p>\n","protected":false},"author":16,"featured_media":92449,"comment_status":"closed","ping_status":"closed","sticky":false,"template":"","format":"standard","meta":{"_acf_changed":false,"footnotes":"","_wp_rev_ctl_limit":""},"categories":[228],"tags":[],"class_list":["post-92441","post","type-post","status-publish","format-standard","has-post-thumbnail","hentry","category-noticias"],"acf":[],"_links":{"self":[{"href":"https:\/\/www.novaconcursos.com.br\/portal\/wp-json\/wp\/v2\/posts\/92441","targetHints":{"allow":["GET"]}}],"collection":[{"href":"https:\/\/www.novaconcursos.com.br\/portal\/wp-json\/wp\/v2\/posts"}],"about":[{"href":"https:\/\/www.novaconcursos.com.br\/portal\/wp-json\/wp\/v2\/types\/post"}],"author":[{"embeddable":true,"href":"https:\/\/www.novaconcursos.com.br\/portal\/wp-json\/wp\/v2\/users\/16"}],"replies":[{"embeddable":true,"href":"https:\/\/www.novaconcursos.com.br\/portal\/wp-json\/wp\/v2\/comments?post=92441"}],"version-history":[{"count":6,"href":"https:\/\/www.novaconcursos.com.br\/portal\/wp-json\/wp\/v2\/posts\/92441\/revisions"}],"predecessor-version":[{"id":92461,"href":"https:\/\/www.novaconcursos.com.br\/portal\/wp-json\/wp\/v2\/posts\/92441\/revisions\/92461"}],"wp:featuredmedia":[{"embeddable":true,"href":"https:\/\/www.novaconcursos.com.br\/portal\/wp-json\/wp\/v2\/media\/92449"}],"wp:attachment":[{"href":"https:\/\/www.novaconcursos.com.br\/portal\/wp-json\/wp\/v2\/media?parent=92441"}],"wp:term":[{"taxonomy":"category","embeddable":true,"href":"https:\/\/www.novaconcursos.com.br\/portal\/wp-json\/wp\/v2\/categories?post=92441"},{"taxonomy":"post_tag","embeddable":true,"href":"https:\/\/www.novaconcursos.com.br\/portal\/wp-json\/wp\/v2\/tags?post=92441"}],"curies":[{"name":"wp","href":"https:\/\/api.w.org\/{rel}","templated":true}]}}