{"id":92611,"date":"2019-10-01T12:55:30","date_gmt":"2019-10-01T15:55:30","guid":{"rendered":"https:\/\/www.novaconcursos.com.br\/portal\/?p=92611"},"modified":"2019-10-01T15:31:25","modified_gmt":"2019-10-01T18:31:25","slug":"concurso-mp-rj-retificacao-no-edital-altera-conteudo-programatico","status":"publish","type":"post","link":"https:\/\/www.novaconcursos.com.br\/portal\/noticias\/concurso-mp-rj-retificacao-no-edital-altera-conteudo-programatico\/","title":{"rendered":"Concurso MP RJ: Retifica\u00e7\u00e3o no edital altera conte\u00fado program\u00e1tico!"},"content":{"rendered":"<p>Nesta \u00faltima ter\u00e7a-feira (01), foi<strong> publicada<\/strong> uma<strong> retifica\u00e7\u00e3o que altera as No\u00e7\u00f5es de Direito Administrativo e Constitucional<\/strong> de alguns cargos no edital do <a href=\"https:\/\/www.novaconcursos.com.br\/\" target=\"_blank\" rel=\"noreferrer noopener\" aria-label=\"Concurso (abre numa nova aba)\">Concurso<\/a> MP RJ <a rel=\"noreferrer noopener\" aria-label=\"(Minist\u00e9rio P\u00fablico do Estado do Rio de Janeiro) (abre numa nova aba)\" href=\"https:\/\/www.novaconcursos.com.br\/concurso\/mp-rj-ministerio-publico-do-estado-do-rio-de-janeiro\/curso-online\" target=\"_blank\">(Minist\u00e9rio P\u00fablico do Estado do Rio de Janeiro)<\/a>. O certame oferta <strong>18 vagas<\/strong>, nos <strong>n\u00edveis m\u00e9dio e superior<\/strong>, com sal\u00e1rios de at\u00e9 <strong>R$ 7,1 mil.<\/strong><\/p>\n\n\n\n<p><a href=\"https:\/\/www.novaconcursos.com.br\/portal\/concursos\/concurso-mp-rj\/\" target=\"_blank\" rel=\"noreferrer noopener\" aria-label=\"\u21d2 Confira todas as informa\u00e7\u00f5es na p\u00e1gina do concurso! (abre numa nova aba)\">\u21d2 Confira todas as informa\u00e7\u00f5es na p\u00e1gina do concurso!<\/a><\/p>\n\n\n\n<p>Segundo a <a href=\"https:\/\/www.novaconcursos.com.br\/portal\/wp-content\/uploads\/2019\/10\/1a_retificacao_-_Edital_MPRJ.pdf\" target=\"_blank\" rel=\"noreferrer noopener\" aria-label=\"retifica\u00e7\u00e3o (abre numa nova aba)\">retifica\u00e7\u00e3o<\/a>, <strong>foram modificadas<\/strong> as <strong>No\u00e7\u00f5es de Direito Administrativo e Constitucional <\/strong>das \u00c1reas Administrativa e Processual, no qual foi inclu\u00edda a <strong>Lei n\u00ba 12.288\/2010,<\/strong> que se relaciona ao <strong>Estatuto da Igualdade Racial. <\/strong><\/p>\n\n\n\n<p>A<strong> Lei tem a fun\u00e7\u00e3o<\/strong> de <strong>assegurar \u00e0 popula\u00e7\u00e3o negra <\/strong>a efetiva\u00e7\u00e3o da igualdade de oportunidades, a defesa dos direitos \u00e9tnicos individuais, coletivos e difusos e o combate \u00e0 discrimina\u00e7\u00e3o e \u00e0s demais formas de intoler\u00e2ncia \u00e9tnica.<\/p>\n\n\n\n<h2 class=\"wp-block-heading\" id=\"inscries-no-concurso-mp-rj\">Inscri\u00e7\u00f5es no\nconcurso MP RJ<\/h2>\n\n\n\n<p>As <strong>inscri\u00e7\u00f5es<\/strong> ainda est\u00e3o <strong>abertas<\/strong> das<strong> 14h do dia 16 de setembro at\u00e9 \u00e0s 16h do dia 24 de outubro de 2019.<\/strong><\/p>\n\n\n\n<p>Os<strong> interessados<\/strong> devem<strong> acessar<\/strong> o site da banca organizadora, <a href=\"https:\/\/fgvprojetos.fgv.br\/concursos\/mprj2019\" target=\"_blank\" rel=\"noreferrer noopener\" aria-label=\"Funda\u00e7\u00e3o Get\u00falio Vagas (FGV). (abre numa nova aba)\">Funda\u00e7\u00e3o Get\u00falio Vagas (FGV).<\/a><\/p>\n\n\n\n<p>A <strong>taxa de inscri\u00e7\u00e3o<\/strong> varia entre os seguintes valores:<\/p>\n\n\n\n<ul class=\"wp-block-list\"><li><strong>N\u00edvel m\u00e9dio:<\/strong> R$ 95,00;<\/li><li><strong>N\u00edvel superior<\/strong>: R$ 120,00.<\/li><\/ul><p>O <strong>pagamento do boleto<\/strong> dever\u00e1 ser efetuado at\u00e9 o dia<strong> 25 de outubro de 2019.<\/strong><\/p>\n\n\n\n<div class=\"wp-block-image\"><figure class=\"aligncenter is-resized\"><img decoding=\"async\" src=\"https:\/\/www.novaconcursos.com.br\/portal\/wp-content\/uploads\/2015\/12\/MP-RJ-4-1024x679.jpg\" alt=\"Nova-MPRJ\" class=\"wp-image-87061\" width=\"720\" height=\"477\" loading=\"lazy\" title=\"\" srcset=\"https:\/\/www.novaconcursos.com.br\/portal\/wp-content\/uploads\/2015\/12\/MP-RJ-4-300x199.jpg 300w, https:\/\/www.novaconcursos.com.br\/portal\/wp-content\/uploads\/2015\/12\/MP-RJ-4-1024x679.jpg 1024w, https:\/\/www.novaconcursos.com.br\/portal\/wp-content\/uploads\/2015\/12\/MP-RJ-4.jpg 1920w\" sizes=\"auto, (max-width: 480px) 100vw, (max-width: 768px) 100vw, (max-width: 1200px) 70vw, 768px\"><\/figure><\/div>\n\n\n\n<h2 class=\"wp-block-heading\" id=\"vagas-ofertadas-no-concurso-mp-rj\">Vagas\nofertadas no concurso MP RJ<\/h2>\n\n\n\n<p>O certame oferta <strong>18 vagas<\/strong> para <strong>n\u00edveis m\u00e9dio e superior<\/strong>. As oportunidades s\u00e3o nas seguintes carreiras:<\/p>\n\n\n\n<ul class=\"wp-block-list\"><li><strong>N\u00edvel m\u00e9dio:<\/strong> T\u00e9cnico do Minist\u00e9rio P\u00fablico\/Administrativa (06) e Oficial do Minist\u00e9rio P\u00fablico (01);<\/li><li><strong>N\u00edvel superior: <\/strong>Analista do Minist\u00e9rio P\u00fablico\/Administrativa (03) e Analista do Minist\u00e9rio P\u00fablico\/Processual (08).<\/li><\/ul><p>Os <strong>sal\u00e1rios <\/strong>variam entre <strong>R$ 4.382,84 e R$ 7.139,16<\/strong>. Al\u00e9m disso, os <strong>servidores<\/strong> ter\u00e3o acesso ao aux\u00edlio transporte, aux\u00edlio-sa\u00fade, este por sistema de reembolso, assim como o aux\u00edlio-educa\u00e7\u00e3o, podendo contemplar at\u00e9 3 dependentes.<\/p>\n\n\n\n<p>H\u00e1 tamb\u00e9m os <strong>Adicionais de Qualifica\u00e7\u00e3o<\/strong>, que elevam a remunera\u00e7\u00e3o de acordo com o <strong>n\u00edvel de escolaridade <\/strong>dos candidatos. Os valores atuais s\u00e3o:<\/p>\n\n\n\n<ul class=\"wp-block-list\"><li>R$ 125,00 para candidato que ocupa cargo de n\u00edvel superior;<\/li><li>R$ 210,00 para candidato que tem especializa\u00e7\u00e3o;<\/li><li>R$ 420,00 para candidato que possui Mestrado;<\/li><li>R$ 840,00 para candidato que possui Doutorado.<\/li><\/ul><h2 class=\"wp-block-heading\" id=\"formas-de-avaliao-do-concurso-mp-rj\">Formas de\navalia\u00e7\u00e3o do concurso MP RJ<\/h2>\n\n\n\n<p>Todos os candidatos ser\u00e3o <strong>submetidos a provas objetivas<\/strong>, previstas para o dia <strong>24 de novembro de 2019<\/strong>, nos seguintes hor\u00e1rios:<\/p>\n\n\n\n<ul class=\"wp-block-list\"><li><strong>24 de novembro \u2013 <\/strong>Analistas do Minist\u00e9rio P\u00fablico\/Processual e Analista do Minist\u00e9rio P\u00fablico\/Administrativa, com in\u00edcio <strong>\u00e0s 8h e t\u00e9rmino \u00e0s 13h;<\/strong><\/li><li><strong>24 de novembro \u2013<\/strong> T\u00e9cnico do Minist\u00e9rio P\u00fablico\/Administrativa e Oficial do Minist\u00e9rio P\u00fablico, com in\u00edcio <strong>\u00e0s 15h e t\u00e9rmino \u00e0s 19h.<\/strong><\/li><\/ul><p>Os <strong>locais de provas<\/strong> ser\u00e3o informados pela banca organizadora, FGV.<\/p>\n\n\n\n<div class=\"wp-block-image\"><figure class=\"aligncenter is-resized\"><img decoding=\"async\" src=\"https:\/\/www.novaconcursos.com.br\/portal\/wp-content\/uploads\/2019\/07\/MP-RJ-1-1024x679.jpg\" alt=\"Nova-MPRJ\" class=\"wp-image-87054\" width=\"731\" height=\"484\" loading=\"lazy\" title=\"\" srcset=\"https:\/\/www.novaconcursos.com.br\/portal\/wp-content\/uploads\/2019\/07\/MP-RJ-1-300x199.jpg 300w, https:\/\/www.novaconcursos.com.br\/portal\/wp-content\/uploads\/2019\/07\/MP-RJ-1-1024x679.jpg 1024w\" sizes=\"auto, (max-width: 480px) 100vw, (max-width: 768px) 100vw, (max-width: 1200px) 70vw, 768px\"><\/figure><\/div>\n\n\n\n<p>As <strong>provas<\/strong> para os cargos<strong> <\/strong>de <strong>Analista do Minist\u00e9rio P\u00fablico\/Administrativa<\/strong> e <strong>Analista do Minist\u00e9rio P\u00fablico\/Processual <\/strong>ser\u00e3o constitu\u00eddas por <strong>100 quest\u00f5es<\/strong>. J\u00e1 os cargos de <strong>T\u00e9cnico do Minist\u00e9rio P\u00fablico\/Administrativa<\/strong> e<strong> Oficial do Minist\u00e9rio P\u00fablico<\/strong>, as avalia\u00e7\u00f5es ser\u00e3o compostas por <strong>80 quest\u00f5es.<\/strong><\/p>\n\n\n\n<p>O<strong> conte\u00fado program\u00e1tico<\/strong> se estrutura da seguinte forma:<\/p>\n\n\n\n<h3 class=\"wp-block-heading\">T\u00e9cnico do Minist\u00e9rio\nP\u00fablico\/Administrativa<\/h3>\n\n\n\n<h4 class=\"wp-block-heading\">Grupo l<\/h4>\n\n\n\n<ul class=\"wp-block-list\"><li>30 quest\u00f5es de L\u00edngua Portuguesa;<\/li><li>10 quest\u00f5es de Racioc\u00ednio L\u00f3gico Matem\u00e1tico.<\/li><\/ul><h4 class=\"wp-block-heading\">Grupo ll<\/h4>\n\n\n\n<ul class=\"wp-block-list\"><li>10 quest\u00f5es de Organiza\u00e7\u00e3o do Minist\u00e9rio P\u00fablico;<\/li><li>10 quest\u00f5es de No\u00e7\u00f5es de Inform\u00e1tica;<\/li><li>20 quest\u00f5es de No\u00e7\u00f5es de Direito Administrativo e Constitucional.<\/li><\/ul><h3 class=\"wp-block-heading\">Oficial do Minist\u00e9rio\nP\u00fablico<\/h3>\n\n\n\n<h4 class=\"wp-block-heading\">Grupo l<\/h4>\n\n\n\n<ul class=\"wp-block-list\"><li>30 quest\u00f5es de L\u00edngua Portuguesa;<\/li><li>10 quest\u00f5es de Racioc\u00ednio L\u00f3gico Matem\u00e1tico.<\/li><\/ul><h4 class=\"wp-block-heading\">Grupo ll<\/h4>\n\n\n\n<ul class=\"wp-block-list\"><li>10 quest\u00f5es de Organiza\u00e7\u00e3o do Minist\u00e9rio P\u00fablico;<\/li><li>10 quest\u00f5es de No\u00e7\u00f5es de Direito Administrativo e Constitucional;<\/li><li>20 quest\u00f5es de No\u00e7\u00f5es de Direito Processual.<\/li><\/ul><h3 class=\"wp-block-heading\">Analista do Minist\u00e9rio\nP\u00fablico\/Administrativa<\/h3>\n\n\n\n<h4 class=\"wp-block-heading\">Grupo l<\/h4>\n\n\n\n<ul class=\"wp-block-list\"><li>30 quest\u00f5es de L\u00edngua Portuguesa;<\/li><li>10 quest\u00f5es de Racioc\u00ednio L\u00f3gico Matem\u00e1tico.<\/li><\/ul><h4 class=\"wp-block-heading\">Grupo ll<\/h4>\n\n\n\n<ul class=\"wp-block-list\"><li>10 quest\u00f5es de Organiza\u00e7\u00e3o do Minist\u00e9rio P\u00fablico;<\/li><li>10 quest\u00f5es de No\u00e7\u00f5es de Inform\u00e1tica;<\/li><li>15 quest\u00f5es de No\u00e7\u00f5es de Direito Administrativo e Constitucional;<\/li><li>25 quest\u00f5es de Administra\u00e7\u00e3o Geral, Administra\u00e7\u00e3o P\u00fablica e Contabilidade P\u00fablica;<\/li><\/ul><h3 class=\"wp-block-heading\">Analista do Minist\u00e9rio\nP\u00fablico\/Processual<\/h3>\n\n\n\n<h4 class=\"wp-block-heading\">Grupo l<\/h4>\n\n\n\n<ul class=\"wp-block-list\"><li>30 quest\u00f5es de L\u00edngua Portuguesa;<\/li><li>10 quest\u00f5es de Racioc\u00ednio L\u00f3gico Matem\u00e1tico.<\/li><\/ul><h4 class=\"wp-block-heading\">Grupo ll<\/h4>\n\n\n\n<ul class=\"wp-block-list\"><li>10 quest\u00f5es de Organiza\u00e7\u00e3o do Minist\u00e9rio P\u00fablico;<\/li><li>10 quest\u00f5es de Tutela Coletiva e Direito da Inf\u00e2ncia e Juventude;<\/li><li>10 quest\u00f5es de Direito Administrativo e Direito Constitucional;<\/li><li>15 quest\u00f5es de Direito Civil e Direito Processual Civil;<\/li><li>15 quest\u00f5es de Direito Penal e Direito Processual Penal.<\/li><\/ul><p>O certame ter\u00e1 <strong>validade de dois anos<\/strong> podendo ser prorrogado por igual per\u00edodo.<\/p>","protected":false},"excerpt":{"rendered":"<p>Nesta \u00faltima ter\u00e7a-feira (01), foi publicada uma retifica\u00e7\u00e3o que altera as No\u00e7\u00f5es de Direito Administrativo e Constitucional de alguns cargos no edital do Concurso MP RJ (Minist\u00e9rio P\u00fablico do Estado do Rio de Janeiro). O certame oferta 18 vagas, nos n\u00edveis m\u00e9dio e superior, com sal\u00e1rios de at\u00e9 R$ 7,1 mil. \u21d2 Confira todas as [&hellip;]<\/p>\n","protected":false},"author":16,"featured_media":91067,"comment_status":"closed","ping_status":"closed","sticky":false,"template":"","format":"standard","meta":{"_acf_changed":false,"footnotes":"","_wp_rev_ctl_limit":""},"categories":[228],"tags":[],"class_list":["post-92611","post","type-post","status-publish","format-standard","has-post-thumbnail","hentry","category-noticias"],"acf":[],"_links":{"self":[{"href":"https:\/\/www.novaconcursos.com.br\/portal\/wp-json\/wp\/v2\/posts\/92611","targetHints":{"allow":["GET"]}}],"collection":[{"href":"https:\/\/www.novaconcursos.com.br\/portal\/wp-json\/wp\/v2\/posts"}],"about":[{"href":"https:\/\/www.novaconcursos.com.br\/portal\/wp-json\/wp\/v2\/types\/post"}],"author":[{"embeddable":true,"href":"https:\/\/www.novaconcursos.com.br\/portal\/wp-json\/wp\/v2\/users\/16"}],"replies":[{"embeddable":true,"href":"https:\/\/www.novaconcursos.com.br\/portal\/wp-json\/wp\/v2\/comments?post=92611"}],"version-history":[{"count":9,"href":"https:\/\/www.novaconcursos.com.br\/portal\/wp-json\/wp\/v2\/posts\/92611\/revisions"}],"predecessor-version":[{"id":92621,"href":"https:\/\/www.novaconcursos.com.br\/portal\/wp-json\/wp\/v2\/posts\/92611\/revisions\/92621"}],"wp:featuredmedia":[{"embeddable":true,"href":"https:\/\/www.novaconcursos.com.br\/portal\/wp-json\/wp\/v2\/media\/91067"}],"wp:attachment":[{"href":"https:\/\/www.novaconcursos.com.br\/portal\/wp-json\/wp\/v2\/media?parent=92611"}],"wp:term":[{"taxonomy":"category","embeddable":true,"href":"https:\/\/www.novaconcursos.com.br\/portal\/wp-json\/wp\/v2\/categories?post=92611"},{"taxonomy":"post_tag","embeddable":true,"href":"https:\/\/www.novaconcursos.com.br\/portal\/wp-json\/wp\/v2\/tags?post=92611"}],"curies":[{"name":"wp","href":"https:\/\/api.w.org\/{rel}","templated":true}]}}