{"id":92634,"date":"2019-10-01T14:39:06","date_gmt":"2019-10-01T17:39:06","guid":{"rendered":"https:\/\/www.novaconcursos.com.br\/portal\/?post_type=nc-public-tender&#038;p=92634"},"modified":"2024-12-16T10:12:52","modified_gmt":"2024-12-16T13:12:52","slug":"concurso-camara-de-icara-sc","status":"publish","type":"post","link":"https:\/\/www.novaconcursos.com.br\/portal\/concursos\/concurso-camara-de-icara-sc\/","title":{"rendered":"Concurso C\u00e2mara de I\u00e7ara &#8211; SC"},"content":{"rendered":"<p>Saiu o edital do novo<strong> concurso da C\u00e2mara de I\u00e7ara<\/strong>, no estado de Santa Catarina! S\u00e3o <strong>4 vagas<\/strong> para cargos de <strong>n\u00edvel fundamental incompleto e superior<\/strong>, com sal\u00e1rios de at\u00e9 <strong>R$ 6,7 mil<\/strong>.<\/p>\n<h2 id=\"como-fazer-a-inscrio-no-concurso-cmara-de-iara-sc\">Como fazer a inscri\u00e7\u00e3o no concurso C\u00e2mara de I\u00e7ara \u2013 SC?<\/h2>\n<p>Os interessados dever\u00e3o acessar o site da banca organizadora, a Fepese Concursos, das <strong>12 horas dia 27 de setembro at\u00e9 \u00e0s 15 horas do dia 28 de outubro de 2019<\/strong> para realizar a inscri\u00e7\u00e3o. S\u00e3o dois endere\u00e7os: do <a href=\"http:\/\/camaraicara.fepese.org.br\/?go=edital&amp;mn=1151b3eab3b069d5112ccae1943307c4&amp;edital=1\" target=\"_blank\" rel=\"noopener noreferrer\">concurso p\u00fablico<\/a> e do <a href=\"http:\/\/camaraicara.fepese.org.br\/?go=edital&amp;mn=1151b3eab3b069d5112ccae1943307c4&amp;edital=2\" target=\"_blank\" rel=\"noopener noreferrer\">processo seletivo<\/a>. A taxa de inscri\u00e7\u00e3o tem o valor de R$ 110,00 para Analista Administrativo Financeiro e Contador Legislativo, e de R$ 50,00 para Auxiliar de Servi\u00e7os Gerais.<\/p>\n<h2 id=\"quem-pode-fazer-o-concurso-cmara-de-iara-sc\">Quem pode fazer o concurso C\u00e2mara de I\u00e7ara \u2013 SC?<\/h2>\n<p>As oportunidades s\u00e3o destinadas aos cargos de:<\/p>\n<p><strong>\u2022 N\u00edvel fundamental incompleto<\/strong>: Auxiliar de Servi\u00e7os Gerais (2);<\/p>\n<p><strong>\u2022 N\u00edvel superior<\/strong>: Analista Administrativo Financeiro (1), Contador Legislativo (1).<\/p>\n<p>Os sal\u00e1rios variam de <strong>R$ 1.059,62 a R$ 6.743,03<\/strong>, em jornadas de trabalho de 30 horas semanais.<\/p>\n<h2 id=\"quais-os-requisitos-bsicos-do-concurso-cmara-de-iara-sc\">Quais os requisitos b\u00e1sicos do concurso C\u00e2mara de I\u00e7ara \u2013 SC?<\/h2>\n<p>\u2022 Ser brasileiro que preencha os requisitos previstos em lei, e estrangeiros na forma da lei;<\/p>\n<p>\u2022 O gozo dos direitos pol\u00edticos;<\/p>\n<p>\u2022 A quita\u00e7\u00e3o das obriga\u00e7\u00f5es militares e eleitorais;<\/p>\n<p>\u2022 O n\u00edvel de escolaridade exigido para o exerc\u00edcio do cargo;<\/p>\n<p>\u2022 Aptid\u00e3o f\u00edsica e mental.<\/p>\n<h2 id=\"como-ser-a-prova-do-concurso-cmara-de-iara-sc\">Como ser\u00e1 a prova do concurso C\u00e2mara de I\u00e7ara \u2013 SC?<\/h2>\n<p>Os candidatos ser\u00e3o avaliados mediante <strong>provas objetivas<\/strong>, previstas para o dia <strong>1\u00ba de dezembro de 2019<\/strong>.<\/p>\n<p>A <strong>estrutura das provas<\/strong> \u00e9 a seguinte:<\/p>\n<p><strong>Concurso P\u00fablico n\u00ba 01<\/strong>: L\u00edngua Portuguesa (5 quest\u00f5es com peso 0,20), Matem\u00e1tica (5 quest\u00f5es com peso 0,30), Conhecimentos Espec\u00edficos (25 quest\u00f5es com peso 0,30);<\/p>\n<p><strong>Processo Seletivo n\u00ba 01<\/strong>: L\u00edngua Portuguesa (5 quest\u00f5es com peso 0,20), No\u00e7\u00f5es de Matem\u00e1tica (5 quest\u00f5es com peso 0,20), No\u00e7\u00f5es de Seguran\u00e7a do Trabalho (5 quest\u00f5es com peso 0,40), Aspectos Hist\u00f3ricos e Geogr\u00e1ficos (5 quest\u00f5es com peso 0,20), Conhecimentos Espec\u00edficos (25 quest\u00f5es com peso 0,30);<\/p>\n<p>Confira o conte\u00fado program\u00e1tico:<\/p>\n<p><strong>Concurso P\u00fablico n\u00ba 01\/2019<\/strong><\/p>\n<p><strong>L\u00edngua Portuguesa<\/strong>: An\u00e1lise e interpreta\u00e7\u00e3o de texto. Acentua\u00e7\u00e3o t\u00f4nica e gr\u00e1fica. An\u00e1lise sint\u00e1tica, fun\u00e7\u00f5es sint\u00e1ticas, termos da ora\u00e7\u00e3o: essenciais, integrantes e acess\u00f3rios. Ora\u00e7\u00f5es coordenadas. Ora\u00e7\u00f5es subordinadas substantivas, adjetivas e adverbiais. Concord\u00e2ncia verbal e nominal. Reg\u00eancia verbal e nominal. Predica\u00e7\u00e3o verbal. Crase. Coloca\u00e7\u00e3o pronominal. Pontua\u00e7\u00e3o gr\u00e1fica. V\u00edcios de linguagem.<\/p>\n<p><strong>Matem\u00e1tica<\/strong>: Opera\u00e7\u00f5es com n\u00fameros reais. Raz\u00e3o, Propor\u00e7\u00e3o, Regra de Tr\u00eas Simples e Composta. Divis\u00e3o em Partes Diretamente e Inversamente Proporcionais. Regra de Sociedade. Porcentagem, Varia\u00e7\u00e3o Percentual e Porcentagem de Porcentagem. Acr\u00e9scimos e Descontos Sucessivos. Juros, Montante e Desconto Comercial Simples. Taxa de Juros e Taxa de Desconto Simples. Substitui\u00e7\u00e3o de um T\u00edtulo, Juro Composto. Montante a Taxa Vari\u00e1vel, Desconto Composto, Fluxo de Caixa. Financiamento \u2013 C\u00e1lculo do Valor da Presta\u00e7\u00e3o. C\u00e1lculo do n\u00famero de Presta\u00e7\u00e3o e do valor Financiado. C\u00e1lculo da Taxa de Financiamento. Amortiza\u00e7\u00e3o \u2013 Sistema Price e Americano. Sistema de Pagamento \u00danico e de Amortiza\u00e7\u00e3o de Vari\u00e1veis. Investimento.<\/p>\n<p><strong>Conhecimentos Espec\u00edficos<\/strong><\/p>\n<p><strong>\u2022 Analista Administrativo Financeiro<\/strong><\/p>\n<p><strong>Legisla\u00e7\u00e3o<\/strong>: Lei Complementar 3\/99- Estatuto dos Servidores P\u00fablicos Municipais de I\u00e7ara. Resolu\u00e7\u00e3o n\u00ba 224, de 30 de novembro de 2017- Consolida, altera e insere dispositivos ao Regimento Interno da C\u00e2mara Municipal de I\u00e7ara. Constitui\u00e7\u00e3o Federal: Dos Munic\u00edpios; Da Administra\u00e7\u00e3o P\u00fablica; Dos Servidores P\u00fablicos; Dos Impostos dos Munic\u00edpios; Reparti\u00e7\u00e3o das Receitas Tribut\u00e1rias, Das Finan\u00e7as P\u00fablicas, Dos Or\u00e7amentos.<\/p>\n<p><strong>No\u00e7\u00f5es de Contabilidade<\/strong>: Contabilidade: Conceito, objetivo, objeto, usu\u00e1rios, Patrim\u00f4nio, Situa\u00e7\u00f5es Liquidas Patrimoniais, Sistema de Informa\u00e7\u00e3o e Registro da Contabilidade, Lan\u00e7amentos Cont\u00e1beis, Livros Cont\u00e1beis, Avalia\u00e7\u00e3o de Estoques, principais demonstrativos cont\u00e1beis, Plano de Contas, Balancete, Balan\u00e7o Patrimonial.<\/p>\n<p><strong>No\u00e7\u00f5es de Administra\u00e7\u00e3o de Pessoal<\/strong>: Plano de Cargos da C\u00e2mara. Seguran\u00e7a no Trabalho. Recrutamento e Sele\u00e7\u00e3o. Admiss\u00e3o e nomea\u00e7\u00e3o no Servi\u00e7o P\u00fablico de I\u00e7ara. Movimenta\u00e7\u00e3o de Pessoal. F\u00e9rias, licen\u00e7as, progress\u00f5es, exonera\u00e7\u00f5es, fundamento legal e controle. Licen\u00e7as: para tratamento de sa\u00fade, nojo, tratar de assuntos particulares, gesta\u00e7\u00e3o. Imposto de Renda: legisla\u00e7\u00e3o aplicada. Est\u00e1gio probat\u00f3rio: Avalia\u00e7\u00e3o de Desempenho. Folha de Pagamento: Proventos, Descontos, desligamento, Processos e Verbas Rescis\u00f3rias. E-Social.<\/p>\n<p><strong>No\u00e7\u00f5es de Arquivo<\/strong>: Conhecimento da terminologia: Suporte. Documento, acervo, digitaliza\u00e7\u00e3o, microfilmagem. Classifica\u00e7\u00e3o dos arquivos. Gest\u00e3o de Arquivos.<br>\nNo\u00e7\u00f5es de Almoxarifado: Recebimento, confer\u00eancia e estocagem de diferentes tipos de materiais. Registro, controle, invent\u00e1rios.<\/p>\n<p><strong>No\u00e7\u00f5es de Reda\u00e7\u00e3o e Correspond\u00eancia<\/strong>: Reda\u00e7\u00e3o Oficial. Correspond\u00eancia Oficial: Of\u00edcio, memorando, carta, requerimento, circular. E mail. Conhecimento das rotinas de expedi\u00e7\u00e3o de correspond\u00eancia: Endere\u00e7amento, postagem, cartas registradas, cartas registradas com AR, SEDEX. Recebimento, controle e distribui\u00e7\u00e3o das correspond\u00eancias recebidas.<\/p>\n<p><strong>\u2022 Contador Legislativo<\/strong><\/p>\n<p><strong>Legisla\u00e7\u00e3o<\/strong>: Lei Complementar 3\/99- Estatuto dos Servidores P\u00fablicos Municipais de I\u00e7ara. Resolu\u00e7\u00e3o n\u00ba 224, de 30 de novembro de 2017- Consolida, altera e insere dispositivos ao Regimento Interno da C\u00e2mara Municipal de I\u00e7ara. Constitui\u00e7\u00e3o Federal: Dos Munic\u00edpios; Da Administra\u00e7\u00e3o P\u00fablica; Dos Servidores P\u00fablicos; Dos Impostos dos Munic\u00edpios; Reparti\u00e7\u00e3o das Receitas Tribut\u00e1rias, Das Finan\u00e7as P\u00fablicas, Dos Or\u00e7amentos.<\/p>\n<p><strong>Contabilidade<\/strong>: Fundamentos t\u00e9cnicos de Contabilidade P\u00fablica: conceito, campo de atua\u00e7\u00e3o; bens p\u00fablicos, entidades p\u00fablicas, conceito e classifica\u00e7\u00e3o; or\u00e7amento: conceito, elabora\u00e7\u00e3o e regime or\u00e7ament\u00e1rio; cr\u00e9ditos adicionais: conceito e classifica\u00e7\u00e3o; receitas e despesas or\u00e7ament\u00e1rias; est\u00e1gios e classifica\u00e7\u00e3o; receitas e despesas extra or\u00e7ament\u00e1rias, varia\u00e7\u00f5es patrimoniais aumentativas e diminutivas; sistema de contas: conceito e classifica\u00e7\u00e3o; demonstrativos cont\u00e1beis: balan\u00e7o or\u00e7ament\u00e1rio, financeiro e patrimonial, demonstrativo das varia\u00e7\u00f5es patrimoniais e fluxo de caixa; contabilidade or\u00e7ament\u00e1ria, financeira e patrimonial: despesas e receitas segundo as categorias econ\u00f4micas; classifica\u00e7\u00e3o funcional program\u00e1tica: c\u00f3digo e estrutura; programa de trabalho de governo (demonstrativo de fun\u00e7\u00f5es), LOA, LDO, Lei or\u00e7ament\u00e1ria, or\u00e7amento \u2013 programa, programas e subprogramas por projetos e atividades; comparativo da receita or\u00e7ada com a arrecadada; comparativo da despesa autorizada com a realizada; demonstrativo do passivo circulante (restos a pagar, consigna\u00e7\u00f5es, d\u00edvidas a curto prazo); organiza\u00e7\u00e3o dos servi\u00e7os de Contabilidade P\u00fablica; f\u00f3rmulas de escritura\u00e7\u00e3o cont\u00e1bil; no\u00e7\u00f5es de controle dos bens patrimoniais; no\u00e7\u00f5es de controle interno; no\u00e7\u00f5es de licita\u00e7\u00f5es e contratos; No\u00e7\u00f5es da aplica\u00e7\u00e3o da Lei de Responsabilidade Fiscal; Normativas do Tribunal de Contas de Santa Catarina; No\u00e7\u00f5es de opera\u00e7\u00f5es de sistemas informatizados de Contabilidade P\u00fablica. Plano de Contas Aplicado ao Setor P\u00fablico; Normas brasileiras de contabilidade: contabilidade aplicada ao setor p\u00fablico. Manual de Contabilidade Aplicado ao Setor P\u00fablico \u2013 (MCASP)8\u00aa edi\u00e7\u00e3o. E-Social. Siconfi.<\/p>\n<p><strong>Processo Seletivo n\u00ba 01\/2019<\/strong><\/p>\n<p><strong>L\u00edngua Portuguesa<\/strong>: Interpreta\u00e7\u00e3o de texto. S\u00edlaba e divis\u00e3o sil\u00e1bica. Classes gramaticais: Substantivo, g\u00eanero (masculino e feminino), n\u00famero (singular e plural) e grau (diminutivo e aumentativo). Classifica\u00e7\u00e3o do substantivo (pr\u00f3prio, comum e coletivo). Adjetivo (n\u00famero e g\u00eanero). Crase. Coloca\u00e7\u00e3o pronominal. Pontua\u00e7\u00e3o gr\u00e1fica. V\u00edcios de linguagem.<\/p>\n<p><strong>No\u00e7\u00f5es de Matem\u00e1tica<\/strong>: Resolu\u00e7\u00e3o de problemas envolvendo adi\u00e7\u00e3o, subtra\u00e7\u00e3o, multiplica\u00e7\u00e3o, divis\u00e3o, medidas e grandezas (\u00e1rea, capacidade, comprimento, temperatura, tempo, unidades monet\u00e1rias, velocidade, volume), Raz\u00e3o, Propor\u00e7\u00e3o, Regra de Tr\u00eas Simples e Composta, Juros simples e compostos.<\/p>\n<p><strong>Aspectos hist\u00f3ricos e geogr\u00e1ficos<\/strong>: Mundo: Continentes, Oceanos. Brasil: Popula\u00e7\u00e3o, Localiza\u00e7\u00e3o, Regi\u00f5es, Estados, Capitais. Santa Catarina: Localiza\u00e7\u00e3o, Regi\u00f5es. Munic\u00edpio de I\u00e7ara: Popula\u00e7\u00e3o, Localiza\u00e7\u00e3o, cidades pr\u00f3ximas, Hist\u00f3ria, Turismo.<\/p>\n<p><strong>No\u00e7\u00f5es de Seguran\u00e7a do Trabalho<\/strong>: Higiene pessoal: lavagem das m\u00e3os, asseio corporal. Medidas para preven\u00e7\u00e3o de acidentes de trabalho. Roupas adequadas para os trabalhos de limpeza e conserva\u00e7\u00e3o externos. EPIs- Equipamentos de prote\u00e7\u00e3o individual, quais s\u00e3o, import\u00e2ncia, quando devem ser usados. Riscos na utiliza\u00e7\u00e3o de ferramentas, utens\u00edlios e m\u00e1quinas no trabalho. Cuidados no manuseio de energia el\u00e9trica. Preven\u00e7\u00e3o e combate a inc\u00eandios. No\u00e7\u00f5es de Primeiros Socorros.<\/p>\n<p><strong>Conhecimentos Espec\u00edficos<\/strong>: Ferramentas, m\u00e1quinas, utens\u00edlios e t\u00e9cnicas para a realiza\u00e7\u00e3o de servi\u00e7os de higieniza\u00e7\u00e3o e limpeza em locais como: copa, cozinha, banheiro, salas, corredores, lavanderia, garagens e espa\u00e7os externos como p\u00e1tios, cal\u00e7adas e muros. Conhecimentos b\u00e1sicos de arruma\u00e7\u00e3o e organiza\u00e7\u00e3o de ambientes. No\u00e7\u00f5es b\u00e1sicas de limpeza e conserva\u00e7\u00e3o de m\u00f3veis e equipamentos. Recebimento, confer\u00eancia, estocagem e armazenamento de material de escrit\u00f3rio, utens\u00edlios, materiais e produtos de limpeza. Manipula\u00e7\u00e3o, estocagem e conserva\u00e7\u00e3o de alimentos. Conhecimentos de coleta, armazenamento e reciclagem de lixo. No\u00e7\u00f5es de trabalho em equipe e relacionamento interpessoal considerando aspectos de conduta pessoal e atitudes no local de trabalho.<\/p>","protected":false},"excerpt":{"rendered":"<p>Saiu o edital do novo concurso da C\u00e2mara de I\u00e7ara, no estado de Santa Catarina! S\u00e3o 4 vagas para cargos de n\u00edvel fundamental incompleto e superior, com sal\u00e1rios de at\u00e9 R$ 6,7 mil.<\/p>\n","protected":false},"author":16,"featured_media":0,"comment_status":"closed","ping_status":"closed","sticky":false,"template":"","format":"standard","meta":{"_acf_changed":false,"footnotes":"","_wp_rev_ctl_limit":""},"categories":[44999],"tags":[],"class_list":["post-92634","post","type-post","status-publish","format-standard","hentry","category-concursos"],"acf":[],"_links":{"self":[{"href":"https:\/\/www.novaconcursos.com.br\/portal\/wp-json\/wp\/v2\/posts\/92634","targetHints":{"allow":["GET"]}}],"collection":[{"href":"https:\/\/www.novaconcursos.com.br\/portal\/wp-json\/wp\/v2\/posts"}],"about":[{"href":"https:\/\/www.novaconcursos.com.br\/portal\/wp-json\/wp\/v2\/types\/post"}],"author":[{"embeddable":true,"href":"https:\/\/www.novaconcursos.com.br\/portal\/wp-json\/wp\/v2\/users\/16"}],"replies":[{"embeddable":true,"href":"https:\/\/www.novaconcursos.com.br\/portal\/wp-json\/wp\/v2\/comments?post=92634"}],"version-history":[{"count":3,"href":"https:\/\/www.novaconcursos.com.br\/portal\/wp-json\/wp\/v2\/posts\/92634\/revisions"}],"predecessor-version":[{"id":124625,"href":"https:\/\/www.novaconcursos.com.br\/portal\/wp-json\/wp\/v2\/posts\/92634\/revisions\/124625"}],"wp:attachment":[{"href":"https:\/\/www.novaconcursos.com.br\/portal\/wp-json\/wp\/v2\/media?parent=92634"}],"wp:term":[{"taxonomy":"category","embeddable":true,"href":"https:\/\/www.novaconcursos.com.br\/portal\/wp-json\/wp\/v2\/categories?post=92634"},{"taxonomy":"post_tag","embeddable":true,"href":"https:\/\/www.novaconcursos.com.br\/portal\/wp-json\/wp\/v2\/tags?post=92634"}],"curies":[{"name":"wp","href":"https:\/\/api.w.org\/{rel}","templated":true}]}}