{"id":92907,"date":"2019-10-07T11:09:29","date_gmt":"2019-10-07T14:09:29","guid":{"rendered":"https:\/\/www.novaconcursos.com.br\/portal\/?post_type=nc-public-tender&#038;p=92907"},"modified":"2024-12-16T10:12:28","modified_gmt":"2024-12-16T13:12:28","slug":"concurso-prefeitura-de-fortaleza-de-minas-mg","status":"publish","type":"post","link":"https:\/\/www.novaconcursos.com.br\/portal\/concursos\/concurso-prefeitura-de-fortaleza-de-minas-mg\/","title":{"rendered":"Concurso Prefeitura de Fortaleza de Minas &#8211; MG"},"content":{"rendered":"<p>Saiu o edital do novo <strong>concurso da Prefeitura de Fortaleza de Minas<\/strong>, no estado de Minas Gerais! S\u00e3o <strong>25 vagas<\/strong> para cargos de<strong> todos os n\u00edveis de escolaridade<\/strong>, com sal\u00e1rios de at\u00e9 <strong>R$ 9,3 mil<\/strong>.<\/p>\n<h2 id=\"como-fazer-a-inscrio-no-concurso-prefeitura-de-fortaleza-de-\">Como fazer a inscri\u00e7\u00e3o no concurso Prefeitura de Fortaleza de Minas MG?<\/h2>\n<p>Os interessados dever\u00e3o acessar o site da banca organizadora, a <a href=\"https:\/\/www.directacarreiras.com.br\/Concurso\/Detail\/233?origem=H\" target=\"_blank\" rel=\"noopener noreferrer\">Directa Concursos<\/a>, do dia<strong> 1\u00ba a 30 de outubro de 2019<\/strong> para realizar a inscri\u00e7\u00e3o.<\/p>\n<p>A taxa de inscri\u00e7\u00e3o tem os seguintes valores:<\/p>\n<ul><li><strong>N\u00edvel fundamental<\/strong>: R$ 40,00;<\/li>\n<li><strong>N\u00edvel m\u00e9dio<\/strong>: R$ 60,00;<\/li>\n<li><strong>N\u00edvel superior<\/strong>: R$ 80,00.<\/li>\n<\/ul><h2 id=\"quem-pode-fazer-o-concurso-prefeitura-de-fortaleza-de-minas-\">Quem pode fazer o concurso Prefeitura de Fortaleza de Minas MG?<\/h2>\n<p>As oportunidades s\u00e3o destinadas aos cargos de:<\/p>\n<p><strong>\u2022 N\u00edvel fundamental incompleto<\/strong>: Oper\u00e1rio (2), Pedreiro (1);<\/p>\n<p><strong>\u2022 N\u00edvel fundamental completo<\/strong>: Auxiliar de Consult\u00f3rio Dent\u00e1rio (CR), Motorista (CR);<\/p>\n<p><strong>\u2022 N\u00edvel m\u00e9dio\/t\u00e9cnico<\/strong>: Agente de Combate \u00e0s Endemias (2), Fiscal de Obras, Posturas e Meio Ambiente (1), T\u00e9cnico de Enfermagem PSF (1), T\u00e9cnico de Radiologia (1);<\/p>\n<p><strong>\u2022 N\u00edvel superior<\/strong>: Agente Administrativo I (CR), Enfermeiro Policl\u00ednica (5), Enfermeiro PSF (CR), Especialista Educacional (CR), Farmac\u00eautico (CR), Fonoaudi\u00f3logo (CR), M\u00e9dico PSF (1), M\u00e9dico Plantonista Cl\u00ednica M\u00e9dica (6), M\u00e9dico Veterin\u00e1rio (CR), Nutricionista (1), Professor I (CR), Professor Educa\u00e7\u00e3o F\u00edsica (1), Professor Ingl\u00eas (CR), Professor Processamento de Dados (1), Psic\u00f3logo (CR), Psicopedagogo (1), Psic\u00f3logo CRAS (1).<\/p>\n<p>Os sal\u00e1rios variam de <strong>R$ 693,43 a R$ 9.343,00<\/strong>, em diferentes cargas de jornadas de 10 a 40 horas semanais.<\/p>\n<h2 id=\"quais-os-requisitos-bsicos-do-concurso-prefeitura-de-fortale\">Quais os requisitos b\u00e1sicos do concurso Prefeitura de Fortaleza de Minas MG?<\/h2>\n<p>\u2022 Ser Brasileiro nato ou naturalizado, conforme disposto na Constitui\u00e7\u00e3o Federal, em conson\u00e2ncia com a Lei Federal n\u00ba 13.445\/2017 \u2013 Lei da Migra\u00e7\u00e3o, e ainda, se de Nacionalidade Portuguesa, estar de acordo com os crit\u00e9rios contidos no Decreto Federal n\u00ba 70.436\/72;<\/p>\n<p>\u2022 Ser possuidor do CPF devidamente ativo e de Documento de Identidade (RG) com foto;<\/p>\n<p>\u2022 Efetuar o pagamento devido do valor da inscri\u00e7\u00e3o;<\/p>\n<p>\u2022 Conhecer e estar de acordo com as normas e exig\u00eancias do presente edital;<\/p>\n<p>\u2022 \u00c0s pessoas com defici\u00eancia que pretendam fazer uso das prerrogativas que lhe s\u00e3o facultadas no inciso VIII do Artigo 37 da Constitui\u00e7\u00e3o Federal e na Lei Federal 7.853\/89 \u00e9 assegurado o direito de inscri\u00e7\u00e3o para os Cargos no Concurso P\u00fablico, cujas atribui\u00e7\u00f5es sejam compat\u00edveis com a defici\u00eancia de que possuem.<\/p>\n<p>\u2022 Ter 18 (dezoito) anos completos ou a completar at\u00e9 a data da convoca\u00e7\u00e3o;<\/p>\n<p>\u2022 Ter bons antecedentes, achando-se em pleno exerc\u00edcio de seus direitos civis, pol\u00edticos e eleitorais, bem como nada ter que o desabone ou que o torne incompat\u00edvel com o desempenho de suas fun\u00e7\u00f5es;<\/p>\n<p>\u2022 Se do sexo masculino, possuir at\u00e9 a data da nomea\u00e7\u00e3o o Certificado de Dispensa do Servi\u00e7o Militar ou Certificado de Reservista;<\/p>\n<p>\u2022 Gozar de boa sa\u00fade f\u00edsica e mental e n\u00e3o possuir defici\u00eancia incompat\u00edvel com o exerc\u00edcio das atividades que competem ao Cargo;<\/p>\n<p>\u2022 N\u00e3o ter sofrido, no exerc\u00edcio de Cargo p\u00fablico, penalidade por pr\u00e1tica de atos desabonadores;<\/p>\n<p>\u2022 N\u00e3o exercer qualquer cargo, Cargo ou fun\u00e7\u00e3o p\u00fablica de acumula\u00e7\u00e3o proibida com o exerc\u00edcio do novo Cargo, observado ao disposto no artigo 37 \u00a7 10 da Constitui\u00e7\u00e3o Federal, alterada pela EC N\u00ba 20\/98 e n\u00e3o ser aposentado por invalidez e nem estar com idade de aposentadoria compuls\u00f3ria nos termos do artigo 40 inciso II da Constitui\u00e7\u00e3o Federal;<\/p>\n<p>\u2022 A apresenta\u00e7\u00e3o dos documentos h\u00e1beis a comprovar que o candidato possui os requisitos aqui exigidos para o Concurso P\u00fablico ser\u00e1 solicitada por ocasi\u00e3o da nomea\u00e7\u00e3o para o Cargo;<\/p>\n<p>\u2022 A n\u00e3o apresenta\u00e7\u00e3o de qualquer dos documentos implicar\u00e1 na impossibilidade de aproveitamento do candidato em decorr\u00eancia de sua habilita\u00e7\u00e3o no Concurso P\u00fablico, anulando-se todos os atos decorrentes de sua inscri\u00e7\u00e3o.<\/p>\n<h2 id=\"como-ser-a-prova-do-concurso-prefeitura-de-fortaleza-de-mina\">Como ser\u00e1 a prova do concurso Prefeitura de Fortaleza de Minas?<\/h2>\n<p>Os candidatos ser\u00e3o avaliados mediante <strong>provas objetivas<\/strong>, previstas para o dia <strong>15 de dezembro de 2019<\/strong>.<\/p>\n<p>Haver\u00e1 ainda <strong>prova pr\u00e1tica<\/strong> para os cargos de Oper\u00e1rio, Pedreiro e Motorista.<\/p>\n<p>Confira o <strong>conte\u00fado program\u00e1tico<\/strong>:<\/p>\n<p><strong>\u2022 N\u00edvel fundamental<\/strong><\/p>\n<p><strong>L\u00edngua Portuguesa<\/strong>: Leitura e compreens\u00e3o de texto; alfabeto e ordem alfab\u00e9tica; vogal e consoante; s\u00edlaba e tonicidade \u2013 separa\u00e7\u00e3o sil\u00e1bica, classifica\u00e7\u00e3o das palavras quanto ao n\u00famero de s\u00edlabas; sin\u00f4nimos e ant\u00f4nimos; acentua\u00e7\u00e3o; frases \u2013 afirmativa, negativa, interrogativa e exclamativa; sinais de pontua\u00e7\u00e3o; ortografia; substantivo; singular e plural; diminutivo e aumentativo; encontro voc\u00e1lico e consonantal; pronomes e verbos.<\/p>\n<p><strong>Matem\u00e1tica<\/strong>: N\u00fameros naturais; antecessor e sucessor; Opera\u00e7\u00f5es \u2013 adi\u00e7\u00e3o, subtra\u00e7\u00e3o, multiplica\u00e7\u00e3o e divis\u00e3o; Sistemas de Numera\u00e7\u00e3o Decimal e Hor\u00e1rio; Adi\u00e7\u00e3o e subtra\u00e7\u00e3o de fra\u00e7\u00f5es; Sistemas de medidas \u2013 comprimento, massa, volume e superf\u00edcie; N\u00fameros multiplicativos \u2013 dobro, metade; Racioc\u00ednio l\u00f3gico. Resolu\u00e7\u00e3o de situa\u00e7\u00f5es problema.<\/p>\n<p><strong>\u2022 N\u00edvel M\u00e9dio e\/ou T\u00e9cnico<\/strong><\/p>\n<p><strong>L\u00edngua Portuguesa<\/strong>: Interpreta\u00e7\u00e3o e compreens\u00e3o de texto. Ortografia (de acordo com Novo Acordo Ortogr\u00e1fico). Acentua\u00e7\u00e3o. Pontua\u00e7\u00e3o. Reg\u00eancia verbal e nominal. Sintaxe e An\u00e1lise Sint\u00e1tica (tipos de sujeito, reg\u00eancia, transitividade verbal etc.); Crase; Conectivos (conjun\u00e7\u00e3o e pronomes). Emprego dos porqu\u00eas. Morfologia: forma\u00e7\u00e3o de palavras, flex\u00e3o nominal e conjuga\u00e7\u00e3o verbal. Figuras de linguagem, de pensamento e de sintaxe. Significa\u00e7\u00e3o das palavras; Classe de palavras.<\/p>\n<p><strong>Matem\u00e1tica<\/strong>: N\u00fameros inteiros e racionais: Opera\u00e7\u00f5es. M\u00faltiplos e divisores de n\u00fameros naturais. Sistema decimal de medidas, sistema de medidas do tempo, sistema monet\u00e1rio brasileiro, medidas de comprimento, superf\u00edcie, volume e massa. Raz\u00f5es, propor\u00e7\u00f5es, regra de tr\u00eas simples e porcentagem. Geometria: per\u00edmetros, \u00e1reas e volumes. Racioc\u00ednio L\u00f3gico-Matem\u00e1tico. Resolu\u00e7\u00e3o de situa\u00e7\u00f5es problema.<\/p>\n<p><strong>Inform\u00e1tica<\/strong>: Conhecimentos sobre princ\u00edpios b\u00e1sicos de inform\u00e1tica; Microsoft Windows 7 (Seven ou superior); Microsoft Office 2007 ou superior: Word, Excel, Power Point; Navegadores de Internet: Internet Explorer e Google Chrome. Vers\u00e3o 2007 e\/ou vers\u00e3o atualizada. Correio eletr\u00f4nico (webmail). Conceitos b\u00e1sicos de software e hardware. Conceito e organiza\u00e7\u00e3o de arquivos (pastas\/diret\u00f3rios). No\u00e7\u00f5es b\u00e1sicas de an\u00e1lise e armazenamento de dados.<\/p>\n<p><strong>\u2022 N\u00edvel Superior<\/strong><\/p>\n<p><strong>L\u00edngua Portuguesa<\/strong>: Interpreta\u00e7\u00e3o de texto, conhecimento da norma culta na modalidade escrita do idioma e aplica\u00e7\u00e3o da Ortografia oficial; No\u00e7\u00f5es de fonologia. Acentua\u00e7\u00e3o Gr\u00e1fica: emprego dos sinais de pontua\u00e7\u00e3o. Concord\u00e2ncia Verbal. Concord\u00e2ncia Nominal. Reg\u00eancia Verbal. Reg\u00eancia Nominal. Fun\u00e7\u00f5es Sint\u00e1ticas \/ Uso dos Pronomes. Fun\u00e7\u00f5es e An\u00e1lise\/Uso das Conjun\u00e7\u00f5es. Fun\u00e7\u00f5es e An\u00e1lise \/ Uso dos Artigos. Fun\u00e7\u00f5es e An\u00e1lise\/Uso dos Adjetivos. Fun\u00e7\u00f5es e An\u00e1lise\/Uso dos Numerais. G\u00eaneros Discursivos (Produ\u00e7\u00e3o Textual). An\u00e1lise Lingu\u00edstica.<\/p>\n<p><strong>Matem\u00e1tica<\/strong>: Pot\u00eancias e ra\u00edzes. Raz\u00e3o e propor\u00e7\u00e3o. Porcentagem. Regra de tr\u00eas simples e composta. M\u00e9dia aritm\u00e9tica simples e ponderada. Juros simples. Equa\u00e7\u00e3o do 1.\u00ba e 2.\u00ba graus. Rela\u00e7\u00e3o entre grandezas: tabelas e gr\u00e1ficos. Sistemas de medidas usuais. Geometria: forma, per\u00edmetro, \u00e1rea, volume, \u00e2ngulo, teorema de Pit\u00e1goras. Resolu\u00e7\u00e3o de situa\u00e7\u00f5es problema.<br>\nInform\u00e1tica: Conhecimentos sobre princ\u00edpios b\u00e1sicos de inform\u00e1tica; Microsoft Windows 7 (Seven ou superior); Microsoft Office 2007 ou superior: Word, Excel, Power Point; Navegadores de Internet: Internet Explorer e Google Chrome. Vers\u00e3o 2007 e\/ou vers\u00e3o atualizada. Correio eletr\u00f4nico (webmail). Conceitos b\u00e1sicos de software e hardware. Conceito e organiza\u00e7\u00e3o de arquivos (pastas\/diret\u00f3rios). No\u00e7\u00f5es b\u00e1sicas de an\u00e1lise e armazenamento de dados.<\/p>","protected":false},"excerpt":{"rendered":"<p>Saiu o edital do novo concurso da Prefeitura de Fortaleza de Minas, no estado de Minas Gerais! S\u00e3o 25 vagas para cargos de todos os n\u00edveis de escolaridade, com sal\u00e1rios de at\u00e9 R$ 9,3 mil.<\/p>\n","protected":false},"author":16,"featured_media":0,"comment_status":"closed","ping_status":"closed","sticky":false,"template":"","format":"standard","meta":{"_acf_changed":false,"footnotes":"","_wp_rev_ctl_limit":""},"categories":[44999],"tags":[],"class_list":["post-92907","post","type-post","status-publish","format-standard","hentry","category-concursos"],"acf":[],"_links":{"self":[{"href":"https:\/\/www.novaconcursos.com.br\/portal\/wp-json\/wp\/v2\/posts\/92907","targetHints":{"allow":["GET"]}}],"collection":[{"href":"https:\/\/www.novaconcursos.com.br\/portal\/wp-json\/wp\/v2\/posts"}],"about":[{"href":"https:\/\/www.novaconcursos.com.br\/portal\/wp-json\/wp\/v2\/types\/post"}],"author":[{"embeddable":true,"href":"https:\/\/www.novaconcursos.com.br\/portal\/wp-json\/wp\/v2\/users\/16"}],"replies":[{"embeddable":true,"href":"https:\/\/www.novaconcursos.com.br\/portal\/wp-json\/wp\/v2\/comments?post=92907"}],"version-history":[{"count":2,"href":"https:\/\/www.novaconcursos.com.br\/portal\/wp-json\/wp\/v2\/posts\/92907\/revisions"}],"predecessor-version":[{"id":124610,"href":"https:\/\/www.novaconcursos.com.br\/portal\/wp-json\/wp\/v2\/posts\/92907\/revisions\/124610"}],"wp:attachment":[{"href":"https:\/\/www.novaconcursos.com.br\/portal\/wp-json\/wp\/v2\/media?parent=92907"}],"wp:term":[{"taxonomy":"category","embeddable":true,"href":"https:\/\/www.novaconcursos.com.br\/portal\/wp-json\/wp\/v2\/categories?post=92907"},{"taxonomy":"post_tag","embeddable":true,"href":"https:\/\/www.novaconcursos.com.br\/portal\/wp-json\/wp\/v2\/tags?post=92907"}],"curies":[{"name":"wp","href":"https:\/\/api.w.org\/{rel}","templated":true}]}}