{"id":93521,"date":"2026-02-27T11:44:51","date_gmt":"2026-02-27T14:44:51","guid":{"rendered":"https:\/\/www.novaconcursos.com.br\/portal\/?post_type=nc-public-tender&#038;p=93521"},"modified":"2026-02-27T11:59:57","modified_gmt":"2026-02-27T14:59:57","slug":"concurso-sec-ba","status":"publish","type":"post","link":"https:\/\/www.novaconcursos.com.br\/portal\/concursos\/concurso-sec-ba\/","title":{"rendered":"Concurso SEC BA: Provas em mar\u00e7o! 2.777 vagas tempor\u00e1rias!"},"content":{"rendered":"<p>A Secretaria da Educa\u00e7\u00e3o do Estado da Bahia conta com <strong>tr\u00eas editais do concurso SEC BA<\/strong>, ampliando as oportunidades para quem busca ingresso na \u00e1rea educacional e administrativa do governo estadual. Na pr\u00e1tica, os profissionais contratados ir\u00e3o atuar no suporte e no funcionamento da rede p\u00fablica de ensino, contribuindo com atividades pedag\u00f3gicas, administrativas e t\u00e9cnicas que garantem o atendimento aos estudantes e a execu\u00e7\u00e3o das pol\u00edticas educacionais.<\/p>\n\n\n\n<p>Ao todo, o concurso SEC BA oferta <strong>2.777 vagas tempor\u00e1rias<\/strong> para cargos de n\u00edveis m\u00e9dio, t\u00e9cnico e superior, com remunera\u00e7\u00e3o inicial que pode chegar a aproximadamente <mark style=\"background-color:#8ed1fc\" class=\"has-inline-color\">R$ 7,5 mil<\/mark>, conforme o cargo e a fun\u00e7\u00e3o prevista em edital. A sele\u00e7\u00e3o j\u00e1 est\u00e1 com inscri\u00e7\u00f5es abertas e tamb\u00e9m traz previs\u00e3o de prova objetiva ainda no primeiro semestre de 2026.<\/p>\n\n\n\n<p>As provas objetivas est\u00e3o previstas para <strong>29 de mar\u00e7o de 2026. <\/strong>A seguir, confira todos os detalhes sobre os editais, vagas, cargos, sal\u00e1rios, inscri\u00e7\u00f5es e etapas do concurso SEC BA!<\/p>\n\n\n\n<h2 class=\"wp-block-heading\" id=\"cronograma-do-concurso-sec-ba\">Cronograma do concurso SEC BA<\/h2>\n\n\n\n<p>Confira abaixo as principais datas do concurso SEC BA, para n\u00e3o perder nenhum prazo do edital:<\/p>\n\n\n\n<ul class=\"wp-block-list\"><li><strong>Inscri\u00e7\u00f5es:<\/strong> 26 de janeiro at\u00e9 23 de fevereiro de 2026<\/li>\n\n\n\n<li><strong>Isen\u00e7\u00e3o das taxas: <\/strong>26 de janeiro at\u00e9 28 de janeiro de 2026<\/li>\n\n\n\n<li><strong>Pagamento das taxas: <\/strong>at\u00e9 24 de fevereiro de 2026<\/li>\n\n\n\n<li><strong>Prova objetiva: <\/strong>29 de mar\u00e7o de 2026<\/li>\n<\/ul><h3 class=\"wp-block-heading\">Retifica\u00e7\u00e3o divulgada<\/h3>\n\n\n\n<ul class=\"wp-block-list\"><li>1\u00aa retifica\u00e7\u00e3o do edital\u00a0com altera\u00e7\u00e3o nos requisitos para isen\u00e7\u00e3o.\n<ul class=\"wp-block-list\"><li><a href=\"https:\/\/anexos.cdn.selecao.net.br\/uploads\/747\/concursos\/490\/anexos\/37752046-cc24-4e7a-9284-f50d96fe8dab.pdf\" target=\"_blank\" rel=\"noreferrer noopener\">Edital 004\/2026<\/a><\/li>\n\n\n\n<li><a href=\"https:\/\/anexos.cdn.selecao.net.br\/uploads\/747\/concursos\/490\/anexos\/4d8f7d0a-3c98-4d64-bf72-35ffe7a8a256.pdf\" target=\"_blank\" rel=\"noreferrer noopener\">Edital 003\/2026<\/a><\/li>\n\n\n\n<li><a href=\"https:\/\/anexos.cdn.selecao.net.br\/uploads\/747\/concursos\/490\/anexos\/e10b77df-8822-4790-9b8a-dc42bdaf4902.pdf\" target=\"_blank\" rel=\"noreferrer noopener\">Edital 002\/2026<\/a><\/li>\n<\/ul><\/li>\n<\/ul><h2 class=\"wp-block-heading\" id=\"como-se-inscrever-no-concurso-sec-ba\">Como se inscrever no concurso SEC BA?<\/h2>\n\n\n\n<p>As inscri\u00e7\u00f5es do concurso SEC BA foram ser realizadas at\u00e9 <strong>23 de fevereiro de 2026<\/strong>, exclusivamente pela internet, por meio do site da banca organizadora <a href=\"https:\/\/ibfc.selecao.net.br\/informacoes\/490\/\" target=\"_blank\" rel=\"noopener\">IBFC.<\/a> Para participar, o candidato acessou a p\u00e1gina do certame, preencheu o formul\u00e1rio eletr\u00f4nico com os dados solicitados e gerou o boleto para pagamento da taxa de inscri\u00e7\u00e3o.<\/p>\n\n\n\n<p>Os valores variaram conforme o n\u00edvel de escolaridade exigido para o cargo escolhido. Confira:<\/p>\n\n\n\n<ul class=\"wp-block-list\"><li>R$90,00 para cargos de n\u00edveis m\u00e9dio e t\u00e9cnico;<\/li>\n\n\n\n<li>R$110,00 para cargos de n\u00edvel superior.<\/li>\n<\/ul><p>Ap\u00f3s a emiss\u00e3o do boleto, o pagamento foi efetuado at\u00e9 <strong>24 de fevereiro de 2026<\/strong>, conforme previsto no edital. O candidato s\u00f3 teve a inscri\u00e7\u00e3o confirmada ap\u00f3s a compensa\u00e7\u00e3o banc\u00e1ria do valor correspondente.<\/p>\n\n\n\n<h3 class=\"wp-block-heading\">Isen\u00e7\u00e3o da taxa de inscri\u00e7\u00e3o<\/h3>\n\n\n\n<p>O edital do concurso SEC BA previu isen\u00e7\u00e3o total da taxa de inscri\u00e7\u00e3o apenas para candidatos <strong>inscritos no Cad\u00danico<\/strong> e integrantes de <strong>fam\u00edlia de baixa renda<\/strong>, nos termos estabelecidos pela organiza\u00e7\u00e3o do certame.<\/p>\n\n\n\n<p>O prazo para solicitar a isen\u00e7\u00e3o foi encerrado \u00e0s <strong>23h do dia 28 de janeiro de 2026<\/strong>. O procedimento foi realizado diretamente no site do IBFC, mediante preenchimento do requerimento espec\u00edfico e envio das informa\u00e7\u00f5es e documentos exigidos para comprova\u00e7\u00e3o do direito ao benef\u00edcio.<\/p>\n\n\n\n<h2 class=\"wp-block-heading\" id=\"cargos-vagas-e-salrios-do-concurso-sec-ba\">Cargos, vagas e sal\u00e1rios do concurso SEC BA<\/h2>\n\n\n\n<p>O concurso SEC BA est\u00e1 ofertando <strong>2.777 vagas imediatas<\/strong> para contrata\u00e7\u00e3o tempor\u00e1ria, com oportunidades para n\u00edvel m\u00e9dio e n\u00edvel superior. As remunera\u00e7\u00f5es iniciais variam conforme o cargo e podem chegar a<strong> R$ 7.530,75<\/strong>, de acordo com a fun\u00e7\u00e3o prevista nos editais.<\/p>\n\n\n\n<p>Conforme as regras da sele\u00e7\u00e3o, o contrato ter\u00e1 dura\u00e7\u00e3o inicial de 36 meses, com possibilidade de prorroga\u00e7\u00e3o por mais 36 meses, podendo totalizar at\u00e9 6 anos de v\u00ednculo, a depender da necessidade da administra\u00e7\u00e3o p\u00fablica.<\/p>\n\n\n\n<p>A seguir, veja a distribui\u00e7\u00e3o de vagas do concurso SEC BA, com cargos e sal\u00e1rios iniciais:<\/p>\n\n\n\n<h3 class=\"wp-block-heading\">N\u00edvel m\u00e9dio<\/h3>\n\n\n\n<ul class=\"wp-block-list\"><li>T\u00e9cnico Administrativo em N\u00edvel M\u00e9dio: 2.500 vagas\n<ul class=\"wp-block-list\"><li>R$ 3.017,34<\/li>\n<\/ul><\/li>\n<\/ul><h3 class=\"wp-block-heading\">N\u00edvel superior<\/h3>\n\n\n\n<ul class=\"wp-block-list\"><li>T\u00e9cnico de N\u00edvel Superior \u2013 Administra\u00e7\u00e3o: 15 vagas\n<ul class=\"wp-block-list\"><li>R$ 3.626,54<\/li>\n<\/ul><\/li>\n\n\n\n<li>T\u00e9cnico de N\u00edvel Superior \u2013 Arquitetura: 5 vagas\n<ul class=\"wp-block-list\"><li>R$ 7.530,75<\/li>\n<\/ul><\/li>\n\n\n\n<li>T\u00e9cnico de N\u00edvel Superior \u2013 Ci\u00eancias Cont\u00e1beis: 10 vagas\n<ul class=\"wp-block-list\"><li>R$ 3.626,54<\/li>\n<\/ul><\/li>\n\n\n\n<li>T\u00e9cnico de N\u00edvel Superior \u2013 Engenharia Civil: 8 vagas\n<ul class=\"wp-block-list\"><li>R$ 7.530,75<\/li>\n<\/ul><\/li>\n\n\n\n<li>T\u00e9cnico de N\u00edvel Superior \u2013 Engenharia Civil (Especialista em Estruturas): 2 vagas\n<ul class=\"wp-block-list\"><li>R$ 7.530,75<\/li>\n<\/ul><\/li>\n\n\n\n<li>T\u00e9cnico de N\u00edvel Superior \u2013 Engenharia Civil (Especialista em Hidr\u00e1ulica): 2 vagas\n<ul class=\"wp-block-list\"><li>R$ 7.530,75<\/li>\n<\/ul><\/li>\n\n\n\n<li>T\u00e9cnico de N\u00edvel Superior \u2013 Engenharia de Agrimensura: 1 vaga\n<ul class=\"wp-block-list\"><li>R$ 7.530,75<\/li>\n<\/ul><\/li>\n\n\n\n<li>T\u00e9cnico de N\u00edvel Superior \u2013 Engenharia El\u00e9trica: 6 vagas\n<ul class=\"wp-block-list\"><li>R$ 7.530,75<\/li>\n<\/ul><\/li>\n\n\n\n<li>Professor Orientador de Est\u00e1gio em Sa\u00fade (Enfermagem): 222 vagas\n<ul class=\"wp-block-list\"><li>R$ 3.256,70<\/li>\n<\/ul><\/li>\n\n\n\n<li>Professor Orientador de Est\u00e1gio em Sa\u00fade (Radiologia): 6 vagas\n<ul class=\"wp-block-list\"><li>R$ 3.256,70<\/li>\n<\/ul><\/li>\n<\/ul><p><\/p>\n\n\n\n<p>Al\u00e9m da remunera\u00e7\u00e3o mensal, os profissionais contratados por meio do concurso SEC BA tamb\u00e9m ter\u00e3o direito a benef\u00edcios previstos em edital, incluindo:<\/p>\n\n\n\n<ul class=\"wp-block-list\"><li>Assist\u00eancia M\u00e9dica (PLANSERV), com ades\u00e3o facultativa e contribui\u00e7\u00e3o mensal com desconto em folha;<\/li>\n\n\n\n<li>Aux\u00edlio-alimenta\u00e7\u00e3o, pago por dia \u00fatil trabalhado;<\/li>\n\n\n\n<li>Aux\u00edlio-transporte, concedido por dia \u00fatil trabalhado para custear o deslocamento resid\u00eancia\u2013trabalho e vice-versa.<\/li>\n<\/ul><h2 class=\"wp-block-heading\" id=\"requisitos-bsicos-do-concurso-sec-ba\">Requisitos b\u00e1sicos do concurso SEC BA<\/h2>\n\n\n\n<p>Confira abaixo quais s\u00e3o os requisitos b\u00e1sicos exigidos para a participa\u00e7\u00e3o no concurso SEC BA:<\/p>\n\n\n\n<ul class=\"wp-block-list\"><li>Ser brasileiro nato, naturalizado ou possuir nacionalidade portuguesa amparada pelo estatuto de igualdade entre brasileiros e portugueses, com reconhecimento do gozo dos direitos pol\u00edticos, nos termos do \u00a7 1\u00ba do artigo 12 da Constitui\u00e7\u00e3o Federal;<\/li>\n\n\n\n<li>Ter idade m\u00ednima de 18 (dezoito) anos;<\/li>\n\n\n\n<li>Estar em pleno gozo e exerc\u00edcio dos direitos pol\u00edticos;<\/li>\n\n\n\n<li>Ser eleitor e estar em dia com as obriga\u00e7\u00f5es eleitorais;<\/li>\n\n\n\n<li>Estar em dia com os deveres do Servi\u00e7o Militar obrigat\u00f3rio para os candidatos do sexo masculino;<\/li>\n\n\n\n<li>Possuir aptid\u00e3o f\u00edsica e mental para o exerc\u00edcio das atribui\u00e7\u00f5es da fun\u00e7\u00e3o tempor\u00e1ria;<\/li>\n\n\n\n<li>Possuir idoneidade moral, comprovada pela inexist\u00eancia de antecedentes criminais, atestados por certid\u00f5es negativas expedidas por \u00f3rg\u00e3os policiais e judiciais, estaduais e federais;<\/li>\n\n\n\n<li>N\u00e3o ter perdido cargo eletivo de governador e de vice-governador do Estado e o de prefeito e de vice-prefeito, por infring\u00eancia ao dispositivo da Constitui\u00e7\u00e3o Estadual ou da Lei Org\u00e2nica do Munic\u00edpio, nos \u00faltimos 8 (oito) anos;<\/li>\n\n\n\n<li>N\u00e3o ter contra si representa\u00e7\u00e3o julgada procedente pela justi\u00e7a eleitoral em decis\u00e3o transitada em julgado, em processo de apura\u00e7\u00e3o de abuso de poder econ\u00f4mico ou pol\u00edtico nos \u00faltimos 8 (oito) anos;<\/li>\n\n\n\n<li>N\u00e3o ter contra si decis\u00e3o condenat\u00f3ria transitada em julgado ou proferida por \u00f3rg\u00e3o judicial colegiado, desde a condena\u00e7\u00e3o at\u00e9 o transcurso do prazo de 8 (oito) anos ap\u00f3s o cumprimento da pena pelos crimes:\n<ul class=\"wp-block-list\"><li>Contra a economia popular, a f\u00e9 p\u00fablica, a administra\u00e7\u00e3o p\u00fablica e o patrim\u00f4nio p\u00fablico;<\/li>\n\n\n\n<li>Contra o patrim\u00f4nio privado, o sistema financeiro, o mercado de capitais e os previstos na lei que regula a fal\u00eancia;<\/li>\n\n\n\n<li>Contra o meio ambiente e a sa\u00fade p\u00fablica; eleitorais, para os quais a lei comine pena privativa de liberdade;<\/li>\n\n\n\n<li>De abuso de autoridade, nos casos em que houver condena\u00e7\u00e3o \u00e0 perda do cargo ou \u00e0 inabilita\u00e7\u00e3o para o exerc\u00edcio da fun\u00e7\u00e3o p\u00fablica;<\/li>\n\n\n\n<li>De lavagem ou oculta\u00e7\u00e3o de bens, direitos e valores;<\/li>\n\n\n\n<li>De tr\u00e1fico de entorpecentes e drogas afins, racismo, tortura, terrorismo e hediondos;<br>de redu\u00e7\u00e3o \u00e0 condi\u00e7\u00e3o an\u00e1loga \u00e0 de escravo;<\/li>\n\n\n\n<li>Contra a vida e a dignidade sexual; e<\/li>\n\n\n\n<li>Praticados por organiza\u00e7\u00e3o criminosa, quadrilha ou bando.<\/li>\n<\/ul><\/li>\n\n\n\n<li>N\u00e3o ter contra si decretada a da suspens\u00e3o dos direitos pol\u00edticos, em decis\u00e3o transitada em julgado ou por \u00f3rg\u00e3o judicial colegiado, por ato doloso e de improbidade administrativa que importe les\u00e3o ao patrim\u00f4nio p\u00fablico e enriquecimento il\u00edcito, desde a condena\u00e7\u00e3o ou o tr\u00e2nsito em julgado at\u00e9 o transcurso do prazo de 08 (oito) anos ap\u00f3s o cumprimento da pena;<\/li>\n\n\n\n<li>N\u00e3o ter sido exclu\u00eddo do exerc\u00edcio da profiss\u00e3o, por decis\u00e3o sancionat\u00f3ria do \u00f3rg\u00e3o profissional competente, em decorr\u00eancia de infra\u00e7\u00e3o \u00e9tico profissional, pelo prazo de 8 (oito) anos, salvo se o ato houver sido anulado ou suspenso pelo Poder Judici\u00e1rio;<\/li>\n\n\n\n<li>N\u00e3o ter sido demitido do servi\u00e7o p\u00fablico em decorr\u00eancia de processo administrativo ou judicial, pelo prazo de oito anos, contados da decis\u00e3o, salvo se o ato houver sido suspenso ou anulado pelo Poder Judici\u00e1rio;<\/li>\n\n\n\n<li>No caso de Magistrado e de membro do Minist\u00e9rio P\u00fablico, n\u00e3o ter sido aposentado compulsoriamente por decis\u00e3o sancionat\u00f3ria, que n\u00e3o tenha perdido o cargo por senten\u00e7a ou que n\u00e3o tenha pedido exonera\u00e7\u00e3o ou aposentadoria volunt\u00e1ria na pend\u00eancia de processo administrativo disciplinar, pelo prazo de oito anos;<\/li>\n\n\n\n<li>Ter sido selecionado conforme o estabelecido no Edital do concurso SEC BA Tempor\u00e1rios;<\/li>\n\n\n\n<li>Apresentar os documentos comprobat\u00f3rios da escolaridade e requisitos.<\/li>\n<\/ul><h2 class=\"wp-block-heading\" id=\"atribuies\">Atribui\u00e7\u00f5es<\/h2>\n\n\n\n<p>Confira as atividades previstas para algumas das fun\u00e7\u00f5es do concurso SEC BA:<\/p>\n\n\n\n<h3 class=\"wp-block-heading\">Professor Orientador de Est\u00e1gio em Sa\u00fade \u2013 Enfermagem<\/h3>\n\n\n\n<p>Planejar e executar o plano de est\u00e1gio, preparando os estudantes para a pr\u00e1tica e acompanhando suas atividades nos campos supervisionados; revisar conte\u00fados te\u00f3ricos e aplicar metodologias de ensino; avaliar continuamente o desempenho dos estagi\u00e1rios, registrar frequ\u00eancia e emitir parecer final; manter articula\u00e7\u00e3o com coordena\u00e7\u00e3o, docentes e institui\u00e7\u00f5es concedentes; zelar pela seguran\u00e7a, \u00e9tica, qualidade do est\u00e1gio e uso adequado de materiais; orientar relat\u00f3rios e projetos, al\u00e9m de contribuir para a\u00e7\u00f5es de interven\u00e7\u00e3o social.<\/p>\n\n\n\n<h3 class=\"wp-block-heading\">T\u00e9cnico Administrativo em N\u00edvel M\u00e9dio<\/h3>\n\n\n\n<p>Planejar e acompanhar atividades de est\u00e1gio, auxiliando na prepara\u00e7\u00e3o te\u00f3rica e pr\u00e1tica dos estudantes; supervisionar e avaliar o desempenho dos estagi\u00e1rios; controlar frequ\u00eancia e registros acad\u00eamicos; manter articula\u00e7\u00e3o com coordena\u00e7\u00e3o e institui\u00e7\u00f5es parceiras; zelar pela organiza\u00e7\u00e3o, seguran\u00e7a e qualidade das atividades de est\u00e1gio; orientar relat\u00f3rios e colaborar com a\u00e7\u00f5es de forma\u00e7\u00e3o profissional e interven\u00e7\u00e3o social.<\/p>\n\n\n\n<h2 class=\"wp-block-heading\" id=\"etapas-de-seleo-do-concurso-sec-ba\">Etapas de sele\u00e7\u00e3o do concurso SEC BA<\/h2>\n\n\n\n<p>Os candidatos do concurso SEC BA ser\u00e3o avaliados por meio de uma \u00fanica etapa de sele\u00e7\u00e3o, a prova objetiva, que possui car\u00e1ter eliminat\u00f3rio e classificat\u00f3rio.<\/p>\n\n\n\n<h3 class=\"wp-block-heading\">Prova Objetiva<\/h3>\n\n\n\n<p>A prova objetiva do concurso SEC BA est\u00e1 prevista para o dia <strong>29 de mar\u00e7o de 2026<\/strong>, com aplica\u00e7\u00e3o no turno da tarde e dura\u00e7\u00e3o total de 4 horas, conforme estabelecido nos editais. A etapa ser\u00e1 composta por quest\u00f5es de m\u00faltipla escolha, com cinco alternativas e apenas uma resposta correta, avaliando conhecimentos gerais e conte\u00fados espec\u00edficos de acordo com o n\u00edvel do cargo.<\/p>\n\n\n\n<p>Segundo a organiza\u00e7\u00e3o do certame, a aplica\u00e7\u00e3o do exame ocorrer\u00e1 em diferentes munic\u00edpios da Bahia, ampliando as possibilidades de escolha de local para os candidatos. Confira as cidades previstas para a realiza\u00e7\u00e3o da prova do concurso SEC BA:<\/p>\n\n\n\n<ul class=\"wp-block-list\"><li>Alagoinhas<\/li>\n\n\n\n<li>Amargosa<\/li>\n\n\n\n<li>Barreiras<\/li>\n\n\n\n<li>Bom Jesus da Lapa<\/li>\n\n\n\n<li>Caetit\u00e9<\/li>\n\n\n\n<li>Eun\u00e1polis<\/li>\n\n\n\n<li>Feira de Santana<\/li>\n\n\n\n<li>Ipir\u00e1<\/li>\n\n\n\n<li>Irec\u00ea<\/li>\n\n\n\n<li>Itaberaba<\/li>\n\n\n\n<li>Itabuna<\/li>\n\n\n\n<li>Itapetinga<\/li>\n\n\n\n<li>Jacobina<\/li>\n\n\n\n<li>Jequi\u00e9<\/li>\n\n\n\n<li>Juazeiro<\/li>\n\n\n\n<li>Maca\u00fabas<\/li>\n\n\n\n<li>Paulo Afonso<\/li>\n\n\n\n<li>Ribeira do Pombal<\/li>\n\n\n\n<li>Salvador<\/li>\n\n\n\n<li>Santa Maria da Vit\u00f3ria<\/li>\n\n\n\n<li>Santo Ant\u00f4nio de Jesus<\/li>\n\n\n\n<li>Seabra<\/li>\n\n\n\n<li>Senhor do Bonfim<\/li>\n\n\n\n<li>Serrinha<\/li>\n\n\n\n<li>Teixeira de Freitas<\/li>\n\n\n\n<li>Valen\u00e7a<\/li>\n\n\n\n<li>Vit\u00f3ria da Conquista<\/li>\n<\/ul><p><\/p>\n\n\n\n<p>A prova objetiva do concurso SEC BA ser\u00e1 formada por quest\u00f5es objetivas divididas entre <strong>Conhecimentos Gerais<\/strong> e <strong>Conhecimentos Espec\u00edficos<\/strong>, com distribui\u00e7\u00e3o id\u00eantica para n\u00edvel m\u00e9dio e n\u00edvel superior, mudando apenas o conte\u00fado espec\u00edfico, que varia conforme a especialidade do cargo.<\/p>\n\n\n\n<h4 class=\"wp-block-heading\">Estrutura da prova (n\u00edvel m\u00e9dio)<\/h4>\n\n\n\n<p>Conhecimentos Gerais<\/p>\n\n\n\n<ul class=\"wp-block-list\"><li>L\u00edngua Portuguesa: 10 quest\u00f5es<\/li>\n\n\n\n<li>Conhecimentos Contextuais (Atualidades): 5 quest\u00f5es<\/li>\n\n\n\n<li>Pol\u00edticas Educacionais e de Combate \u00e0 Pobreza: 3 quest\u00f5es<\/li>\n\n\n\n<li>No\u00e7\u00f5es Gerais da Igualdade Racial e de G\u00eanero: 2 quest\u00f5es<\/li>\n<\/ul><p>Conhecimentos Espec\u00edficos<\/p>\n\n\n\n<ul class=\"wp-block-list\"><li>Conhecimentos Espec\u00edficos: 30 quest\u00f5es<\/li>\n<\/ul><h4 class=\"wp-block-heading\">Estrutura da prova (n\u00edvel superior)<\/h4>\n\n\n\n<p>Conhecimentos Gerais<\/p>\n\n\n\n<ul class=\"wp-block-list\"><li>L\u00edngua Portuguesa: 10 quest\u00f5es<\/li>\n\n\n\n<li>Conhecimentos Contextuais (Atualidades): 5 quest\u00f5es<\/li>\n\n\n\n<li>Pol\u00edticas Educacionais e de Combate \u00e0 Pobreza: 3 quest\u00f5es<\/li>\n\n\n\n<li>No\u00e7\u00f5es Gerais da Igualdade Racial e de G\u00eanero: 2 quest\u00f5es<\/li>\n<\/ul><p>Conhecimentos Espec\u00edficos<\/p>\n\n\n\n<ul class=\"wp-block-list\"><li>Conhecimentos Espec\u00edficos (conforme especialidade): 30 quest\u00f5es<\/li>\n<\/ul><p><\/p>\n\n\n\n<p>Para ser considerado aprovado no concurso SEC BA, o candidato dever\u00e1 alcan\u00e7ar pelo menos 40 pontos, o equivalente a 50% da pontua\u00e7\u00e3o total da prova objetiva. Al\u00e9m disso, o edital prev\u00ea elimina\u00e7\u00e3o do candidato que n\u00e3o atingir a nota m\u00ednima ou que zerar a avalia\u00e7\u00e3o, o que refor\u00e7a a necessidade de desempenho equilibrado ao longo de toda a prova.<\/p>\n\n\n\n<h2 class=\"wp-block-heading\" id=\"concurso-sec-ba-edital-em-andamento\">Concurso SEC BA: Edital em andamento!<\/h2>\n\n\n\n<p>Al\u00e9m dos editais rec\u00e9m-publicados, \u00e9 importante destacar que h\u00e1 outro concurso SEC BA que segue em andamento. Trata-se de uma sele\u00e7\u00e3o voltada para o cargo de Professor da Educa\u00e7\u00e3o B\u00e1sica, com <strong>1.906 vagas imediatas<\/strong>, al\u00e9m de cadastro reserva, distribu\u00eddas entre diferentes \u00e1reas de licenciatura.<\/p>\n\n\n\n<p>As oportunidades contemplam as seguintes forma\u00e7\u00f5es:<\/p>\n\n\n\n<ul class=\"wp-block-list\"><li>Artes<\/li>\n\n\n\n<li>Biologia<\/li>\n\n\n\n<li>Educa\u00e7\u00e3o do Campo (qualquer \u00eanfase)<\/li>\n\n\n\n<li>Educa\u00e7\u00e3o F\u00edsica<\/li>\n\n\n\n<li>Filosofia<\/li>\n\n\n\n<li>F\u00edsica<\/li>\n\n\n\n<li>Geografia<\/li>\n\n\n\n<li>Hist\u00f3ria<\/li>\n\n\n\n<li>L\u00edngua Inglesa<\/li>\n\n\n\n<li>L\u00edngua Portuguesa<\/li>\n\n\n\n<li>Matem\u00e1tica<\/li>\n\n\n\n<li>Qu\u00edmica<\/li>\n\n\n\n<li>Sociologia<\/li>\n<\/ul><p>No aspecto remunerat\u00f3rio, o concurso SEC BA prev\u00ea sal\u00e1rio de <strong>R$ 3.256,70<\/strong> para jornada de 20 horas semanais, sob o Regime Especial de Direito Administrativo (REDA). O contrato possui vig\u00eancia inicial de 36 meses, com possibilidade de prorroga\u00e7\u00e3o por mais 36 meses, podendo totalizar at\u00e9 6 anos, conforme necessidade da administra\u00e7\u00e3o p\u00fablica.<\/p>\n\n\n\n<h3 class=\"wp-block-heading\">Etapas do concurso SEC BA em andamento<\/h3>\n\n\n\n<p>A sele\u00e7\u00e3o desse concurso SEC BA foi estruturada em etapa \u00fanica, composta por <strong>prova objetiva<\/strong>, com car\u00e1ter eliminat\u00f3rio e classificat\u00f3rio.<\/p>\n\n\n\n<h4 class=\"wp-block-heading\">Prova objetiva<\/h4>\n\n\n\n<p>A aplica\u00e7\u00e3o da prova ocorreu em <strong>14 de setembro de 2025<\/strong>, no per\u00edodo das <strong>08h \u00e0s 12h<\/strong>. Ao todo, os candidatos responderam a 50 quest\u00f5es de m\u00faltipla escolha, com valor de 1 ponto por quest\u00e3o, totalizando 50 pontos.<\/p>\n\n\n\n<p>A avalia\u00e7\u00e3o foi organizada em dois blocos:<\/p>\n\n\n\n<p>Conhecimentos Gerais (20 quest\u00f5es)<\/p>\n\n\n\n<ul class=\"wp-block-list\"><li>L\u00edngua Portuguesa<\/li>\n\n\n\n<li>Pol\u00edticas Educacionais e de Combate \u00e0 Pobreza<\/li>\n\n\n\n<li>No\u00e7\u00f5es Gerais sobre Igualdade Racial e de G\u00eanero<\/li>\n<\/ul><p>Conhecimentos Espec\u00edficos (30 quest\u00f5es)<\/p>\n\n\n\n<ul class=\"wp-block-list\"><li>Conte\u00fado espec\u00edfico conforme a \u00e1rea de licenciatura escolhida pelo candidato<\/li>\n<\/ul><p><\/p>\n\n\n\n<p>Para ser considerado aprovado no concurso SEC BA, o candidato precisou cumprir dois requisitos simult\u00e2neos:<\/p>\n\n\n\n<ul class=\"wp-block-list\"><li>obter, no m\u00ednimo, <strong>25 pontos<\/strong> no total da prova;<\/li>\n\n\n\n<li>n\u00e3o zerar nenhum dos blocos de conhecimento, ou seja, acertar <strong>ao menos uma quest\u00e3o em cada \u00e1rea<\/strong>.<\/li>\n<\/ul><h2 class=\"wp-block-heading\" id=\"o-que-cai-na-prova-do-concurso-sec-ba\">O que cai na prova do concurso SEC BA?<\/h2>\n\n\n\n<p>Confira abaixo o cante\u00fado program\u00e1tico das provas objetivas do concurso SEC BA:<\/p>\n\n\n\n<h3 class=\"wp-block-heading\">L\u00edngua Portuguesa<\/h3>\n\n\n\n<ul class=\"wp-block-list\"><li>Leitura e atribui\u00e7\u00e3o de sentidos de textos verbais e n\u00e3o verbais extra\u00eddos de livros, peri\u00f3dicos contempor\u00e2neos em meios impressos e eletr\u00f4nicos.<\/li>\n\n\n\n<li>Textos mistos: verbais e n\u00e3o verbais inclusive imag\u00e9ticos.<\/li>\n\n\n\n<li>Sem\u00e2ntica e o sentido das palavras: rela\u00e7\u00e3o entre significantes (sinais, s\u00edmbolos, palavras e frases).<\/li>\n\n\n\n<li>Pontua\u00e7\u00e3o e seus recursos sint\u00e1tico-sem\u00e2nticos.<\/li>\n<\/ul><h3 class=\"wp-block-heading\">Conhecimentos Contextuais<\/h3>\n\n\n\n<ul class=\"wp-block-list\"><li>Conhecimentos contextualizados \u00e0 realidade brasileira contempor\u00e2nea e suas demandas socioambientais, pol\u00edticas e econ\u00f4micas.<\/li>\n\n\n\n<li>Temas de interesse do mundo globalizado pautados pelas diversas m\u00eddias.<\/li>\n\n\n\n<li>Temas de repercuss\u00e3o e relev\u00e2ncia veiculados nas m\u00eddias em \u00e2mbito nacional e local.<\/li>\n\n\n\n<li>Vis\u00e3o cr\u00edtica frente aos desafios apresentados no cen\u00e1rio contempor\u00e2neo global, especificamente no Brasil e as rela\u00e7\u00f5es com a Educa\u00e7\u00e3o brasileira.<\/li>\n<\/ul><h3 class=\"wp-block-heading\">Conhecimentos sobre Pol\u00edticas Educacionais e de Combate \u00e0 Pobreza<\/h3>\n\n\n\n<ul class=\"wp-block-list\"><li>Lei de Diretrizes e Bases da Educa\u00e7\u00e3o Nacional.<\/li>\n\n\n\n<li>Concep\u00e7\u00e3o Hist\u00f3rico-Cr\u00edtica da Educa\u00e7\u00e3o.<\/li>\n\n\n\n<li>Projeto Pol\u00edtico Pedag\u00f3gico da Escola.<\/li>\n\n\n\n<li>Hist\u00f3rico, objetivos, resultados alcan\u00e7ados, \u00edndices de pobreza no Brasil e no mundo, projetos sociais, legisla\u00e7\u00e3o, Decreto 12.830\/11 (Bahia).<\/li>\n\n\n\n<li>Decreto Federal 4.564\/2003.<\/li>\n\n\n\n<li>Lei 14.945, de 31 de julho de 2024.<\/li>\n\n\n\n<li>Resolu\u00e7\u00e3o n\u00ba 01, de 5 de janeiro de 2021.<\/li>\n\n\n\n<li>Resolu\u00e7\u00e3o n\u00ba 03, de 8 de abril de 2025.<\/li>\n<\/ul><h3 class=\"wp-block-heading\">No\u00e7\u00f5es Gerais da Igualdade Racial e de G\u00eanero<\/h3>\n\n\n\n<ul class=\"wp-block-list\"><li>Constitui\u00e7\u00e3o da Rep\u00fablica Federativa do Brasil (art. 1\u00ba, 3\u00ba, 4\u00ba e 5\u00ba).<\/li>\n\n\n\n<li>Constitui\u00e7\u00e3o do Estado da Bahia (Cap. XXIII \u201cDo Negro\u201d).<\/li>\n\n\n\n<li>Lei Federal n\u00ba 12.288, de 20 de julho de 2010 (Estatuto da Igualdade Racial).<\/li>\n\n\n\n<li>Lei Estadual n\u00ba 13.182, de 06 de junho de 2014 (Estatuto da Igualdade Racial e de Combate a Intoler\u00e2ncia Religiosa), regulamentada pelo Decreto Estadual n\u00ba 15.353, de 08 de agosto de 2014, Decreto Estadual n\u00ba 15.670, de 19 de novembro de 2014, Decreto Estadual n\u00ba 15.671, de 19 de novembro de 2014, Decreto Estadual n\u00ba 15.669, de 19 de novembro de 2014.<\/li>\n\n\n\n<li>Lei Federal n\u00ba 7.716, de 05 de janeiro de 1989 (Tipifica\u00e7\u00e3o dos crimes resultantes de preconceito de ra\u00e7a ou de cor).<\/li>\n\n\n\n<li>Decreto Federal n\u00ba 65.810, de 08 de dezembro de 1969 (Conven\u00e7\u00e3o internacional sobre a elimina\u00e7\u00e3o de todas as formas de discrimina\u00e7\u00e3o racial).<\/li>\n\n\n\n<li>Decreto Federal n\u00ba 4.377, de 13 de setembro de 2002 (Conven\u00e7\u00e3o sobre elimina\u00e7\u00e3o de todas as formas de discrimina\u00e7\u00e3o contra a mulher).<\/li>\n\n\n\n<li>Lei Federal n\u00ba 11.340, de 07 de agosto de 2006 (Lei Maria da Penha).<\/li>\n\n\n\n<li>C\u00f3digo Penal Brasileiro (art. 140).<\/li>\n\n\n\n<li>Lei Federal n\u00ba 9.455, de 07 de abril de 1997 (Combate \u00e0 Tortura).<\/li>\n\n\n\n<li>Lei Federal n\u00ba 2.889, de 01 de outubro de 1956 (Combate ao Genoc\u00eddio).<\/li>\n\n\n\n<li>Lei Federal n\u00ba 7.437, de 20 de dezembro de 1985 (Lei Ca\u00f3).<\/li>\n\n\n\n<li>Lei Estadual n\u00ba 10.549, de 28 de dezembro de 2006 (Modifica a estrutura Organizacional da Administra\u00e7\u00e3o P\u00fablica do Poder Executivo Estadual e d\u00e1 outras provid\u00eancias).<\/li>\n\n\n\n<li>Lei Estadual n\u00ba 12.212, de 04 de maio de 2011 (Modifica a estrutura organizacional e cargos em comiss\u00e3o da Administra\u00e7\u00e3o P\u00fablica do Poder Executivo Estadual e d\u00e1 outras provid\u00eancias).<\/li>\n\n\n\n<li>Lei n\u00ba 10.639, de 9 de janeiro de 2003.<\/li>\n\n\n\n<li>Lei n\u00ba 11.645, de 10 de mar\u00e7o de 2008.<\/li>\n<\/ul><h2 class=\"wp-block-heading\" id=\"materiais-preparatrios-para-o-concurso-da-sec-ba\">Materiais preparat\u00f3rios para o concurso da SEC BA<\/h2>\n\n\n\n<p>Se voc\u00ea chegou aqui, \u00e9 porque est\u00e1 de olho no concurso da SEC Bahia, uma excelente oportunidade para ingressar no servi\u00e7o p\u00fablico e garantir estabilidade financeira!<\/p>\n\n\n\n<p>Quem se antecipa e se prepara com os melhores materiais tem uma vantagem decisiva. E \u00e9 exatamente isso que a\u00a0<a href=\"https:\/\/www.novaconcursos.com.br\/?promo_creative=Nova+Concursos&amp;promo_name=concurso&amp;promo_id=%2Fportal%2Fconcursos%2Fconcurso-cfm-df&amp;promo_position=corpo-texto\">Nova Concursos<\/a>\u00a0oferece!<\/p>\n\n\n\n<p>Nosso m\u00e9todo de estudo \u00e9 comprovado para acelerar sua prepara\u00e7\u00e3o. Com uma trajet\u00f3ria de sucesso que j\u00e1 ajudou mais de 70 mil candidatos a conquistarem suas vagas, estamos prontos para levar voc\u00ea ao pr\u00f3ximo n\u00edvel.<\/p>\n\n\n\n<p>Comece sua prepara\u00e7\u00e3o com os materiais da Nova Concursos e aumente suas chances de aprova\u00e7\u00e3o!<\/p>\n\n\n\n<h3 class=\"wp-block-heading\">Apostilas SEC-BA<\/h3>\n\n\n\n<p>Prepare-se para conquistar sua vaga na SEC BA com nossas apostilas! A Nova Concursos est\u00e1 ao seu lado nesta jornada, preparando as Apostilas SEC-BA para te auxiliarem em sua prepara\u00e7\u00e3o! Nossas apostilas s\u00e3o resultado da combina\u00e7\u00e3o de <strong>professores especializados<\/strong> em concursos p\u00fablicos com a <strong>organiza\u00e7\u00e3o<\/strong> do nosso time editorial, garantindo um conte\u00fado de alta qualidade. Os materias s\u00e3o constantemente atualizados pela nossa equipe e incluem quest\u00f5es gabaritadas recentes.<\/p>\n\n\n\n<div class=\"nova-continue-reading\">Adquira j\u00e1: <a href=\"https:\/\/www.novaconcursos.com.br\/concurso\/sec-ba-secretaria-de-educacao-do-estado-da-bahia\/apostilas\">Apostilas SEC-BA<\/a><\/div>\n\n\n\n<h3 class=\"wp-block-heading\">Curso Online SEC BA \u2013 T\u00e9cnico de Atendimento Educacional Especializado<\/h3>\n\n\n\n<p>Nosso Curso Online SEC-BA \u2013 T\u00e9cnico de Atendimento Educacional Especializado est\u00e1 atualizado com as mais recentes informa\u00e7\u00f5es! Organizado por disciplinas e t\u00f3picos conforme o edital, o curso oferece uma prepara\u00e7\u00e3o eficiente e estruturada. Nossas aulas s\u00e3o ministradas por professores especializados e experientes em concursos p\u00fablicos, seguindo a mesma sequ\u00eancia do edital para facilitar sua organiza\u00e7\u00e3o. Com acesso ilimitado por 365 dias, voc\u00ea pode revisar o material sempre que precisar. <a href=\"https:\/\/www.novaconcursos.com.br\/concurso\/sec-ba-secretaria-de-educacao-do-estado-da-bahia\/cursos-online\">Confira nosso curso<\/a> e comece a sua prepara\u00e7\u00e3o agora mesmo!<\/p>\n\n\n\n<h3 class=\"wp-block-heading\">Mapa de Quest\u00f5es Online \u2013 SEC-BA \u2013 T\u00e9cnico de Atendimento Educacional Especializado<\/h3>\n\n\n\n<p>O <a href=\"https:\/\/www.novaconcursos.com.br\/concurso\/sec-ba-secretaria-de-educacao-do-estado-da-bahia\/questoes\">Mapa de Quest\u00f5es Online \u2013 SEC-BA \u2013 T\u00e9cnico de Atendimento Educacional Especializado<\/a> oferece 7 mil quest\u00f5es, organizadas conforme os temas exigidos no \u00faltimo edital.<\/p>\n\n\n\n<p><strong>Por que adquirir?<\/strong><\/p>\n\n\n\n<ul class=\"wp-block-list\"><li><strong>Quest\u00f5es separadas por assunto<\/strong>, de acordo com o que foi exigido no edital;<\/li>\n\n\n\n<li>Ao resolver um grande n\u00famero de quest\u00f5es, voc\u00ea consegue identificar os <strong>assuntos mais cobrados<\/strong> nas provas;<\/li>\n\n\n\n<li>Avalie seu <strong>desempenho por mat\u00e9ria e assunto<\/strong>, permitindo focar no que precisa de mais aten\u00e7\u00e3o.<\/li>\n<\/ul><p>Adquira agora e maximize sua prepara\u00e7\u00e3o para o concurso!<\/p>\n\n\n\n<h2 class=\"wp-block-heading\" id=\"ltima-seleo-da-sec-ba\">\u00daltima sele\u00e7\u00e3o da SEC BA<\/h2>\n\n\n\n<p>O \u00faltimo concurso SEC BA foi realizado no in\u00edcio de 2025 e contou com <strong>1.487 vagas,<\/strong> distribu\u00eddas entre os cargos de Professor da Educa\u00e7\u00e3o Ind\u00edgena, Professor da Educa\u00e7\u00e3o Profissional e Mediador. A sele\u00e7\u00e3o teve como objetivo refor\u00e7ar o atendimento da rede estadual de ensino em \u00e1reas espec\u00edficas, contemplando diferentes perfis de forma\u00e7\u00e3o e n\u00edveis de escolaridade.<\/p>\n\n\n\n<p>No edital 03\/2025, foram disponibilizadas 152 vagas para Professor da Educa\u00e7\u00e3o Ind\u00edgena. Para concorrer, o candidato precisava atender aos crit\u00e9rios de escolaridade definidos no documento, incluindo ensino m\u00e9dio com forma\u00e7\u00e3o em magist\u00e9rio, licenciatura plena ou licenciatura intercultural em Educa\u00e7\u00e3o, conforme previsto para a atua\u00e7\u00e3o junto \u00e0s comunidades ind\u00edgenas.<\/p>\n\n\n\n<p>Ainda no edital 03\/2025, o concurso SEC BA ofertou 668 vagas para o cargo de Professor da Educa\u00e7\u00e3o Profissional, exigindo ensino superior completo na \u00e1rea relacionada \u00e0 especialidade. As oportunidades foram distribu\u00eddas em diversos eixos, como sa\u00fade, tecnologia, gest\u00e3o e ind\u00fastria. Veja as \u00e1reas contempladas:<\/p>\n\n\n\n<h3 class=\"wp-block-heading\">Ambiente e Sa\u00fade<\/h3>\n\n\n\n<ul class=\"wp-block-list\"><li>T\u00e9cnico em An\u00e1lises Cl\u00ednicas;<\/li>\n\n\n\n<li>T\u00e9cnico em Enfermagem;<\/li>\n\n\n\n<li>T\u00e9cnico em Massoterapia;<\/li>\n\n\n\n<li>T\u00e9cnico em Meio Ambiente;<\/li>\n\n\n\n<li>T\u00e9cnico em Nutri\u00e7\u00e3o e Diet\u00e9tica;<\/li>\n\n\n\n<li>T\u00e9cnico em Radiologia;<\/li>\n\n\n\n<li>T\u00e9cnico em Sa\u00fade Bucal;<\/li>\n\n\n\n<li>T\u00e9cnico em Veterin\u00e1ria.<\/li>\n<\/ul><h3 class=\"wp-block-heading\">Controle e Processos Industriais<\/h3>\n\n\n\n<ul class=\"wp-block-list\"><li>T\u00e9cnico em Eletroeletr\u00f4nica;<\/li>\n\n\n\n<li>T\u00e9cnico em Eletromec\u00e2nica;<\/li>\n\n\n\n<li>T\u00e9cnico em Eletrot\u00e9cnica;<\/li>\n\n\n\n<li>T\u00e9cnico em Manuten\u00e7\u00e3o Automotiva;<\/li>\n\n\n\n<li>T\u00e9cnico em Mecatr\u00f4nica;<\/li>\n\n\n\n<li>T\u00e9cnico em Refrigera\u00e7\u00e3o e Climatiza\u00e7\u00e3o;<\/li>\n\n\n\n<li>T\u00e9cnico em Sistemas de Energias Renov\u00e1veis.<\/li>\n<\/ul><h3 class=\"wp-block-heading\">Gest\u00e3o em Neg\u00f3cios<\/h3>\n\n\n\n<ul class=\"wp-block-list\"><li>T\u00e9cnico em Administra\u00e7\u00e3o;<\/li>\n\n\n\n<li>T\u00e9cnico em Finan\u00e7as;<\/li>\n\n\n\n<li>T\u00e9cnico em Log\u00edstica;<\/li>\n\n\n\n<li>T\u00e9cnico em Marketing;<\/li>\n\n\n\n<li>T\u00e9cnico em Recursos Humanos;<\/li>\n\n\n\n<li>T\u00e9cnico em Servi\u00e7os Jur\u00eddicos.<\/li>\n<\/ul><h3 class=\"wp-block-heading\">Informa\u00e7\u00e3o e Comunica\u00e7\u00e3o<\/h3>\n\n\n\n<ul class=\"wp-block-list\"><li>T\u00e9cnico em Computa\u00e7\u00e3o Gr\u00e1fica;<\/li>\n\n\n\n<li>T\u00e9cnico em Desenvolvimento de Sistemas;<\/li>\n\n\n\n<li>T\u00e9cnico em Inform\u00e1tica;<\/li>\n\n\n\n<li>T\u00e9cnico em Manuten\u00e7\u00e3o e Suporte em Inform\u00e1tica;<\/li>\n\n\n\n<li>T\u00e9cnico em Redes de Computadores.<\/li>\n<\/ul><h3 class=\"wp-block-heading\">Infraestrutura<\/h3>\n\n\n\n<ul class=\"wp-block-list\"><li>T\u00e9cnico em Desenho de Constru\u00e7\u00e3o Civil;<\/li>\n\n\n\n<li>T\u00e9cnico em Edifica\u00e7\u00f5es.<\/li>\n<\/ul><h3 class=\"wp-block-heading\">Produ\u00e7\u00e3o Aliment\u00edcia<\/h3>\n\n\n\n<ul class=\"wp-block-list\"><li>T\u00e9cnico em Agroind\u00fastria;<\/li>\n\n\n\n<li>T\u00e9cnico em Alimentos;<\/li>\n\n\n\n<li>T\u00e9cnico em Panifica\u00e7\u00e3o.<\/li>\n<\/ul><h3 class=\"wp-block-heading\">Produ\u00e7\u00e3o Cultural e Design<\/h3>\n\n\n\n<ul class=\"wp-block-list\"><li>T\u00e9cnico em Artes Visuais;<\/li>\n\n\n\n<li>T\u00e9cnico em Conserva\u00e7\u00e3o e Restauro;<\/li>\n\n\n\n<li>T\u00e9cnico em Dan\u00e7a;<\/li>\n\n\n\n<li>T\u00e9cnico em Design de M\u00f3veis;<\/li>\n\n\n\n<li>T\u00e9cnico em Instrumento Musical;<\/li>\n\n\n\n<li>T\u00e9cnico em Multim\u00eddia;<\/li>\n\n\n\n<li>T\u00e9cnico em Processos Fotogr\u00e1ficos;<\/li>\n\n\n\n<li>T\u00e9cnico em Produ\u00e7\u00e3o de \u00c1udio e V\u00eddeo;<\/li>\n\n\n\n<li>T\u00e9cnico em Publicidade;<\/li>\n\n\n\n<li>T\u00e9cnico em Teatro.<\/li>\n<\/ul><h3 class=\"wp-block-heading\">Produ\u00e7\u00e3o Industrial<\/h3>\n\n\n\n<ul class=\"wp-block-list\"><li>T\u00e9cnico em Biocombust\u00edveis;<\/li>\n\n\n\n<li>T\u00e9cnico em Biotecnologia;<\/li>\n\n\n\n<li>T\u00e9cnico em M\u00f3veis;<\/li>\n\n\n\n<li>T\u00e9cnico em Petr\u00f3leo e G\u00e1s;<\/li>\n\n\n\n<li>T\u00e9cnico em Planejamento e Controle de Produ\u00e7\u00e3o;<\/li>\n\n\n\n<li>T\u00e9cnico em Qu\u00edmica.<\/li>\n<\/ul><h3 class=\"wp-block-heading\">Recursos Naturais<\/h3>\n\n\n\n<ul class=\"wp-block-list\"><li>T\u00e9cnico em Agricultura;<\/li>\n\n\n\n<li>T\u00e9cnico em Agroecologia;<\/li>\n\n\n\n<li>T\u00e9cnico em Agroneg\u00f3cio;<\/li>\n\n\n\n<li>T\u00e9cnico em Agropecu\u00e1ria;<\/li>\n\n\n\n<li>T\u00e9cnico em Minera\u00e7\u00e3o;<\/li>\n\n\n\n<li>T\u00e9cnico em Zootecnia.<\/li>\n<\/ul><h3 class=\"wp-block-heading\">Seguran\u00e7a<\/h3>\n\n\n\n<ul class=\"wp-block-list\"><li>T\u00e9cnico em Seguran\u00e7a do Trabalho.<\/li>\n<\/ul><h3 class=\"wp-block-heading\">Turismo, Hospitalidade e Lazer<\/h3>\n\n\n\n<ul class=\"wp-block-list\"><li>T\u00e9cnico em Gastronomia;<\/li>\n\n\n\n<li>T\u00e9cnico em Guia de Turismo;<\/li>\n\n\n\n<li>T\u00e9cnico em Hospedagem.<\/li>\n<\/ul><p>Quanto \u00e0 remunera\u00e7\u00e3o, os valores iniciais do concurso SEC BA variaram de R$ 1.303,74 a R$ 3.116,26, de acordo com o cargo e a qualifica\u00e7\u00e3o exigida, al\u00e9m da previs\u00e3o de gratifica\u00e7\u00f5es.<\/p>\n\n\n\n<p>J\u00e1 o edital 04\/2025 trouxe 667 vagas para o cargo de Mediador, com exig\u00eancia de ensino m\u00e9dio completo. A jornada prevista foi de 20 horas semanais, com remunera\u00e7\u00e3o de R$ 1.113,95.<\/p>\n\n\n\n<h3 class=\"wp-block-heading\">Como foram as provas do concurso SEC BA?<\/h3>\n\n\n\n<p>Os candidatos do concurso SEC BA foram avaliados por meio de prova objetiva, aplicada para todos os cargos. Al\u00e9m disso, houve prova de t\u00edtulos exclusivamente para o cargo de Professor da Educa\u00e7\u00e3o Profissional, conforme as regras do edital.<\/p>\n\n\n\n<h4 class=\"wp-block-heading\">Prova objetiva<\/h4>\n\n\n\n<p>A prova objetiva do concurso SEC BA cobrou conte\u00fados conforme o cargo. Veja a distribui\u00e7\u00e3o das disciplinas:<\/p>\n\n\n\n<p>Mediador<\/p>\n\n\n\n<ul class=\"wp-block-list\"><li>L\u00edngua Portuguesa: 10 quest\u00f5es<\/li>\n\n\n\n<li>Conhecimentos Contempor\u00e2neos: 10 quest\u00f5es<\/li>\n\n\n\n<li>No\u00e7\u00f5es Raciais de Igualdade e de G\u00eanero: 10 quest\u00f5es<\/li>\n\n\n\n<li>Conhecimentos Espec\u00edficos por Cargo: 20 quest\u00f5es<\/li>\n<\/ul><p>Professor de Educa\u00e7\u00e3o Ind\u00edgena<\/p>\n\n\n\n<ul class=\"wp-block-list\"><li>L\u00edngua Portuguesa: 8 quest\u00f5es<\/li>\n\n\n\n<li>Matem\u00e1tica: 5 quest\u00f5es<\/li>\n\n\n\n<li>Sociedade e Natureza: 6 quest\u00f5es<\/li>\n\n\n\n<li>No\u00e7\u00f5es Raciais de Igualdade e de G\u00eanero: 6 quest\u00f5es<\/li>\n\n\n\n<li>Conhecimentos Espec\u00edficos: 20 quest\u00f5es<\/li>\n<\/ul><p>Professor da Educa\u00e7\u00e3o Profissional<\/p>\n\n\n\n<ul class=\"wp-block-list\"><li>L\u00edngua Portuguesa: 10 quest\u00f5es<\/li>\n\n\n\n<li>Conhecimentos Contempor\u00e2neos: 10 quest\u00f5es<\/li>\n\n\n\n<li>No\u00e7\u00f5es Raciais de Igualdade e de G\u00eanero: 10 quest\u00f5es<\/li>\n\n\n\n<li>Conhecimentos Espec\u00edficos: 20 quest\u00f5es<\/li>\n<\/ul><p>A prova objetiva teve <strong>pontua\u00e7\u00e3o total de 70 pontos<\/strong>, sendo considerado aprovado o candidato que alcan\u00e7asse <strong>nota igual ou superior a 35 pontos<\/strong>, conforme crit\u00e9rio estabelecido no edital.<\/p>","protected":false},"excerpt":{"rendered":"<p>O concurso SEC BA oferece remunera\u00e7\u00f5es iniciais de at\u00e9 R$7,5 mil!<\/p>\n","protected":false},"author":54693,"featured_media":305124,"comment_status":"closed","ping_status":"closed","sticky":false,"template":"","format":"standard","meta":{"_acf_changed":false,"footnotes":"","_wp_rev_ctl_limit":""},"categories":[44999,44951,44944],"tags":[19963,45025],"class_list":["post-93521","post","type-post","status-publish","format-standard","has-post-thumbnail","hentry","category-concursos","category-ba","category-carreira-educacao","tag-concurso-sec-ba","tag-concursos-abertos-ba"],"acf":[],"_links":{"self":[{"href":"https:\/\/www.novaconcursos.com.br\/portal\/wp-json\/wp\/v2\/posts\/93521","targetHints":{"allow":["GET"]}}],"collection":[{"href":"https:\/\/www.novaconcursos.com.br\/portal\/wp-json\/wp\/v2\/posts"}],"about":[{"href":"https:\/\/www.novaconcursos.com.br\/portal\/wp-json\/wp\/v2\/types\/post"}],"author":[{"embeddable":true,"href":"https:\/\/www.novaconcursos.com.br\/portal\/wp-json\/wp\/v2\/users\/54693"}],"replies":[{"embeddable":true,"href":"https:\/\/www.novaconcursos.com.br\/portal\/wp-json\/wp\/v2\/comments?post=93521"}],"version-history":[{"count":54,"href":"https:\/\/www.novaconcursos.com.br\/portal\/wp-json\/wp\/v2\/posts\/93521\/revisions"}],"predecessor-version":[{"id":305134,"href":"https:\/\/www.novaconcursos.com.br\/portal\/wp-json\/wp\/v2\/posts\/93521\/revisions\/305134"}],"wp:featuredmedia":[{"embeddable":true,"href":"https:\/\/www.novaconcursos.com.br\/portal\/wp-json\/wp\/v2\/media\/305124"}],"wp:attachment":[{"href":"https:\/\/www.novaconcursos.com.br\/portal\/wp-json\/wp\/v2\/media?parent=93521"}],"wp:term":[{"taxonomy":"category","embeddable":true,"href":"https:\/\/www.novaconcursos.com.br\/portal\/wp-json\/wp\/v2\/categories?post=93521"},{"taxonomy":"post_tag","embeddable":true,"href":"https:\/\/www.novaconcursos.com.br\/portal\/wp-json\/wp\/v2\/tags?post=93521"}],"curies":[{"name":"wp","href":"https:\/\/api.w.org\/{rel}","templated":true}]}}