{"id":93858,"date":"2019-10-24T16:47:59","date_gmt":"2019-10-24T19:47:59","guid":{"rendered":"https:\/\/www.novaconcursos.com.br\/portal\/?p=93858"},"modified":"2019-10-24T16:50:24","modified_gmt":"2019-10-24T19:50:24","slug":"concurso-pcdf-apos-aval-corporacao-ainda-precisa-oficializar-banca","status":"publish","type":"post","link":"https:\/\/www.novaconcursos.com.br\/portal\/noticias\/concurso-pcdf-apos-aval-corporacao-ainda-precisa-oficializar-banca\/","title":{"rendered":"Concurso PCDF: Ap\u00f3s aval, corpora\u00e7\u00e3o ainda precisa oficializar banca!"},"content":{"rendered":"<p>Quase um ano e tr\u00eas meses ap\u00f3s aval, o <a rel=\"noreferrer noopener\" aria-label=\"concurso (abre numa nova aba)\" href=\"https:\/\/www.novaconcursos.com.br\" target=\"_blank\">concurso<\/a> <strong>PCDF<\/strong> (<a href=\"https:\/\/www.novaconcursos.com.br\/concurso\/pc-df-policia-civil-distrito-federal\/curso-online\" target=\"_blank\" rel=\"noreferrer noopener\" aria-label=\"Pol\u00edcia Civil do Distrito Federal (abre numa nova aba)\">Pol\u00edcia Civil do Distrito Federal<\/a>) <strong>ainda precisa oficializar a banca organizadora do pr\u00f3ximo certame<\/strong>.<\/p>\n\n\n\n<p><a href=\"https:\/\/www.novaconcursos.com.br\/portal\/concursos\/concurso-pcdf-2019\/\">\u21d2 Confira todas as informa\u00e7\u00f5es na p\u00e1gina do concurso!<\/a><\/p>\n\n\n\n<h2 class=\"wp-block-heading\" id=\"definio-da-banca-do-concurso-pcdf\">Defini\u00e7\u00e3o da banca do concurso PCDF<\/h2>\n\n\n\n<p>Entre os editais mais aguardados para a \u00e1rea da Seguran\u00e7a P\u00fablica, est\u00e3o os do concurso PCDF, com oferta de <strong>2.100 vagas<\/strong> para os cargos de <strong>Agente e Escriv\u00e3o<\/strong>. <strong>Embora ambos j\u00e1 tenham sido autorizados, seguem sem definir a banca organizadora<\/strong>.<\/p>\n\n\n\n<p>Tanto para Agente e para Escriv\u00e3o, <strong>o processo de escolha da banca organizadora j\u00e1 foi iniciado, mas ainda sem previs\u00e3o de conclus\u00e3o<\/strong>. O processo do certame para Escriv\u00e3o, j\u00e1 est\u00e1 mais adiantado e tem o <strong>Cebraspe<\/strong> como o mais cotado para organizar o certame.<\/p>\n\n\n\n<p>Segundo informa\u00e7\u00f5es, a demora na oficializa\u00e7\u00e3o da banca de Escriv\u00e3o seria em virtude de uma poss\u00edvel unifica\u00e7\u00e3o. <strong>A corpora\u00e7\u00e3o estaria disposta a publicar ambos os editais juntos, para que as provas sejam realizadas no mesmo dia. Sendo assim, a banca poderia ser a mesma<\/strong>.<\/p>\n\n\n\n<p>A previs\u00e3o era que os editais fossem publicados no m\u00eas de\njulho. Tal prazo foi dado pelo diretor-geral da corpora\u00e7\u00e3o, Robson C\u00e2ndido, ap\u00f3s\numa reuni\u00e3o com representantes sindicais. Essa foi a segunda previs\u00e3o, ap\u00f3s o\ngovernador do Distrito Federal, Ibaneis Rocha, ter afirmado que divulgaria os\neditais no m\u00eas de abril.<\/p>\n\n\n\n<p>A grande not\u00edcia \u00e9 que o secret\u00e1rio de seguran\u00e7a do Distrito Federal, Anderson Torres, <strong>j\u00e1 informou que o concurso est\u00e1 pronto<\/strong>. De acordo com o chefe da pasta, <strong>faltam apenas alguns detalhes para a publica\u00e7\u00e3o do edital<\/strong>. Na \u00e9poca da declara\u00e7\u00e3o, as tratativas estavam sendo feitas junto \u00e0 Secretaria de Fazenda.<\/p>\n\n\n\n<div class=\"wp-block-image\"><figure class=\"aligncenter is-resized\"><img decoding=\"async\" src=\"https:\/\/www.novaconcursos.com.br\/portal\/wp-content\/uploads\/2019\/10\/PC-DF-1024x683.jpg\" alt=\"\" class=\"wp-image-93090\" width=\"792\" height=\"528\" loading=\"lazy\" title=\"\" srcset=\"https:\/\/www.novaconcursos.com.br\/portal\/wp-content\/uploads\/2019\/10\/PC-DF-300x200.jpg 300w, https:\/\/www.novaconcursos.com.br\/portal\/wp-content\/uploads\/2019\/10\/PC-DF-1024x683.jpg 1024w\" sizes=\"auto, (max-width: 480px) 100vw, (max-width: 768px) 100vw, (max-width: 1200px) 70vw, 768px\"><\/figure><\/div>\n\n\n\n<h2 class=\"wp-block-heading\" id=\"vagas-do-concurso-pcdf\">Vagas do concurso PCDF<\/h2>\n\n\n\n<p>A primeira autoriza\u00e7\u00e3o do concurso PCDF foi para o cargo de <strong>Escriv\u00e3o<\/strong>. A portaria autorizativa prev\u00ea a oferta de <strong>300 vagas<\/strong> de car\u00e1ter imediato, que exige <strong>n\u00edvel superior em qualquer \u00e1rea<\/strong>.<\/p>\n\n\n\n<p>O diploma de gradua\u00e7\u00e3o precisa ser fornecido por institui\u00e7\u00e3o de ensino superior reconhecida pelo MEC (Minist\u00e9rio da Educa\u00e7\u00e3o). Al\u00e9m da escolaridade, \u00e9 necess\u00e1rio o candidato ter <strong>18 anos ou mais<\/strong> e possuir Carteira Nacional de Habilita\u00e7\u00e3o <strong>(CNH) na categoria \u201cB\u201d ou superior em plena validade<\/strong>.<\/p>\n\n\n\n<p>No m\u00eas de setembro, <strong>a dispensa de licita\u00e7\u00e3o com parecer favor\u00e1vel ao Cebraspe foi concedida pela Procuradoria Geral<\/strong>. A corpora\u00e7\u00e3o n\u00e3o confirma a escolha do organizador.<\/p>\n\n\n\n<p>O processo j\u00e1 passou por todos os principais setores,<strong> inclusive j\u00e1 foi assinado pelo diretor-geral, pelo diretor do Departamento de Administra\u00e7\u00e3o Geral (DAG)<\/strong>, Silv\u00e9rio Ant\u00f4nio Moita de Andrade, e j\u00e1 passou pela Escola Superior.<\/p>\n\n\n\n<p>J\u00e1 para o cargo de <strong>Agente de Pol\u00edcia<\/strong>, o aval foi concedido apenas este ano. O an\u00fancio foi feito no dia <strong>05 de setembro<\/strong>, durante uma solenidade no Sal\u00e3o Nobre do Pal\u00e1cio Buriti. O evento contou com a presen\u00e7a do Governador, al\u00e9m do Vice-Governador Paco Britto, o Secret\u00e1rio de Seguran\u00e7a, Anderson Torres, e o Diretor-Geral da Pol\u00edcia Civil, Robson C\u00e2ndido.<\/p>\n\n\n\n<p><em>\u201cUm concurso dessa magnitude envolve n\u00e3o s\u00f3 o concursando, mas tamb\u00e9m as fam\u00edlias. Fica aqui os meus parab\u00e9ns e fico alegre que voc\u00eas t\u00eam disposi\u00e7\u00e3o em ajuda a popula\u00e7\u00e3o do Distrito Federal\u201d<\/em>, <strong>relatou o governador<\/strong>.<\/p>\n\n\n\n<p>Foram autorizadas <strong>1.800 vagas<\/strong> para Agente de Pol\u00edcia, sendo <strong>600 vagas<\/strong> de car\u00e1ter imediato, mais <strong>1.200 vagas<\/strong> para forma\u00e7\u00e3o de cadastro reserva. Como previsto, <strong>o extrato da autoriza\u00e7\u00e3o foi divulgado um dia ap\u00f3s o an\u00fancio<\/strong>, no Di\u00e1rio Oficial do Distrito Federal.<\/p>\n\n\n\n<p>O candidato interessado em pleitear uma vaga para <strong>Agente<\/strong>, dever\u00e1 ter <strong>n\u00edvel superior em qualquer \u00e1rea de forma\u00e7\u00e3o<\/strong>, fornecido por institui\u00e7\u00e3o de ensino reconhecida pelo Minist\u00e9rio da Educa\u00e7\u00e3o (MEC). Al\u00e9m de possuir Carteira Nacional de Habilita\u00e7\u00e3o <strong>(CNH) na categoria B ou superior<\/strong>, em validade. Para este, <strong>processo de escolha da banca organizadora ainda se encontra na fase inicial<\/strong>.<\/p>\n\n\n\n<p><strong>O protocolo j\u00e1 foi recebido na dire\u00e7\u00e3o-geral<\/strong>, mas ainda n\u00e3o tem data prevista de conclus\u00e3o. Ambos os cargos proporcionam <strong>sal\u00e1rios iniciais<\/strong> que podem chegar a mais de <strong>R$ 13 mil, na classe especial<\/strong>.<\/p>\n\n\n\n<p style=\"text-align:center\"> <a href=\"https:\/\/www.novaconcursos.com.br\/concurso\/pc-df-policia-civil-distrito-federal\/curso-online\" target=\"_blank\" rel=\"noreferrer noopener\" aria-label=\"\u00bb Prepare-se para o concurso PCDF + B\u00d4NUS (GR\u00c1TIS)\u00a0\u00ab (abre numa nova aba)\">\u00bb Prepare-se para o concurso PCDF + B\u00d4NUS (GR\u00c1TIS)\u00a0\u00ab<\/a> <\/p>","protected":false},"excerpt":{"rendered":"<p>Quase um ano e tr\u00eas meses ap\u00f3s aval, o concurso PCDF (Pol\u00edcia Civil do Distrito Federal) ainda precisa oficializar a banca organizadora do pr\u00f3ximo certame. \u21d2 Confira todas as informa\u00e7\u00f5es na p\u00e1gina do concurso! Defini\u00e7\u00e3o da banca do concurso PCDF Entre os editais mais aguardados para a \u00e1rea da Seguran\u00e7a P\u00fablica, est\u00e3o os do concurso [&hellip;]<\/p>\n","protected":false},"author":16,"featured_media":84268,"comment_status":"closed","ping_status":"closed","sticky":false,"template":"","format":"standard","meta":{"_acf_changed":false,"footnotes":"","_wp_rev_ctl_limit":""},"categories":[228],"tags":[],"class_list":["post-93858","post","type-post","status-publish","format-standard","has-post-thumbnail","hentry","category-noticias"],"acf":[],"_links":{"self":[{"href":"https:\/\/www.novaconcursos.com.br\/portal\/wp-json\/wp\/v2\/posts\/93858","targetHints":{"allow":["GET"]}}],"collection":[{"href":"https:\/\/www.novaconcursos.com.br\/portal\/wp-json\/wp\/v2\/posts"}],"about":[{"href":"https:\/\/www.novaconcursos.com.br\/portal\/wp-json\/wp\/v2\/types\/post"}],"author":[{"embeddable":true,"href":"https:\/\/www.novaconcursos.com.br\/portal\/wp-json\/wp\/v2\/users\/16"}],"replies":[{"embeddable":true,"href":"https:\/\/www.novaconcursos.com.br\/portal\/wp-json\/wp\/v2\/comments?post=93858"}],"version-history":[{"count":5,"href":"https:\/\/www.novaconcursos.com.br\/portal\/wp-json\/wp\/v2\/posts\/93858\/revisions"}],"predecessor-version":[{"id":93863,"href":"https:\/\/www.novaconcursos.com.br\/portal\/wp-json\/wp\/v2\/posts\/93858\/revisions\/93863"}],"wp:featuredmedia":[{"embeddable":true,"href":"https:\/\/www.novaconcursos.com.br\/portal\/wp-json\/wp\/v2\/media\/84268"}],"wp:attachment":[{"href":"https:\/\/www.novaconcursos.com.br\/portal\/wp-json\/wp\/v2\/media?parent=93858"}],"wp:term":[{"taxonomy":"category","embeddable":true,"href":"https:\/\/www.novaconcursos.com.br\/portal\/wp-json\/wp\/v2\/categories?post=93858"},{"taxonomy":"post_tag","embeddable":true,"href":"https:\/\/www.novaconcursos.com.br\/portal\/wp-json\/wp\/v2\/tags?post=93858"}],"curies":[{"name":"wp","href":"https:\/\/api.w.org\/{rel}","templated":true}]}}