{"id":9460,"date":"2014-07-07T13:18:16","date_gmt":"2014-07-07T16:18:16","guid":{"rendered":"http:\/\/www.novaconcursos.com.br\/portal\/?p=9460"},"modified":"2021-01-28T15:06:16","modified_gmt":"2021-01-28T18:06:16","slug":"editais-da-semana-07-1307","status":"publish","type":"post","link":"https:\/\/www.novaconcursos.com.br\/portal\/noticias\/editais-da-semana-07-1307\/","title":{"rendered":"Editais da semana 07-13\/07"},"content":{"rendered":"<p><a href=\"https:\/\/www.novaconcursos.com.br\/portal\/wp-content\/uploads\/2014\/02\/editais.png\"><img decoding=\"async\" class=\"alignleft size-full wp-image-6311\" alt=\"editais\" src=\"https:\/\/www.novaconcursos.com.br\/portal\/wp-content\/uploads\/2014\/02\/editais.png\" width=\"371\" height=\"204\" loading=\"lazy\" title=\"\" srcset=\"https:\/\/www.novaconcursos.com.br\/portal\/wp-content\/uploads\/2014\/02\/editais-300x165.png 300w, https:\/\/www.novaconcursos.com.br\/portal\/wp-content\/uploads\/2014\/02\/editais.png 371w\" sizes=\"auto, (max-width: 480px) 100vw, (max-width: 768px) 100vw, (max-width: 1200px) 70vw, 768px\"><\/a>Confira todos os editais da semana com a Nova Concursos!<\/p>\n<p><strong>CENTRAIS EL\u00c9TRICAS DE ROND\u00d4NIA (ELETROBR\u00c1S) \u2013 CERON\/RO<\/strong><\/p>\n<p><strong>N\u00famero de vagas:<\/strong>\u00a0710<br><strong>Sal\u00e1rio:<\/strong>\u00a0R$\u00a04.524,71<br><strong>N\u00edvel:<\/strong>Fundamental, m\u00e9dio e superior<br><strong>Local:<\/strong>\u00a0Porto Velho (RO)<br><strong>Data da inscri\u00e7\u00e3o:<\/strong>\u00a0At\u00e9 11\/08\/14<br><strong>Edital:<\/strong>\u00a0<a href=\"http:\/\/www.noroesteconcursos.com.br\/controle\/arquivos\/1404138708_editaldeaberturapublicacao.pdf\" target=\"_blank\" rel=\"noopener\">http:\/\/www.noroesteconcursos.com.br\/controle\/arquivos\/1404138708_editaldeaberturapublicacao.pdf<\/a><\/p>\n<p><strong>C\u00c2MARA MUNICIPAL DE PAUL\u00cdNIA\/SP<\/strong><\/p>\n<p><strong>N\u00famero de vagas:<\/strong>\u00a04<br><strong>Sal\u00e1rio:<\/strong>\u00a0de R$ 4.350,01 a R$ 7.738<br><strong>N\u00edvel:\u00a0<\/strong>Superior \u2013 direito (2 vagas) e comunica\u00e7\u00e3o social (jornalismo\/rela\u00e7\u00f5es p\u00fablicas \u2013 2 vagas)<br><strong>Local:<\/strong>\u00a0Paul\u00ednia (SP)<br><strong>Data da inscri\u00e7\u00e3o:<\/strong>\u00a0At\u00e9 07\/08\/14<br><strong>Edital:<\/strong>\u00a0<a href=\"http:\/\/jcconcursos.uol.com.br\/arquivos\/pdf\/1278136.pdf\" target=\"_blank\" rel=\"noopener noreferrer\">http:\/\/jcconcursos.uol.com.br\/arquivos\/pdf\/1278136.pdf<\/a><\/p>\n<p><strong>PREFEITURA DE CAMPINAS\/SP<\/strong><\/p>\n<p><strong>N\u00famero de vagas:<\/strong>\u00a0471<br><strong>Sal\u00e1rio:<\/strong>\u00a0de R$ 1.417,57 a R$10.700<br><strong>N\u00edvel:\u00a0<\/strong>Fundamental, m\u00e9dio e superior<br><strong>Local:<\/strong>\u00a0Paul\u00ednia (SP)<br><strong>Data da inscri\u00e7\u00e3o:<\/strong>\u00a0At\u00e9 31\/07\/14<br><strong>Edital:<\/strong>\u00a0<a href=\"http:\/\/jcconcursos.uol.com.br\/arquivos\/pdf\/SP_Campinas_Prefeitura_edital_1_ed._1753.pdf\" target=\"_blank\" rel=\"noopener noreferrer\">http:\/\/jcconcursos.uol.com.br\/arquivos\/pdf\/SP_Campinas_Prefeitura_edital_1_ed._1753.pdf <\/a>e\u00a0<a href=\"http:\/\/jcconcursos.uol.com.br\/arquivos\/pdf\/SP_Campinas_Prefeitura_edital_2_ed._1753.pdf\" target=\"_blank\" rel=\"noopener noreferrer\">http:\/\/jcconcursos.uol.com.br\/arquivos\/pdf\/SP_Campinas_Prefeitura_edital_2_ed._1753.pdf<\/a><\/p>\n<p><strong>DEFENSORIA P\u00daBLICA\/MG<\/strong><\/p>\n<p><strong>N\u00famero de vagas:<\/strong>\u00a0100<br><strong>Sal\u00e1rio:<\/strong>\u00a0de R$ 16.022,94<br><strong>N\u00edvel:\u00a0<\/strong>Superior (direito)<br><strong>Local:\u00a0<\/strong>Minas Gerais (todo o estado)<br><strong>Data da inscri\u00e7\u00e3o:<\/strong>\u00a0At\u00e9 09\/09\/14<br><strong>Edital:<\/strong>\u00a0<a href=\"http:\/\/jcconcursos.uol.com.br\/arquivos\/pdf\/MG_Defensoria_Publica_ed_1749.pdf\" target=\"_blank\" rel=\"noopener noreferrer\">http:\/\/jcconcursos.uol.com.br\/arquivos\/pdf\/MG_Defensoria_Publica_ed_1749.pdf<\/a><\/p>\n<p><strong>PREFEITURA DE SANTA JULIANA\/MG<\/strong><\/p>\n<p><strong>N\u00famero de vagas:<\/strong>\u00a05<br><strong>Sal\u00e1rio:<\/strong>\u00a0de\u00a0R$ 1.350,00 a R$ 2.744,00<br><strong>N\u00edvel:\u00a0<\/strong>fundamental, m\u00e9dio e superior<br><strong>Local:\u00a0<\/strong>Santa Juliana\/MG<br><strong>Data da inscri\u00e7\u00e3o:<\/strong>\u00a0At\u00e9 19\/09\/14<br><strong>Edital:<\/strong>\u00a0<a href=\"http:\/\/jcconcursos.uol.com.br\/arquivos\/pdf\/MG_Santa_Juliana_Cam_ed_1753.pdf\" target=\"_blank\" rel=\"noopener noreferrer\">http:\/\/jcconcursos.uol.com.br\/arquivos\/pdf\/MG_Santa_Juliana_Cam_ed_1753.pdf<\/a><\/p>\n<p><strong>ASSOCIA\u00c7\u00c3O PR\u00d3-GEST\u00c3O DAS \u00c1GUAS DA BACIA HIDROGR\u00c1FICA DO RIO PARA\u00cdBA DO SUL \u2013 AGEVAP\/RJ<\/strong><\/p>\n<p><strong>N\u00famero de vagas:<\/strong>\u00a07<br><strong>Sal\u00e1rio:<\/strong>\u00a0de R$ 3.017,50 a R$ 3.980,57<br><strong>N\u00edvel:<\/strong> t\u00e9cnico e superior<br><strong>Local:\u00a0<\/strong>Resende\/RJ<br><strong>Data da inscri\u00e7\u00e3o:<\/strong>\u00a0At\u00e9 10\/08\/14<br><strong>Edital:<\/strong>\u00a0<a href=\"http:\/\/jcconcursos.uol.com.br\/arquivos\/pdf\/RJ_Agevap_ed_1753.pdf\" target=\"_blank\" rel=\"noopener noreferrer\">http:\/\/jcconcursos.uol.com.br\/arquivos\/pdf\/RJ_Agevap_ed_1753.pdf<\/a><\/p>\n<p><strong>PREFEITURA DE SANTO ANT\u00d4NIO DO AMPARO\/MG<\/strong><\/p>\n<p><strong>N\u00famero de vagas:<\/strong>\u00a018<br><strong>Sal\u00e1rio:<\/strong>\u00a0de R$ 724 a R$ 5.293,13<br><strong>N\u00edvel:<\/strong>\u00a0fundamental, m\u00e9dio e superior<br><strong>Local:\u00a0<\/strong>Santo Ant\u00f4nio do Amparo\/MG<br><strong>Data da inscri\u00e7\u00e3o:<\/strong>\u00a0At\u00e9 09\/10\/14<br><strong>Edital:\u00a0<\/strong><a href=\"http:\/\/jcconcursos.uol.com.br\/arquivos\/pdf\/MG_Santo_Antonio_do_Amparo_Pref_ed_1753.pdf\" target=\"_blank\" rel=\"noopener noreferrer\">http:\/\/jcconcursos.uol.com.br\/arquivos\/pdf\/MG_Santo_Antonio_do_Amparo_Pref_ed_1753.pdf<\/a><\/p>\n<p><strong>FUNDA\u00c7\u00c3O UNIVERSIT\u00c1RIA DO CEAR\u00c1 \u2013 FUNECE\/CE<\/strong><\/p>\n<p><strong>N\u00famero de vagas:<\/strong>\u00a0120<br><strong>Sal\u00e1rio:<\/strong>\u00a0R$ 783,85 a R$ 4.479,13<br><strong>N\u00edvel:<\/strong>\u00a0Superior (licenciaturas)<br><strong>Local:\u00a0<\/strong>Fortaleza\/CE<br><strong>Data da inscri\u00e7\u00e3o:<\/strong>\u00a0At\u00e9 23\/07\/14<br><strong>Edital:<\/strong>\u00a0<a href=\"http:\/\/jcconcursos.uol.com.br\/arquivos\/pdf\/CE_Funece_ed_1753.pdf\" target=\"_blank\" rel=\"noopener noreferrer\">http:\/\/jcconcursos.uol.com.br\/arquivos\/pdf\/CE_Funece_ed_1753.pdf<\/a><\/p>\n<p><strong>PREFEITURA DE IBIRUB\u00c1\/RS<\/strong><\/p>\n<p><strong>N\u00famero de vagas:<\/strong>\u00a020<\/p>\n<p><strong>Sal\u00e1rio:<\/strong>\u00a0de\u00a0R$ 845,05 a\u00a0R$ 6.809,45<br><strong>N\u00edvel:<\/strong>\u00a0Fundamental, m\u00e9dio e superior<br><strong>Local:\u00a0<\/strong>Ibirub\u00e1\/RS<br><strong>Data da inscri\u00e7\u00e3o:<\/strong>\u00a0At\u00e9 31\/07\/14<br><strong>Edital:\u00a0<\/strong><a href=\"http:\/\/jcconcursos.uol.com.br\/arquivos\/pdf\/RS_Ibiruba_Pref_ed_1753.pdf\" target=\"_blank\" rel=\"noopener noreferrer\">http:\/\/jcconcursos.uol.com.br\/arquivos\/pdf\/RS_Ibiruba_Pref_ed_1753.pdf<\/a><\/p>\n<p><strong>PREFEITURA DE S\u00c3O MIGUEL DA BOA VISTA\/SC<\/strong><\/p>\n<p><strong>N\u00famero de vagas:<\/strong>\u00a015<br><strong>Sal\u00e1rio:<\/strong>\u00a0R$ 876,00 a R$ 7.324,00<br><strong>N\u00edvel:<\/strong>\u00a0Fundamental, m\u00e9dio e superior<br><strong>Local:\u00a0<\/strong>S\u00e3o Miguel da Boa Vista\/SC<br><strong>Data da inscri\u00e7\u00e3o:<\/strong>\u00a0At\u00e9 04\/08\/14<br><strong>Edital:<\/strong>\u00a0<a href=\"http:\/\/jcconcursos.uol.com.br\/arquivos\/pdf\/SC_Sao_Miguel_da_Boa_Vista_Pref_ed_1753.pdf\" target=\"_blank\" rel=\"noopener noreferrer\">http:\/\/jcconcursos.uol.com.br\/arquivos\/pdf\/SC_Sao_Miguel_da_Boa_Vista_Pref_ed_1753.pdf<\/a><\/p>\n<p><strong>PREFEITURA DE VITOR MEIRELES\/SC<\/strong><\/p>\n<p><strong>N\u00famero de vagas:<\/strong>\u00a016<br><strong>Sal\u00e1rio:<\/strong>\u00a0R$ 731,88 a R$ 9.500,64<br><strong>N\u00edvel:<\/strong>\u00a0Fundamental, m\u00e9dio e superior<br><strong>Local:\u00a0<\/strong>Vitor Meireles\/SC<br><strong>Data da inscri\u00e7\u00e3o:<\/strong>\u00a0At\u00e9 23\/07\/14<br><strong>Edital:<\/strong><a href=\"http:\/\/jcconcursos.uol.com.br\/arquivos\/pdf\/SC_Vitor_Meireles_Pref_ed_1751.pdf\" target=\"_blank\" rel=\"noopener noreferrer\">\u00a0http:\/\/jcconcursos.uol.com.br\/arquivos\/pdf\/SC_Vitor_Meireles_Pref_ed_1751.pdf<\/a><\/p>\n<p><a href=\"https:\/\/www.novaconcursos.com.br\/?utm_source=blog&amp;utm_medium=smm&amp;utm_content=banner&amp;utm_campaign=branding\" target=\"_blank\" rel=\"noopener noreferrer\"><img decoding=\"async\" class=\"size-full wp-image-9276 alignnone\" alt=\"banner_nova_468_60_arrumado\" src=\"https:\/\/www.novaconcursos.com.br\/portal\/wp-content\/uploads\/2014\/06\/banner_nova_468_60_arrumado.jpg\" width=\"468\" height=\"60\" loading=\"lazy\" title=\"\" srcset=\"https:\/\/www.novaconcursos.com.br\/portal\/wp-content\/uploads\/2014\/06\/banner_nova_468_60_arrumado-300x38.jpg 300w, https:\/\/www.novaconcursos.com.br\/portal\/wp-content\/uploads\/2014\/06\/banner_nova_468_60_arrumado.jpg 468w\" sizes=\"auto, (max-width: 480px) 100vw, (max-width: 768px) 100vw, (max-width: 1200px) 70vw, 768px\"><\/a><\/p>\n<p>Aproveite e adquira apostilas<a title=\"Apostilas Para os concursos com a Editora Nova\" href=\"http:\/\/ow.ly\/lKkeX\" target=\"_blank\" rel=\"noopener noreferrer\">\u00a0para concurso da Nova<\/a>\u00a0! Tamb\u00e9m\u00a0<a title=\"Facebook Nova Concursos\" href=\"http:\/\/ow.ly\/lKkiG\" target=\"_blank\" rel=\"noopener noreferrer\">acompanhe-nos no Facebook\u00a0<\/a>e\u00a0<a title=\"Google Plus Nova Concursos\" href=\"https:\/\/plus.google.com\/113682945901149018071\" target=\"_blank\" rel=\"noopener noreferrer\">Google Plus<\/a>\u00a0para saber das novidades e dicas!<\/p>\n<p>Gostou? N\u00e3o deixe de votar abaixo!<\/p>\n<p><a href=\"https:\/\/www.novaconcursos.com.br\/portal\/wp-content\/uploads\/2014\/06\/avalie-a-nova.png\"><img decoding=\"async\" class=\"alignnone size-full wp-image-9277\" alt=\"avalie-a-nova\" src=\"https:\/\/www.novaconcursos.com.br\/portal\/wp-content\/uploads\/2014\/06\/avalie-a-nova.png\" width=\"108\" height=\"96\" loading=\"lazy\" title=\"\"><\/a><\/p>","protected":false},"excerpt":{"rendered":"<p>Confira todos os editais da semana com a Nova Concursos! CENTRAIS EL\u00c9TRICAS DE ROND\u00d4NIA (ELETROBR\u00c1S) \u2013 CERON\/RO N\u00famero de vagas:\u00a0710Sal\u00e1rio:\u00a0R$\u00a04.524,71N\u00edvel:Fundamental, m\u00e9dio e superiorLocal:\u00a0Porto Velho (RO)Data da inscri\u00e7\u00e3o:\u00a0At\u00e9 11\/08\/14Edital:\u00a0http:\/\/www.noroesteconcursos.com.br\/controle\/arquivos\/1404138708_editaldeaberturapublicacao.pdf C\u00c2MARA MUNICIPAL DE PAUL\u00cdNIA\/SP N\u00famero de vagas:\u00a04Sal\u00e1rio:\u00a0de R$ 4.350,01 a R$ 7.738N\u00edvel:\u00a0Superior \u2013 direito (2 vagas) e comunica\u00e7\u00e3o social (jornalismo\/rela\u00e7\u00f5es p\u00fablicas \u2013 2 vagas)Local:\u00a0Paul\u00ednia (SP)Data da inscri\u00e7\u00e3o:\u00a0At\u00e9 [&hellip;]<\/p>\n","protected":false},"author":16,"featured_media":0,"comment_status":"closed","ping_status":"closed","sticky":false,"template":"","format":"standard","meta":{"_acf_changed":false,"footnotes":"","_wp_rev_ctl_limit":""},"categories":[228],"tags":[461,462,463,464,465,466,467,468],"class_list":["post-9460","post","type-post","status-publish","format-standard","hentry","category-noticias","tag-editais","tag-editais-2014","tag-editais-dicas-de-edital","tag-editais-para-concurso","tag-edital","tag-edital-2014","tag-edital-para-concurso","tag-lista-edital"],"acf":[],"_links":{"self":[{"href":"https:\/\/www.novaconcursos.com.br\/portal\/wp-json\/wp\/v2\/posts\/9460","targetHints":{"allow":["GET"]}}],"collection":[{"href":"https:\/\/www.novaconcursos.com.br\/portal\/wp-json\/wp\/v2\/posts"}],"about":[{"href":"https:\/\/www.novaconcursos.com.br\/portal\/wp-json\/wp\/v2\/types\/post"}],"author":[{"embeddable":true,"href":"https:\/\/www.novaconcursos.com.br\/portal\/wp-json\/wp\/v2\/users\/16"}],"replies":[{"embeddable":true,"href":"https:\/\/www.novaconcursos.com.br\/portal\/wp-json\/wp\/v2\/comments?post=9460"}],"version-history":[{"count":5,"href":"https:\/\/www.novaconcursos.com.br\/portal\/wp-json\/wp\/v2\/posts\/9460\/revisions"}],"predecessor-version":[{"id":113196,"href":"https:\/\/www.novaconcursos.com.br\/portal\/wp-json\/wp\/v2\/posts\/9460\/revisions\/113196"}],"wp:attachment":[{"href":"https:\/\/www.novaconcursos.com.br\/portal\/wp-json\/wp\/v2\/media?parent=9460"}],"wp:term":[{"taxonomy":"category","embeddable":true,"href":"https:\/\/www.novaconcursos.com.br\/portal\/wp-json\/wp\/v2\/categories?post=9460"},{"taxonomy":"post_tag","embeddable":true,"href":"https:\/\/www.novaconcursos.com.br\/portal\/wp-json\/wp\/v2\/tags?post=9460"}],"curies":[{"name":"wp","href":"https:\/\/api.w.org\/{rel}","templated":true}]}}