{"id":94670,"date":"2019-11-13T15:41:18","date_gmt":"2019-11-13T18:41:18","guid":{"rendered":"https:\/\/www.novaconcursos.com.br\/portal\/?post_type=nc-public-tender&#038;p=94670"},"modified":"2024-12-16T10:10:41","modified_gmt":"2024-12-16T13:10:41","slug":"concurso-hob-mg","status":"publish","type":"post","link":"https:\/\/www.novaconcursos.com.br\/portal\/concursos\/concurso-hob-mg\/","title":{"rendered":"Concurso HOB MG"},"content":{"rendered":"<p>Saiu o edital do novo <strong>concurso HOB MG (Hospital Metropolitano Odilon Behrens)<\/strong>! S\u00e3o <strong>326 vagas<\/strong> imediatas mais a forma\u00e7\u00e3o de cadastro reserva para cargos de <strong>n\u00edveis m\u00e9dio, t\u00e9cnico e superior de escolaridade<\/strong>, com sal\u00e1rios de at\u00e9 <strong>R$ <\/strong><strong>5,1 mil<\/strong>.<\/p>\n<h2 id=\"como-fazer-a-inscrio-no-concurso-hob-mg\">Como fazer a inscri\u00e7\u00e3o no concurso HOB MG?<\/h2>\n<p>As inscri\u00e7\u00f5es estar\u00e3o dispon\u00edveis do dia <strong>7 de janeiro at\u00e9 o dia 10 de fevereiro de 2020<\/strong>. Os interessados dever\u00e3o se inscrever por meio do site da banca organizadora.<\/p>\n<p>O valor da taxa de inscri\u00e7\u00e3o \u00e9 o seguinte:<\/p>\n<ul><li>N\u00edvel M\u00e9dio\/T\u00e9cnico: R$ 50,00;<\/li>\n<li>N\u00edvel Superior: R$ 90,00;<\/li>\n<li>M\u00e9dicos e Enfermeiros: R$ 120,00.<\/li>\n<\/ul><p>O prazo de vencimento do boleto \u00e9 o dia 13 de fevereiro de 2020.<\/p>\n<p>Para conseguir a isen\u00e7\u00e3o da taxa de inscri\u00e7\u00e3o, \u00e9 necess\u00e1rio:<\/p>\n<ul><li>Estar cadastrado no Cad\u00danico (Cadastro \u00danico para Programas Sociais do Governo Federal;<\/li>\n<\/ul><p>O per\u00edodo para solicitar a isen\u00e7\u00e3o \u00e9 do dia 7 a 9 de janeiro de 2020.<\/p>\n<h2 id=\"quem-pode-fazer-o-concurso-hob-mg\">Quem pode fazer o concurso HOB MG?<\/h2>\n<p>As oportunidades s\u00e3o as seguintes:<\/p>\n<p><strong>N\u00edvel M\u00e9dio<\/strong><\/p>\n<ul><li>Agente Administrativo (CR).<\/li>\n<\/ul><p><strong>N\u00edvel T\u00e9cnico<\/strong><\/p>\n<ul><li>T\u00e9cnico em Enfermagem (191);<\/li>\n<li>T\u00e9cnico em Nutri\u00e7\u00e3o (2);<\/li>\n<li>T\u00e9cnico em Radiologia (1);<\/li>\n<li>T\u00e9cnico em Laborat\u00f3rio (1);<\/li>\n<li>T\u00e9cnico em Inform\u00e1tica (1);<\/li>\n<li>T\u00e9cnico em Seguran\u00e7a do Trabalho (1).<\/li>\n<\/ul><p><strong>N\u00edvel Superior<\/strong><\/p>\n<ul><li>Assistente Social (1);<\/li>\n<li>Engenheiro Cl\u00ednico (1);<\/li>\n<li>Estat\u00edstica (1);<\/li>\n<li>Farmac\u00eautico Bioqu\u00edmico (1);<\/li>\n<li>Farmac\u00eautico Hospitalar (1);<\/li>\n<li>Fisioterapeuta Respirat\u00f3rio \u2013 24 horas (1);<\/li>\n<li>Fisioterapeuta Respirat\u00f3rio \u2013 30 horas (1);<\/li>\n<li>Fonoaudi\u00f3logo (1);<\/li>\n<li>Nutricionista (1);<\/li>\n<li>Psicol\u00f3go (1);<\/li>\n<li>Recursos Humanos (1);<\/li>\n<li>Seguran\u00e7a do Trabalho\/Radioprote\u00e7\u00e3o (1);<\/li>\n<li>Terapeuta Ocupacional (1);<\/li>\n<\/ul><p><strong>M\u00e9dicos<\/strong><\/p>\n<ul><li>Anestesiologista (6);<\/li>\n<li>Cl\u00ednico Geral (56);<\/li>\n<li>Cirurgi\u00e3o Geral (1);<\/li>\n<li>Cirurgi\u00e3o Pedi\u00e1trico (2);<\/li>\n<li>Cirurgi\u00e3o Vascular (1);<\/li>\n<li>Ecografista (1);<\/li>\n<li>Endoscopista (CR);<\/li>\n<li>Geriatra (1);<\/li>\n<li>Gineco-Obstetra (1);<\/li>\n<li>Hematologista (1);<\/li>\n<li>Intensivista (18);<\/li>\n<li>Intensivista Pedi\u00e1trico (1);<\/li>\n<li>M\u00e9dico do Trabalho (CR);<\/li>\n<li>Neonatologista (1);<\/li>\n<li>Neurocirurgi\u00e3o (3);<\/li>\n<li>Neurologista (5);<\/li>\n<li>Neuropediatra (CR);<\/li>\n<li>Nutr\u00f3logo (CR);<\/li>\n<li>Ortopedista (9);<\/li>\n<li>Otorrinolaringologista (1);<\/li>\n<li>Pediatra (1);<\/li>\n<li>Psiquiatra (CR);<\/li>\n<li>Radiologista (2);<\/li>\n<li>Urologista (1).<\/li>\n<\/ul><p><strong>Enfermeiro<\/strong><\/p>\n<ul><li>Enfermeiro 30 horas (1);<\/li>\n<li>Enfermeiro 24 horas (1);<\/li>\n<li>Enfermeiro Obstetra (1).<\/li>\n<\/ul><p><strong>Cirurgi\u00e3o Dentista<\/strong><\/p>\n<ul><li>Cirurgi\u00e3o Dentista Bucomaxilofacial (1);<\/li>\n<li>Cirurgi\u00e3o Dentista\/Odontologia Geral (1).<\/li>\n<\/ul><p>Os sal\u00e1rios variam de <strong>R$ 1.391,85 a R$ 5.139,80<\/strong>, em jornada de trabalho de 24 a 40 horas semanais.<\/p>\n<h2 id=\"quais-so-os-requisitos-para-investidura-no-cargo-do-concurso\">Quais s\u00e3o os requisitos para investidura no cargo do concurso HOB MG?<\/h2>\n<ul><li>Ter sido aprovado e classificado no Concurso P\u00fablico, na forma estabelecida no Edital e em suas poss\u00edveis retifica\u00e7\u00f5es e aditamentos;<\/li>\n<li>Ter a nacionalidade brasileira ou portuguesa e, no caso de nacionalidade portuguesa, estar amparado pelo estatuto de igualdade entre brasileiros e portugueses, com reconhecimento do gozo dos direitos pol\u00edticos;<\/li>\n<li>Ter no m\u00ednimo 18 (dezoito) anos completos na data da admiss\u00e3o, salvo se j\u00e1 emancipado;<\/li>\n<li>Gozar dos direitos pol\u00edticos e estar quite com as obriga\u00e7\u00f5es eleitorais;<\/li>\n<li>Estar quite com as obriga\u00e7\u00f5es do Servi\u00e7o Militar, quando se tratar de candidatos do sexo masculino;<\/li>\n<li>Ter aptid\u00e3o f\u00edsica e mental para o exerc\u00edcio das atribui\u00e7\u00f5es do cargo, que poder\u00e1 ser aferida mediante per\u00edcia m\u00e9dica, realizada pelo servi\u00e7o m\u00e9dico oficial do HOB, ou em sua falta, de quem este indicar;<\/li>\n<li>Comprovar escolaridade exigida para a vaga;<\/li>\n<li>Estar com a situa\u00e7\u00e3o cadastral regular na Receita Federal;<\/li>\n<li>Estar inscrito no \u00f3rg\u00e3o fiscalizador do exerc\u00edcio profissional e devidamente quite com suas demais exig\u00eancias legais, quando for o caso;<\/li>\n<li>N\u00e3o receber proventos de aposentadoria civil ou militar ou remunera\u00e7\u00e3o de cargo, emprego ou fun\u00e7\u00e3o p\u00fablica que caracterizem acumula\u00e7\u00e3o il\u00edcita de cargos.<\/li>\n<\/ul><h2 id=\"como-ser-a-prova-do-concurso-hob-mg\">Como ser\u00e1 a prova do concurso HOB MG?<\/h2>\n<p>Os candidatos ser\u00e3o avaliados por meio de <strong>provas objetivas<\/strong>, previstas para o dia 29 de mar\u00e7o de 2020, na cidade de Belo Horizonte (MG).<\/p>\n<p>A estrutura das provas ser\u00e1 a seguinte: L\u00edngua Portuguesa (10 quest\u00f5es), Pol\u00edticas de Sa\u00fade P\u00fablica (10 quest\u00f5es), Conhecimentos Espec\u00edficos (30 quest\u00f5es).<\/p>\n<p>Haver\u00e1 ainda uma avalia\u00e7\u00e3o de t\u00edtulos para cargos espec\u00edficos.<\/p>\n<p>Confira o <strong>conte\u00fado program\u00e1tico<\/strong>:<\/p>\n<ul><li>L\u00edngua Portuguesa (N\u00edvel M\u00e9dio\/T\u00e9cnico): Compreens\u00e3o e interpreta\u00e7\u00e3o de frases, palavras ou textos; encontros voc\u00e1licos e consonantais; ortografia; acentua\u00e7\u00e3o gr\u00e1fica; sinais de pontua\u00e7\u00e3o: ponto, ponto de exclama\u00e7\u00e3o, ponto de interroga\u00e7\u00e3o, dois pontos, travess\u00e3o, v\u00edrgula, etc.; emprego das classes de palavras; an\u00e1lise sint\u00e1tica; sin\u00f4nimos e ant\u00f4nimos; Concord\u00e2ncia verbal: identifica\u00e7\u00e3o dos tempos e modos verbais, correspond\u00eancia de formas verbais, conjuga\u00e7\u00e3o verbal, flex\u00e3o de verbos; Concord\u00e2ncia Nominal; reg\u00eancia nominal e verbal, crase; coloca\u00e7\u00e3o pronominal; classifica\u00e7\u00e3o dos termos da ora\u00e7\u00e3o; per\u00edodo composto por coordena\u00e7\u00e3o; per\u00edodo composto por subordina\u00e7\u00e3o; Figura de Linguagem; Morfologia; Uso da crase; Uso do por que; Objeto direto e Indireto.<\/li>\n<li>L\u00edngua Portuguesa (N\u00edvel Superior): A Comunica\u00e7\u00e3o: linguagem, texto e discurso; o texto, contexto e a constru\u00e7\u00e3o dos sentidos; Coes\u00e3o e coer\u00eancia textuais; Intertextualidade e polifonia; A L\u00edngua: norma culta e variedades lingu\u00edsticas; dialetos e registros, g\u00edria; L\u00edngua padr\u00e3o: ortografia, acentua\u00e7\u00e3o e pontua\u00e7\u00e3o; Sem\u00e2ntica: denota\u00e7\u00e3o e conota\u00e7\u00e3o; figuras de linguagem; sinon\u00edmia, anton\u00edmia, homon\u00edmia, par\u00f4nima; polissemia e ambiguidade; Morfologia: estrutura e processos de forma\u00e7\u00e3o de palavras; classes de palavras: flex\u00f5es, emprego e valores sem\u00e2nticos, com \u00eanfase em verbos, pronomes, conjun\u00e7\u00f5es e preposi\u00e7\u00f5es; Sintaxe: Termos e Ora\u00e7\u00f5es coordenadas e subordinadas; concord\u00e2ncia nominal e verbal; reg\u00eancia nominal e verbal; crase; sintaxe de coloca\u00e7\u00e3o. Sentido denotativo e conotativo (figurado). V\u00edcios de linguagem.<\/li>\n<li>Pol\u00edticas de Sa\u00fade P\u00fablica: Legisla\u00e7\u00e3o do Sistema \u00danico de Sa\u00fade \u2013 SUS: Constitui\u00e7\u00e3o da Rep\u00fablica Federativa do Brasil (Com as Emendas Constitucionais): Art.196 a 200; Lei n\u00b0 8.080, de 19 de setembro de 1990 e altera\u00e7\u00f5es \u2013 Disp\u00f5e sobre as condi\u00e7\u00f5es para a promo\u00e7\u00e3o e recupera\u00e7\u00e3o da sa\u00fade e d\u00e1 outras provid\u00eancias; Decreto n\u00b0 7.508, de 28 de junho de 2011; Lei n\u00b0 8.142, de 28 de dezembro de 1990 e altera\u00e7\u00f5es \u2013 Disp\u00f5e sobre a participa\u00e7\u00e3o da comunidade na gest\u00e3o do SUS e d\u00e1 outras provid\u00eancias; PORTARIA MS\/GM N\u00ba 2.048 DE 03\/09\/2009 \u2013 Aprova o regulamento do Sistema \u00danico de Sa\u00fade (SUS). Conhecimentos de Sa\u00fade P\u00fablica: Diretrizes e bases da implanta\u00e7\u00e3o do SUS; Constitui\u00e7\u00e3o da Rep\u00fablica Federativa do Brasil \u2013 Sa\u00fade; Organiza\u00e7\u00e3o da Aten\u00e7\u00e3o B\u00e1sica no Sistema \u00danico de Sa\u00fade; Epidemiologia, hist\u00f3ria natural e preven\u00e7\u00e3o de doen\u00e7as; Reforma Sanit\u00e1ria e Modelos Assistenciais de Sa\u00fade \u2013 Vigil\u00e2ncia em Sa\u00fade; Indicadores de n\u00edvel de sa\u00fade da popula\u00e7\u00e3o; Pol\u00edticas de descentraliza\u00e7\u00e3o e aten\u00e7\u00e3o prim\u00e1ria \u00e0 Sa\u00fade; Doen\u00e7as de notifica\u00e7\u00e3o compuls\u00f3ria; C\u00f3digo de \u00c9tica M\u00e9dica; Atualidades sobre Sa\u00fade P\u00fablica e Medicina Geral; Sa\u00fade P\u00fablica; Medicina Social e Preventiva; C\u00f3digo de Processo \u00c9tico; Redes de Aten\u00e7\u00e3o \u00e0 Sa\u00fade e Linhas de Cuidados; Tecnologia de Informa\u00e7\u00e3o.<\/li>\n<\/ul>","protected":false},"excerpt":{"rendered":"<p>Saiu o edital do novo concurso HOB MG (Hospital Metropolitano Odilon Behrens)! S\u00e3o 326 vagas imediatas mais a forma\u00e7\u00e3o de cadastro reserva para cargos de n\u00edveis m\u00e9dio, t\u00e9cnico e superior de escolaridade, com sal\u00e1rios de at\u00e9 R$ 5,1 mil.<\/p>\n","protected":false},"author":16,"featured_media":0,"comment_status":"closed","ping_status":"closed","sticky":false,"template":"","format":"standard","meta":{"_acf_changed":false,"footnotes":"","_wp_rev_ctl_limit":""},"categories":[44999],"tags":[],"class_list":["post-94670","post","type-post","status-publish","format-standard","hentry","category-concursos"],"acf":[],"_links":{"self":[{"href":"https:\/\/www.novaconcursos.com.br\/portal\/wp-json\/wp\/v2\/posts\/94670","targetHints":{"allow":["GET"]}}],"collection":[{"href":"https:\/\/www.novaconcursos.com.br\/portal\/wp-json\/wp\/v2\/posts"}],"about":[{"href":"https:\/\/www.novaconcursos.com.br\/portal\/wp-json\/wp\/v2\/types\/post"}],"author":[{"embeddable":true,"href":"https:\/\/www.novaconcursos.com.br\/portal\/wp-json\/wp\/v2\/users\/16"}],"replies":[{"embeddable":true,"href":"https:\/\/www.novaconcursos.com.br\/portal\/wp-json\/wp\/v2\/comments?post=94670"}],"version-history":[{"count":2,"href":"https:\/\/www.novaconcursos.com.br\/portal\/wp-json\/wp\/v2\/posts\/94670\/revisions"}],"predecessor-version":[{"id":262302,"href":"https:\/\/www.novaconcursos.com.br\/portal\/wp-json\/wp\/v2\/posts\/94670\/revisions\/262302"}],"wp:attachment":[{"href":"https:\/\/www.novaconcursos.com.br\/portal\/wp-json\/wp\/v2\/media?parent=94670"}],"wp:term":[{"taxonomy":"category","embeddable":true,"href":"https:\/\/www.novaconcursos.com.br\/portal\/wp-json\/wp\/v2\/categories?post=94670"},{"taxonomy":"post_tag","embeddable":true,"href":"https:\/\/www.novaconcursos.com.br\/portal\/wp-json\/wp\/v2\/tags?post=94670"}],"curies":[{"name":"wp","href":"https:\/\/api.w.org\/{rel}","templated":true}]}}