{"id":95127,"date":"2022-10-26T08:00:36","date_gmt":"2022-10-26T11:00:36","guid":{"rendered":"https:\/\/www.novaconcursos.com.br\/portal\/?post_type=nc-public-tender&#038;p=95127"},"modified":"2024-12-16T09:48:21","modified_gmt":"2024-12-16T12:48:21","slug":"concurso-ses-sp-2","status":"publish","type":"post","link":"https:\/\/www.novaconcursos.com.br\/portal\/concursos\/concurso-ses-sp-2\/","title":{"rendered":"Concurso Em\u00edlio Ribas: Edital publicado. 98 vagas para n\u00edveis m\u00e9dio e superior!"},"content":{"rendered":"<p>Excelente not\u00edcia! Foi publicado o edital do concurso\u00a0<strong>Em\u00edlio Ribas<\/strong>!<\/p>\n<p>S\u00e3o ofertadas dezenas de vagas para cargos com sal\u00e1rio de at\u00e9<strong> R$ 3,4 mil<\/strong>.<\/p>\n<p>Se voc\u00ea se interessa pela sele\u00e7\u00e3o, continue nesta p\u00e1gina para conhecer todos os detalhes e iniciar sua prepara\u00e7\u00e3o!<\/p>\n<ul><li><a class=\"_ps2id\" href=\"#vagas-cargos\" data-ps2id-offset=\"\">Vagas, cargos e sal\u00e1rios<\/a><\/li>\n<li><a class=\"_ps2id\" href=\"#inscricoes\" data-ps2id-offset=\"\">Inscri\u00e7\u00f5es<\/a><\/li>\n<li><a class=\"_ps2id\" href=\"#requisitos\" data-ps2id-offset=\"\">Requisitos<\/a><\/li>\n<li><a class=\"_ps2id\" href=\"#etapas-provas\" data-ps2id-offset=\"\">Etapas e Provas<\/a><\/li>\n<li><a class=\"_ps2id\" href=\"#perfil-profissional\" data-ps2id-offset=\"\">Perfil profissional<\/a><\/li>\n<li><a class=\"_ps2id\" href=\"#sobre-emilio-ribas\" data-ps2id-offset=\"\">Sobre o Instituto Em\u00edlio Ribas<\/a><\/li>\n<li><a class=\"_ps2id\" href=\"#sobre-ses\" data-ps2id-offset=\"\">Sobre a SES\/SP<\/a><\/li>\n<\/ul><h2 id=\"\"><\/h2>\n<h2 id=\"ps2id-idvagascargos-targetvagas-cargos-e-salrios\">[ps2id id=\u2019vagas-cargos\u2019 target=\u201d\/]Vagas, cargos e sal\u00e1rios<\/h2>\n<p>O Instituto de Infectologia Em\u00edlio Ribas, subordinado \u00e0 Secretaria do Estado da Sa\u00fade de <a href=\"https:\/\/www.novaconcursos.com.br\/portal\/concursos-abertos\/sp\/\">S\u00e3o Paulo<\/a>, est\u00e1 ofertando 98 vagas para n\u00edveis m\u00e9dio\/t\u00e9cnico e superior.<\/p>\n<p>Confira a distribui\u00e7\u00e3o das\u00a0<strong>oportunidades<\/strong>:<\/p>\n<p><strong>N\u00edvel M\u00e9dio\/T\u00e9cnico<\/strong><\/p>\n<ul><li>T\u00e9cnico em Enfermagem: 51 vagas<\/li>\n<\/ul><p>\u00a0<\/p>\n<p><strong>N\u00edvel Superior<\/strong><\/p>\n<ul><li>Agente T\u00e9cnico de Assist\u00eancia \u00e0 Sa\u00fade\n<ul><li>Assistente Social: 8 vagas<\/li>\n<li>Farmac\u00eautico: 2 vagas<\/li>\n<li>Fonoaudi\u00f3logo: 3 vagas<\/li>\n<li>Nutricionista: 2 vagas<\/li>\n<li>Psic\u00f3logo: 6 vagas<\/li>\n<li>Terapeuta Ocupacional: 2 vagas<\/li>\n<\/ul><\/li>\n<li>Enfermeiro: 24 vagas<\/li>\n<\/ul><p>\u00a0<\/p>\n<p>Os\u00a0<strong>sal\u00e1rios\u00a0<\/strong>iniciais dos aprovados variam entre R$ 1.943 R$ 3.478,17 para jornadas de trabalho de 30 horas semanais.<\/p>\n<p>Cabe ressaltar que \u00e0s remunera\u00e7\u00f5es j\u00e1 est\u00e1 acrescido o\u00a0<strong>pr\u00eamio de incentivo<\/strong>.<\/p>\n<p>Por fim, vale destacar que a sele\u00e7\u00e3o ter\u00e1\u00a0<strong>validade\u00a0<\/strong>de dois anos, podendo ser prorrogada uma \u00fanica vez por igual per\u00edodo.<\/p>\n<p>Estude para o concurso dos seus sonhos com o\u00a0<strong>M\u00e9todo<\/strong>\u00a0que j\u00e1 ajudou na<strong>\u00a0aprova\u00e7\u00e3o de mais de 70 mil alunos<\/strong>.\u00a0<a class=\"c-link\" href=\"https:\/\/www.novaconcursos.com.br\/eventos\/assinatura?promo_creative=Clique+aqui&amp;promo_name=concurso&amp;promo_id=%2Fportal%2Fconcursos%2Fconcurso-uespi-edital-autorizado-160-vagas&amp;promo_position=corpo-texto\" target=\"_blank\" rel=\"noopener noreferrer\" data-stringify-link=\"https:\/\/www.novaconcursos.com.br\/eventos\/assinatura?promo_creative=Clique+aqui&amp;promo_name=concurso&amp;promo_id=%2Fportal%2Fconcursos%2Fconcurso-uespi-edital-autorizado-160-vagas&amp;promo_position=corpo-texto\" data-sk=\"tooltip_parent\">Clique aqui<\/a>e saiba mais!<\/p>\n<h2 id=\"ps2id-idinscricoes-targetconcurso-emlio-ribas-2022-inscrio\">[ps2id id=\u2019inscricoes\u2019 target=\u201d\/]Concurso Em\u00edlio Ribas 2022: Inscri\u00e7\u00e3o<\/h2>\n<p>As inscri\u00e7\u00f5es poder\u00e3o ser efetuadas a partir das 10 horas do dia 7 de novembro at\u00e9 as 23 horas do dia 7 de dezembro de 2022 por meio do site do <a href=\"http:\/\/www.quadrix.org.br\/todos-os-concursos\/proximos-concursos\/emilioribas2022.aspx\" target=\"_blank\" rel=\"noopener noreferrer\">Instituto Quadrix<\/a>, banca organizadora do certame.<\/p>\n<p>Confira o valor das\u00a0<strong>taxas de inscri\u00e7\u00e3o<\/strong>, que poder\u00e3o ser pagas at\u00e9 o dia 9 de dezembro de 2022:<\/p>\n<ul><li>N\u00edvel M\u00e9dio\/T\u00e9cnico: R$ 70,33<\/li>\n<li>N\u00edvel Superior: R$ 105,50<\/li>\n<\/ul><p>\u00a0<\/p>\n<p>Para ter direito \u00e0\u00a0<strong>redu\u00e7\u00e3o <\/strong>da taxa, o candidato dever\u00e1 comprovar, cumulativamente:<\/p>\n<ul><li>Ser estudante de curso curso pr\u00e9-vestibular ou superior, em n\u00edvel de gradua\u00e7\u00e3o ou p\u00f3s-gradua\u00e7\u00e3o; e<\/li>\n<li>Perceber remunera\u00e7\u00e3o mensal inferior a dois sal\u00e1rios m\u00ednimos, ou estar sob condi\u00e7\u00e3o de desempregado.<\/li>\n<\/ul><p>\u00a0<\/p>\n<p>Por outro lado, haver\u00e1\u00a0<strong>isen\u00e7\u00e3o\u00a0<\/strong>da taxa para os candidatos doadores de sangue.<\/p>\n<p>O per\u00edodo para\u00a0<strong>solicitar\u00a0<\/strong>a redu\u00e7\u00e3o\/isen\u00e7\u00e3o \u00e9 das 10 horas do dia 7 \u00e0s 18 horas do dia 11 de novembro de 2022.<\/p>\n<h2 id=\"ps2id-idrequisitos-targetrequisitos\">[ps2id id=\u2019requisitos\u2019 target=\u201d\/]Requisitos<\/h2>\n<p>Confira os\u00a0<strong>pr\u00e9-requisitos\u00a0<\/strong>gerais para todos os cargos ofertados pelo concurso da Secretaria da Sa\u00fade destinados ao Instituto Em\u00edlio Ribas:<\/p>\n<ul><li>Ter nacionalidade brasileira ou portuguesa, e, no caso de nacionalidade portuguesa, estar amparado pelo Estatuto de Igualdade entre Brasileiros e Portugueses, com reconhecimento do gozo dos direitos pol\u00edticos;<\/li>\n<li>Estar quite com as obriga\u00e7\u00f5es militares, em caso de candidato do sexo masculino;<\/li>\n<li>Estar quite com as obriga\u00e7\u00f5es eleitorais;<\/li>\n<li>Ter idade m\u00ednima de 18 anos completos na data da posse;<\/li>\n<li>N\u00e3o registrar antecedente criminais e encontrar-se no pleno exerc\u00edcio de seus direitos civis e pol\u00edticos; e<\/li>\n<li>Possuir c\u00f3pia da \u00faltima declara\u00e7\u00e3o de Imposto de Renda entregue \u00e0 Secretaria da Receita Federal ou declara\u00e7\u00e3o p\u00fablica de bens.<\/li>\n<\/ul><p>\u00a0<\/p>\n<p>Por sua vez, os\u00a0<strong>requisitos espec\u00edficos\u00a0<\/strong>dizem respeito ao n\u00edvel de escolaridade exigido para cada cargo.<\/p>\n<p>Os candidatos a <strong>T\u00e9cnico em Enfermagem<\/strong> dever\u00e3o ter Ensino M\u00e9dio completo, curso t\u00e9cnico na \u00e1rea e registro no conselho de classe.<\/p>\n<p>Os cargos de <strong>n\u00edvel superior<\/strong>, por outro lado, requerem gradua\u00e7\u00e3o na respectiva \u00e1rea, bem como registro no conselho de classe pertinente.<\/p>\n<h2 id=\"ps2id-idetapasprovas-targetetapas-e-provas-do-concurso-emlio\">[ps2id id=\u2019etapas-provas\u2019 target=\u201d\/]Etapas e Provas do concurso Em\u00edlio Ribas<\/h2>\n<p>O concurso do Instituto Em\u00edlio Ribas contar\u00e1 com <strong>duas<\/strong>\u00a0<strong>fases<\/strong>, sendo as seguintes:<\/p>\n<ul><li>Prova Objetiva (eliminat\u00f3ria e classificat\u00f3ria)<\/li>\n<li>Avalia\u00e7\u00e3o de T\u00edtulos (classificat\u00f3ria)<\/li>\n<\/ul><p>\u00a0<\/p>\n<p>A\u00a0<strong>prova objetiva\u00a0<\/strong>para todos os cargos contar\u00e1 com 50 quest\u00f5es distribu\u00eddas conforme indicado no quadro seguinte:<\/p>\n<p><a href=\"https:\/\/www.novaconcursos.com.br\/portal\/wp-content\/uploads\/2022\/04\/Em%C3%ADlio-Ribas-Prova.png\"><img decoding=\"async\" class=\"alignnone size-full wp-image-176179\" src=\"https:\/\/www.novaconcursos.com.br\/portal\/wp-content\/uploads\/2022\/04\/Em%C3%ADlio-Ribas-Prova.png\" alt=\"Em\u00edlio Ribas: Prova\" width=\"1076\" height=\"222\" loading=\"lazy\" title=\"\" srcset=\"https:\/\/www.novaconcursos.com.br\/portal\/wp-content\/uploads\/2022\/04\/Em\u00edlio-Ribas-Prova-300x62.png 300w, https:\/\/www.novaconcursos.com.br\/portal\/wp-content\/uploads\/2022\/04\/Em\u00edlio-Ribas-Prova-1024x211.png 1024w, https:\/\/www.novaconcursos.com.br\/portal\/wp-content\/uploads\/2022\/04\/Em\u00edlio-Ribas-Prova.png 1076w\" sizes=\"auto, (max-width: 480px) 100vw, (max-width: 768px) 100vw, (max-width: 1200px) 70vw, 768px\"><\/a><\/p>\n<p>\u00a0<\/p>\n<p>A avalia\u00e7\u00e3o ser\u00e1 aplicada no dia\u00a0<strong>22 de janeiro de 2022\u00a0<\/strong>em S\u00e3o Paulo \u2013 SP, no turno da tarde.<\/p>\n<p>Os aprovados no exame objetivo ser\u00e3o submetidos, por fim, \u00e0\u00a0<strong>avalia\u00e7\u00e3o de t\u00edtulos<\/strong>.<\/p>\n<p>A\u00a0<strong>pontua\u00e7\u00e3o\u00a0<\/strong>ir\u00e1 variar conforme as titula\u00e7\u00f5es, que dever\u00e3o ser na \u00e1rea do cargo para o qual o candidato concorre. Confira o que ser\u00e1 considerado:<\/p>\n<ul><li>Experi\u00eancia Profissional (1 ponto para cada 12 meses trabalhos para n\u00edvel m\u00e9dio\/t\u00e9cnico; 1,5 ponto para cada 12 meses trabalhados para n\u00edvel superior);<\/li>\n<li>Doutorado (5 pontos)<\/li>\n<li>Mestrado (4 pontos)<\/li>\n<li>Programa de Aprimoramento Profissional \u2013 PAP (3 pontos)<\/li>\n<li>Curso de Especializa\u00e7\u00e3o (1 ponto)<\/li>\n<li>Cursos de Aprimoramento, Extens\u00e3o e Aperfei\u00e7oamento (0,5 ponto)<\/li>\n<li>Trabalhos publicados a partir de 2017 (0,5 ponto por trabalho)<\/li>\n<\/ul><h2 id=\"\"><\/h2>\n<h2 id=\"ps2id-idperfilprofissional-targetperfil-profissional-desejad\">[ps2id id=\u2019perfil-profissional\u2019 target=\u201d\/]Perfil profissional desejado<\/h2>\n<p>Confira as\u00a0<strong>caracter\u00edsticas e habilidades\u00a0<\/strong>esperadas dos candidatos a todos os cargos:<\/p>\n<ul><li>Iniciativa, responsabilidade e sigilo profissional;<\/li>\n<li>Dinamismo no desenvolvimento das tarefas;<\/li>\n<li>Concentra\u00e7\u00e3o;<\/li>\n<li>Senso de organiza\u00e7\u00e3o;<\/li>\n<li>Assertividade nas resolu\u00e7\u00f5es;<\/li>\n<li>Flexibilidade em rela\u00e7\u00e3o a diferentes cen\u00e1rios e novas realidades de trabalho;<\/li>\n<li>Capacidade para trabalhar bem em equipe;<\/li>\n<li>Cordialidade nas rela\u00e7\u00f5es interpessoais;<\/li>\n<li>Comprometimento: engajamento com os objetivos do trabalho que realiza e ser capaz de tra\u00e7ar estrat\u00e9gias para atend\u00ea-las, bem como aperfei\u00e7o\u00e1-las;<\/li>\n<li>Capacidade de\n<ul><li>inovar e socializar o conhecimento e a experi\u00eancia profissional;<\/li>\n<li>comunicar-se de maneira eficaz e eficiente;<\/li>\n<li>trabalhar sob press\u00e3o;<\/li>\n<\/ul><\/li>\n<li>Possuir controle emocional;<\/li>\n<li>Ter responsabilidade social, no\u00e7\u00f5es de \u00e9tica, democracia e compromisso com o servi\u00e7o p\u00fablico; e<\/li>\n<li>Buscar os melhores resultados e n\u00e3o o simples preenchimento da vaga dispon\u00edvel.<\/li>\n<\/ul><p>\u00a0<\/p>\n<h2 id=\"ps2id-idsobreemilioribas-targetsobre-o-instituto-emlio-ribas\">[ps2id id=\u2019sobre-emilio-ribas\u2019 target=\u201d\/]Sobre o Instituto Em\u00edlio Ribas<\/h2>\n<p class=\"font_8\">O\u00a0<a href=\"https:\/\/www.emilioribas.org\" target=\"_blank\" rel=\"noopener noreferrer\">Instituto de Infectologia Em\u00edlio Ribas<\/a> \u00e9 uma das mais antigas institui\u00e7\u00f5es p\u00fablicas do Brasil em atividade at\u00e9 hoje. \u00c9 um hospital especializado no tratamento de doen\u00e7as infecciosas com atendimento 100% voltado aos usu\u00e1rios do SUS.<\/p>\n<p class=\"font_8\">Localizado no que se chama hoje de \u201cQuadril\u00e1tero da Sa\u00fade\u201d da cidade de S\u00e3o Paulo, ao lado do metr\u00f4 Cl\u00ednicas, o Instituto era <strong>conhecido<\/strong> 130 anos atr\u00e1s como Hospital de Isolamento.<\/p>\n<p class=\"font_8\">Atualmente em processo de reestrutura\u00e7\u00e3o e <strong>moderniza\u00e7\u00e3o<\/strong>, sua complexidade \u00e9 de n\u00edvel terci\u00e1rio, onde \u00e9 poss\u00edvel realizar consultas, exames laboratoriais e de imagem, procedimentos cir\u00fargicos e interna\u00e7\u00f5es\u00a0num\u00a0\u00fanico lugar.<\/p>\n<p class=\"font_8\">Ademais, a institui\u00e7\u00e3o conta com profissionais dedicados e <strong>especializados<\/strong> que conferem ao hospital, j\u00e1 desde o in\u00edcio do s\u00e9culo XIX, um dos melhores centros de atendimento em doen\u00e7as infectocontagiosas do Pa\u00eds.<\/p>\n<h2 id=\"ps2id-idsobreses-targetsobre-a-sessp\">[ps2id id=\u2019sobre-ses\u2019 target=\u201d\/]Sobre a SES\/SP<\/h2>\n<p>A <a href=\"https:\/\/saude.sp.gov.br\" target=\"_blank\" rel=\"noopener noreferrer\">Secretaria do Estado da Sa\u00fade de S\u00e3o Paulo<\/a>, \u00e0 qual \u00e9 subordinado o Instituto de Infectologia Em\u00edlio Ribas, \u00e9 respons\u00e1vel pela formula\u00e7\u00e3o da Pol\u00edtica Estadual de Sa\u00fade e de suas diretrizes, norteada pelos princ\u00edpios do Sistema \u00danico de Sa\u00fade.<\/p>\n<p>A SES\/SP \u00e9, tamb\u00e9m,<strong> respons\u00e1vel<\/strong> pela articula\u00e7\u00e3o e pelo planejamento de a\u00e7\u00f5es desenvolvidas pelos 17 Departamentos Regionais de Sa\u00fade (DRS) distribu\u00eddos pelo Estado, al\u00e9m de administrar tr\u00eas funda\u00e7\u00f5es, sendo as seguintes:<\/p>\n<ul><li>Rem\u00e9dio Popular (FURP)<\/li>\n<li>Oncocentro de S\u00e3o Paulo (FOSP)<\/li>\n<li>Pr\u00f3-Sangue Hemocentro de S\u00e3o Paulo<\/li>\n<\/ul><p>\u00a0<\/p>","protected":false},"excerpt":{"rendered":"<p>Excelente not\u00edcia! Foi publicado o edital do concurso Em\u00edlio Ribas!<br \/>\nS\u00e3o ofertadas dezenas de vagas para cargos com sal\u00e1rio de at\u00e9 R$ 3,4 mil. <\/p>\n","protected":false},"author":16,"featured_media":156143,"comment_status":"closed","ping_status":"closed","sticky":false,"template":"","format":"standard","meta":{"_acf_changed":false,"footnotes":"","_wp_rev_ctl_limit":""},"categories":[44999],"tags":[],"class_list":["post-95127","post","type-post","status-publish","format-standard","has-post-thumbnail","hentry","category-concursos"],"acf":[],"_links":{"self":[{"href":"https:\/\/www.novaconcursos.com.br\/portal\/wp-json\/wp\/v2\/posts\/95127","targetHints":{"allow":["GET"]}}],"collection":[{"href":"https:\/\/www.novaconcursos.com.br\/portal\/wp-json\/wp\/v2\/posts"}],"about":[{"href":"https:\/\/www.novaconcursos.com.br\/portal\/wp-json\/wp\/v2\/types\/post"}],"author":[{"embeddable":true,"href":"https:\/\/www.novaconcursos.com.br\/portal\/wp-json\/wp\/v2\/users\/16"}],"replies":[{"embeddable":true,"href":"https:\/\/www.novaconcursos.com.br\/portal\/wp-json\/wp\/v2\/comments?post=95127"}],"version-history":[{"count":22,"href":"https:\/\/www.novaconcursos.com.br\/portal\/wp-json\/wp\/v2\/posts\/95127\/revisions"}],"predecessor-version":[{"id":176488,"href":"https:\/\/www.novaconcursos.com.br\/portal\/wp-json\/wp\/v2\/posts\/95127\/revisions\/176488"}],"wp:featuredmedia":[{"embeddable":true,"href":"https:\/\/www.novaconcursos.com.br\/portal\/wp-json\/wp\/v2\/media\/156143"}],"wp:attachment":[{"href":"https:\/\/www.novaconcursos.com.br\/portal\/wp-json\/wp\/v2\/media?parent=95127"}],"wp:term":[{"taxonomy":"category","embeddable":true,"href":"https:\/\/www.novaconcursos.com.br\/portal\/wp-json\/wp\/v2\/categories?post=95127"},{"taxonomy":"post_tag","embeddable":true,"href":"https:\/\/www.novaconcursos.com.br\/portal\/wp-json\/wp\/v2\/tags?post=95127"}],"curies":[{"name":"wp","href":"https:\/\/api.w.org\/{rel}","templated":true}]}}