{"id":95231,"date":"2019-12-02T14:11:56","date_gmt":"2019-12-02T17:11:56","guid":{"rendered":"https:\/\/www.novaconcursos.com.br\/portal\/?p=95231"},"modified":"2024-07-04T17:37:32","modified_gmt":"2024-07-04T20:37:32","slug":"concurso-alepi-mais-de-16-mil-candidatos-inscritos-no-certame","status":"publish","type":"post","link":"https:\/\/www.novaconcursos.com.br\/portal\/noticias\/concurso-alepi-mais-de-16-mil-candidatos-inscritos-no-certame\/","title":{"rendered":"Concurso ALEPI: Mais de 16 mil candidatos inscritos no certame!"},"content":{"rendered":"<p>Foram registrados mais de <strong>16 mil candidatos inscritos<\/strong> no <a aria-label=\"concurso (abre numa nova aba)\" href=\"https:\/\/www.novaconcursos.com.br\" target=\"_blank\" rel=\"noreferrer noopener\">concurso<\/a> <strong>ALEPI<\/strong> (<a href=\"https:\/\/www.novaconcursos.com.br\/portal\/concursos-abertos\/?promo_creative=Assembleia+Legislativa+do+Piau%C3%AD&amp;promo_name=noticia&amp;promo_id=%2Fportal%2Fnoticias%2Fconcurso-alepi-mais-de-16-mil-candidatos-inscritos-no-certame&amp;promo_position=corpo-texto\">Assembleia Legislativa do Piau\u00ed<\/a>). As <strong>provas<\/strong> do certame ser\u00e3o aplicadas no m\u00eas de <strong>janeiro de 2020<\/strong>!<\/p>\n\n\n\n<p><a href=\"https:\/\/www.novaconcursos.com.br\/portal\/concursos\/concurso-alepi\/\">\u21d2 Confira todas as informa\u00e7\u00f5es na p\u00e1gina do concurso!<\/a><\/p>\n\n\n\n<h2 class=\"wp-block-heading\" id=\"estatstica-de-inscries-no-concurso-alepi\">Estat\u00edstica de inscri\u00e7\u00f5es no concurso ALEPI<\/h2>\n\n\n\n<p>A banca organizadora Copese, divulgou a estat\u00edstica de candidatos inscritos no concurso ALEPI. O certame ir\u00e1 ofertar <strong>vagas para cargos de n\u00edveis m\u00e9dio e superior<\/strong>, e atraiu um total de <strong>16.726 candidatos<\/strong>.<\/p>\n\n\n\n<p>A maior procura foi para o cargo de <strong>Assessor T\u00e9cnico Legislativo da \u00e1rea Administrativa<\/strong>, com <strong>7.176 inscri\u00e7\u00f5es homologadas<\/strong>. O cargo tem exig\u00eancia de n\u00edvel m\u00e9dio e conta com 5 vagas, sendo 1 vaga para pessoa com defici\u00eancia.<\/p>\n\n\n\n<p>O segundo cargo com mais cadastro foi o de <strong>Consultor Legislativo<\/strong>, de n\u00edvel superior, na \u00e1rea de <strong>Direito<\/strong>. Ser\u00e3o <strong>3.886 pessoas<\/strong> concorrendo \u00e0s 5 vagas, sendo 1 vaga para pessoas com defici\u00eancia.<\/p>\n\n\n\n<p>Confira a <strong>estat\u00edstica completa<\/strong> de candidatos inscritos:<\/p>\n\n\n\n<ul class=\"wp-block-list\"><li>Consultor Legislativo \u2013 Reda\u00e7\u00e3o de Atas e Revis\u00e3o de Debates: 1.473 inscri\u00e7\u00f5es;<\/li>\n<\/ul><ul class=\"wp-block-list\"><li>Consultor Legislativo \u2013 Direito: 3.886 inscri\u00e7\u00f5es;<\/li>\n<\/ul><ul class=\"wp-block-list\"><li>Consultor Legislativo \u2013 Contabilidade: 1.104 inscri\u00e7\u00f5es;<\/li>\n<\/ul><ul class=\"wp-block-list\"><li>Consultor Legislativo \u2013 Tecnologia da Informa\u00e7\u00e3o: 497 inscri\u00e7\u00f5es;<\/li>\n<\/ul><ul class=\"wp-block-list\"><li>Consultor Legislativo \u2013 Comunica\u00e7\u00e3o Social: 510 inscri\u00e7\u00f5es;<\/li>\n<\/ul><ul class=\"wp-block-list\"><li>Consultor Legislativo \u2013 Biblioteconomia: 116 inscri\u00e7\u00f5es;<\/li>\n<\/ul><ul class=\"wp-block-list\"><li>Assessor T\u00e9cnico Legislativo \u2013 Taquigrafia: 149 inscri\u00e7\u00f5es;<\/li>\n<\/ul><ul class=\"wp-block-list\"><li>Assessor T\u00e9cnico Legislativo \u2013 Inform\u00e1tica: 1.100 inscri\u00e7\u00f5es;<\/li>\n<\/ul><ul class=\"wp-block-list\"><li>Assessor T\u00e9cnico Legislativo \u2013 Cerimonial P\u00fablico: 545 inscri\u00e7\u00f5es;<\/li>\n<\/ul><ul class=\"wp-block-list\"><li>Assessor T\u00e9cnico Legislativo \u2013 Radiodifus\u00e3o: 170 inscri\u00e7\u00f5es;<\/li>\n<\/ul><ul class=\"wp-block-list\"><li>Assessor T\u00e9cnico Legislativo \u2013 \u00c1rea Administrativa: 7.176 inscri\u00e7\u00f5es.<\/li>\n<\/ul><p>Das mais de 16.000 inscri\u00e7\u00f5es no concurso ALEPI, <strong>um total de 2.139 s\u00e3o de candidatos isentos da taxa de inscri\u00e7\u00e3o<\/strong>, do quais <strong>900<\/strong> participantes s\u00e3o desempregados.<\/p>\n\n\n<div class=\"wp-block-image\">\n<figure class=\"aligncenter is-resized\"><img decoding=\"async\" width=\"1024\" height=\"682\" src=\"https:\/\/www.novaconcursos.com.br\/portal\/wp-content\/uploads\/2019\/08\/ALEPI-1024x682.jpg\" alt=\"\" class=\"wp-image-89853\" style=\"width:786px;height:523px\" loading=\"lazy\" title=\"\" srcset=\"https:\/\/www.novaconcursos.com.br\/portal\/wp-content\/uploads\/2019\/08\/ALEPI-300x200.jpg 300w, https:\/\/www.novaconcursos.com.br\/portal\/wp-content\/uploads\/2019\/08\/ALEPI-1024x682.jpg 1024w\" sizes=\"auto, (max-width: 480px) 100vw, (max-width: 768px) 100vw, (max-width: 1200px) 70vw, 768px\"><\/figure><\/div>\n\n\n<h2 class=\"wp-block-heading\" id=\"provas-do-concurso-alepi-aplicadas-em-janeiro\">Provas do concurso ALEPI aplicadas em janeiro<\/h2>\n\n\n\n<p>As primeiras etapas avaliativas do certame ser\u00e3o as <strong>provas objetiva e de reda\u00e7\u00e3o<\/strong>, ambas marcadas para o dia <strong>12 de janeiro de 2020<\/strong>. Os locais de realiza\u00e7\u00e3o, ser\u00e3o divulgados no dia <strong>07 de janeiro<\/strong>.<\/p>\n\n\n\n<p>Os candidatos ter\u00e3o at\u00e9 <strong>5 horas para fazer os dois exames<\/strong>. A prova objetiva ser\u00e1 de m\u00faltipla escolha, sendo composta por <strong>50 quest\u00f5es de Conhecimentos Gerais e Conhecimentos Espec\u00edficos<\/strong>.<\/p>\n\n\n\n<p>A parte de Conhecimentos Gerais, englobar\u00e1 <strong>10 itens<\/strong> sobre L\u00edngua Portuguesa e <strong>10 itens<\/strong> sobre Racioc\u00ednio L\u00f3gico. J\u00e1 a parte de Conhecimentos Espec\u00edficos, varia de cargo para cargo.<\/p>\n\n\n\n<p><strong>A reda\u00e7\u00e3o ir\u00e1 constar um texto dissertativo-argumentativo sobre tema apresentado no momento de aplica\u00e7\u00e3o<\/strong>, ser\u00e3o corrigidas somente as reda\u00e7\u00f5es dos candidatos habilitados na prova objetiva.<\/p>\n\n\n\n<p>Os candidatos habilitados seguir\u00e3o para a <strong>An\u00e1lise de T\u00edtulos<\/strong>, cujos documentos dever\u00e3o <a href=\"https:\/\/10top-casinos.top\/\" target=\"_blank\" rel=\"noopener\">10top-casinos<\/a> ser encaminhados entre os dias <strong>13 e 14 de fevereiro de 2020<\/strong>, conforme a convoca\u00e7\u00e3o que ser\u00e1 divulgada no dia 12 de fevereiro.<\/p>\n\n\n\n<p>A \u00faltima etapa avaliativa do certame ir\u00e1 contar em uma <strong>prova pr\u00e1tica<\/strong>, somente para os candidatos a <strong>Assessor T\u00e9cnico na \u00e1rea de Taquigrafia<\/strong>. O exame est\u00e1 previsto para o dia <strong>16 de fevereiro<\/strong> e ser\u00e1 dividido em duas partes.<\/p>\n\n\n\n<p>A <strong>primeira parte<\/strong>, ir\u00e1 compreender um ditado com dura\u00e7\u00e3o de tr\u00eas minutos. O candidato precisar\u00e1 ter um aproveitamento de, pelo menos, <strong>70 palavras<\/strong> por minuto, totalizando <strong>210 palavras<\/strong>.<\/p>\n\n\n\n<p>J\u00e1 a <strong>segunda parte<\/strong> da prova pr\u00e1tica ser\u00e1 a <strong>transcri\u00e7\u00e3o do texto taquigrafado em processador de texto Word<\/strong>, sem utiliza\u00e7\u00e3o dos recursos de autocorre\u00e7\u00e3o e de verifica\u00e7\u00e3o ortogr\u00e1fica e gramatical.<\/p>\n\n\n\n<p>O <strong>resultado final<\/strong> do concurso est\u00e1 previsto para ser divulgado no dia <strong>17 de mar\u00e7o de 2020<\/strong>. O certame ter\u00e1 validade de dois anos, podendo ser prorrogado por igual per\u00edodo.<\/p>\n\n\n\n<p class=\"has-text-align-center\"> <a href=\"https:\/\/www.novaconcursos.com.br\/concurso\/alepi-assembleia-legislativa-do-estado-do-piaui\/apostila\" target=\"_blank\" rel=\"noreferrer noopener\" aria-label=\"\u00bb Prepare-se para o concurso ALEPI + B\u00d4NUS (GR\u00c1TIS)\u00a0\u00ab (abre numa nova aba)\">\u00bb Prepare-se para o concurso ALEPI + B\u00d4NUS (GR\u00c1TIS)\u00a0\u00ab<\/a> <\/p>","protected":false},"excerpt":{"rendered":"<p>Foram registrados mais de 16 mil candidatos inscritos no concurso ALEPI (Assembleia Legislativa do Piau\u00ed). As provas do certame ser\u00e3o aplicadas no m\u00eas de janeiro de 2020! \u21d2 Confira todas as informa\u00e7\u00f5es na p\u00e1gina do concurso! Estat\u00edstica de inscri\u00e7\u00f5es no concurso ALEPI A banca organizadora Copese, divulgou a estat\u00edstica de candidatos inscritos no concurso ALEPI. [&hellip;]<\/p>\n","protected":false},"author":16,"featured_media":90203,"comment_status":"closed","ping_status":"closed","sticky":false,"template":"","format":"standard","meta":{"_acf_changed":false,"footnotes":"","_wp_rev_ctl_limit":""},"categories":[228],"tags":[],"class_list":["post-95231","post","type-post","status-publish","format-standard","has-post-thumbnail","hentry","category-noticias"],"acf":[],"_links":{"self":[{"href":"https:\/\/www.novaconcursos.com.br\/portal\/wp-json\/wp\/v2\/posts\/95231","targetHints":{"allow":["GET"]}}],"collection":[{"href":"https:\/\/www.novaconcursos.com.br\/portal\/wp-json\/wp\/v2\/posts"}],"about":[{"href":"https:\/\/www.novaconcursos.com.br\/portal\/wp-json\/wp\/v2\/types\/post"}],"author":[{"embeddable":true,"href":"https:\/\/www.novaconcursos.com.br\/portal\/wp-json\/wp\/v2\/users\/16"}],"replies":[{"embeddable":true,"href":"https:\/\/www.novaconcursos.com.br\/portal\/wp-json\/wp\/v2\/comments?post=95231"}],"version-history":[{"count":4,"href":"https:\/\/www.novaconcursos.com.br\/portal\/wp-json\/wp\/v2\/posts\/95231\/revisions"}],"predecessor-version":[{"id":242743,"href":"https:\/\/www.novaconcursos.com.br\/portal\/wp-json\/wp\/v2\/posts\/95231\/revisions\/242743"}],"wp:featuredmedia":[{"embeddable":true,"href":"https:\/\/www.novaconcursos.com.br\/portal\/wp-json\/wp\/v2\/media\/90203"}],"wp:attachment":[{"href":"https:\/\/www.novaconcursos.com.br\/portal\/wp-json\/wp\/v2\/media?parent=95231"}],"wp:term":[{"taxonomy":"category","embeddable":true,"href":"https:\/\/www.novaconcursos.com.br\/portal\/wp-json\/wp\/v2\/categories?post=95231"},{"taxonomy":"post_tag","embeddable":true,"href":"https:\/\/www.novaconcursos.com.br\/portal\/wp-json\/wp\/v2\/tags?post=95231"}],"curies":[{"name":"wp","href":"https:\/\/api.w.org\/{rel}","templated":true}]}}