{"id":95561,"date":"2019-12-10T16:22:38","date_gmt":"2019-12-10T19:22:38","guid":{"rendered":"https:\/\/www.novaconcursos.com.br\/portal\/?p=95561"},"modified":"2019-12-10T16:22:40","modified_gmt":"2019-12-10T19:22:40","slug":"concurso-spprev-candidatos-sao-convocados-para-a-prova-objetiva","status":"publish","type":"post","link":"https:\/\/www.novaconcursos.com.br\/portal\/noticias\/concurso-spprev-candidatos-sao-convocados-para-a-prova-objetiva\/","title":{"rendered":"Concurso SPPREV: Candidatos s\u00e3o convocados para a prova objetiva!"},"content":{"rendered":"<p>Registrados mais de <strong>24 mil candidatos inscritos<\/strong> no <a rel=\"noreferrer noopener\" aria-label=\"concurso (abre numa nova aba)\" href=\"https:\/\/www.novaconcursos.com.br\" target=\"_blank\">concurso<\/a> <strong>SPPREV<\/strong> (<a href=\"https:\/\/www.novaconcursos.com.br\/concurso\/spprev\/curso-online\" target=\"_blank\" rel=\"noreferrer noopener\" aria-label=\"S\u00e3o Paulo Previd\u00eancia (abre numa nova aba)\">S\u00e3o Paulo Previd\u00eancia<\/a>), os participantes foram <strong>convocados para as provas<\/strong>.<\/p>\n\n\n\n<h2 class=\"wp-block-heading\" id=\"provas-do-concurso-spprev\">Provas do concurso SPPREV<\/h2>\n\n\n\n<p><strong>Os candidatos inscritos no concurso SPPREV foram convocados para a realiza\u00e7\u00e3o das provas e j\u00e1 podem consultar os locais<\/strong>, no site da banca organizadora, <a href=\"http:\/\/www.concursosfcc.com.br\/concursos\/sppre119\/index.html\" target=\"_blank\" rel=\"noreferrer noopener\" aria-label=\"FCC (abre numa nova aba)\">FCC<\/a>. As avalia\u00e7\u00f5es ser\u00e3o aplicadas no dia <strong>15 de dezembro de 2019<\/strong>.<\/p>\n\n\n\n<p><strong>Para ter acesso aos locais de provas, <\/strong>o participante dever\u00e1 acessar o site da banca organizadora, <a rel=\"noreferrer noopener\" aria-label=\"Funda\u00e7\u00e3o Carlos Chagas (abre numa nova aba)\" href=\"https:\/\/www.concursosfcc.com.br\/concursos\/jsp\/localDeExame\/index.jsp\" target=\"_blank\">Funda\u00e7\u00e3o Carlos Chagas<\/a>. As informa\u00e7\u00f5es s\u00e3o pessoas e fornecidas apenas para os candidatos.<\/p>\n\n\n\n<p>O <a href=\"https:\/\/www.novaconcursos.com.br\/portal\/wp-content\/uploads\/2019\/12\/edital_convocacao_provas_sppre119.pdf\" target=\"_blank\" rel=\"noreferrer noopener\" aria-label=\"edital de convoca\u00e7\u00e3o (abre numa nova aba)\">edital de convoca\u00e7\u00e3o<\/a> confirma que as <strong>provas ser\u00e3o aplicadas no domingo<\/strong>, no turno da manh\u00e3, para ambos os cargos. O hor\u00e1rio de apresenta\u00e7\u00e3o est\u00e1 marcado para \u00e0s <strong>08h30min<\/strong>, enquanto os port\u00f5es ser\u00e3o fechados \u00e0s <strong>09h<\/strong>.<\/p>\n\n\n\n<p><strong>O exame ter\u00e1 dura\u00e7\u00e3o m\u00e1xima de 4 horas<\/strong>. Os concorrentes somente poder\u00e3o se ausentar ap\u00f3s decorridas tr\u00eas horas de prova, sob risco de elimina\u00e7\u00e3o, conforme consta em edital.<\/p>\n\n\n\n<p><strong>As provas ir\u00e3o acontecer na cidade de S\u00e3o Paulo\/SP<\/strong>. Todos os participantes responder\u00e3o a <strong>60 quest\u00f5es<\/strong> de m\u00faltipla escolha, sendo <strong>30 quest\u00f5es<\/strong> de Conhecimentos Gerais e <strong>30 quest\u00f5es<\/strong> de Conhecimentos Espec\u00edficos. Para a prova discursiva, ser\u00e1 cobrada uma <strong>Reda\u00e7\u00e3o<\/strong>.<\/p>\n\n\n\n<div class=\"wp-block-image\"><figure class=\"aligncenter is-resized\"><img decoding=\"async\" src=\"https:\/\/www.novaconcursos.com.br\/portal\/wp-content\/uploads\/2019\/08\/SPPREV.jpg\" alt=\"\" class=\"wp-image-93880\" width=\"661\" height=\"704\" loading=\"lazy\" title=\"\"><\/figure><\/div>\n\n\n\n<h2 class=\"wp-block-heading\" id=\"inscritos-no-concurso-spprev\">Inscritos no concurso SPPREV<\/h2>\n\n\n\n<p>Al\u00e9m da convoca\u00e7\u00e3o para as provas, a Funda\u00e7\u00e3o Carlos Chagas, tamb\u00e9m publicou o documento com a estat\u00edstica geral de candidatos inscritos no concurso SPPREV. <strong>A lista revela que foram registradas 24.094 candidaturas<\/strong>, sendo:<\/p>\n\n\n\n<ul class=\"wp-block-list\"><li><strong>Analista em Gest\u00e3o Previdenci\u00e1ria<\/strong>: 7.923 candidatos inscritos;<\/li><\/ul><ul class=\"wp-block-list\"><li><strong>T\u00e9cnico em Gest\u00e3o Previdenci\u00e1ria<\/strong>: 16.171 candidatos inscritos.<\/li><\/ul><p>O edital do certame foi publicado no m\u00eas de outubro, s\u00e3o ofertadas <strong>91 vagas<\/strong> de car\u00e1ter imediato para os cargos de <strong>T\u00e9cnico e Analista, de n\u00edveis m\u00e9dio e superior, respectivamente<\/strong>. H\u00e1 reserva para deficientes.<\/p>\n\n\n\n<p>Para o cargo de <strong>n\u00edvel m\u00e9dio<\/strong>, s\u00e3o ofertadas <strong>77 vagas<\/strong>, cuja \u00fanica exig\u00eancia \u00e9 ter a forma\u00e7\u00e3o completa. Dessas, s\u00e3o <strong>73 vagas<\/strong> para disputa em ampla concorr\u00eancia e <strong>4 vagas<\/strong> para deficientes, com sal\u00e1rio inicial de <strong>R$ 2.146,38<\/strong>.<\/p>\n\n\n\n<p>J\u00e1 para o <strong>n\u00edvel superior<\/strong>, s\u00e3o oferecidas <strong>14 vagas<\/strong>, das quais <strong>1 vaga<\/strong> ser\u00e1 para candidatos portadores de necessidades especiais. O cargo \u00e9 o <strong>Analista em Gest\u00e3o Previdenci\u00e1ria<\/strong>, com exig\u00eancia de n\u00edvel superior em qualquer \u00e1rea, com remunera\u00e7\u00e3o inicial de <strong>R$ 5.384,42<\/strong>.<\/p>\n\n\n\n<p>Ap\u00f3s a realiza\u00e7\u00e3o das primeiras etapas, <strong>os candidatos a Analista ir\u00e3o passar ainda por uma prova de t\u00edtulos<\/strong>. A validade do concurso SPPREV ser\u00e1 de dois anos, podendo ser prorrogado por igual per\u00edodo.<\/p>\n\n\n\n<p style=\"text-align:center\"> <a href=\"https:\/\/www.novaconcursos.com.br\/concurso\/spprev\/curso-online\" target=\"_blank\" rel=\"noreferrer noopener\" aria-label=\"\u00bb Prepare-se para o concurso SPPREV + B\u00d4NUS (GR\u00c1TIS)\u00a0\u00ab (abre numa nova aba)\">\u00bb Prepare-se para o concurso SPPREV + B\u00d4NUS (GR\u00c1TIS)\u00a0\u00ab<\/a>  <\/p>","protected":false},"excerpt":{"rendered":"<p>Registrados mais de 24 mil candidatos inscritos no concurso SPPREV (S\u00e3o Paulo Previd\u00eancia), os participantes foram convocados para as provas. Provas do concurso SPPREV Os candidatos inscritos no concurso SPPREV foram convocados para a realiza\u00e7\u00e3o das provas e j\u00e1 podem consultar os locais, no site da banca organizadora, FCC. As avalia\u00e7\u00f5es ser\u00e3o aplicadas no dia [&hellip;]<\/p>\n","protected":false},"author":16,"featured_media":93881,"comment_status":"closed","ping_status":"closed","sticky":false,"template":"","format":"standard","meta":{"_acf_changed":false,"footnotes":"","_wp_rev_ctl_limit":""},"categories":[228],"tags":[],"class_list":["post-95561","post","type-post","status-publish","format-standard","has-post-thumbnail","hentry","category-noticias"],"acf":[],"_links":{"self":[{"href":"https:\/\/www.novaconcursos.com.br\/portal\/wp-json\/wp\/v2\/posts\/95561","targetHints":{"allow":["GET"]}}],"collection":[{"href":"https:\/\/www.novaconcursos.com.br\/portal\/wp-json\/wp\/v2\/posts"}],"about":[{"href":"https:\/\/www.novaconcursos.com.br\/portal\/wp-json\/wp\/v2\/types\/post"}],"author":[{"embeddable":true,"href":"https:\/\/www.novaconcursos.com.br\/portal\/wp-json\/wp\/v2\/users\/16"}],"replies":[{"embeddable":true,"href":"https:\/\/www.novaconcursos.com.br\/portal\/wp-json\/wp\/v2\/comments?post=95561"}],"version-history":[{"count":2,"href":"https:\/\/www.novaconcursos.com.br\/portal\/wp-json\/wp\/v2\/posts\/95561\/revisions"}],"predecessor-version":[{"id":95564,"href":"https:\/\/www.novaconcursos.com.br\/portal\/wp-json\/wp\/v2\/posts\/95561\/revisions\/95564"}],"wp:featuredmedia":[{"embeddable":true,"href":"https:\/\/www.novaconcursos.com.br\/portal\/wp-json\/wp\/v2\/media\/93881"}],"wp:attachment":[{"href":"https:\/\/www.novaconcursos.com.br\/portal\/wp-json\/wp\/v2\/media?parent=95561"}],"wp:term":[{"taxonomy":"category","embeddable":true,"href":"https:\/\/www.novaconcursos.com.br\/portal\/wp-json\/wp\/v2\/categories?post=95561"},{"taxonomy":"post_tag","embeddable":true,"href":"https:\/\/www.novaconcursos.com.br\/portal\/wp-json\/wp\/v2\/tags?post=95561"}],"curies":[{"name":"wp","href":"https:\/\/api.w.org\/{rel}","templated":true}]}}