{"id":95848,"date":"2025-01-17T14:00:22","date_gmt":"2025-01-17T17:00:22","guid":{"rendered":"https:\/\/www.novaconcursos.com.br\/portal\/?post_type=nc-public-tender&#038;p=95848"},"modified":"2025-01-17T14:07:05","modified_gmt":"2025-01-17T17:07:05","slug":"concurso-mp-ce","status":"publish","type":"post","link":"https:\/\/www.novaconcursos.com.br\/portal\/concursos\/concurso-mp-ce\/","title":{"rendered":"Concurso MP CE: Edital publicado. Iniciais de R$7 mil!"},"content":{"rendered":"<p>O edital do <strong>Concurso MP CE<\/strong> (Minist\u00e9rio P\u00fablico do Cear\u00e1) foi <a href=\"https:\/\/www.cebraspe.org.br\/concursos\/mp_ce_25_servidor.\" data-type=\"link\" data-id=\"https:\/\/www.cebraspe.org.br\/concursos\/mp_ce_25_servidor.\" target=\"_blank\" rel=\"noopener\">publicado<\/a> com vagas para <strong>T\u00e9cnico<\/strong> e <strong>Analista<\/strong>, de <strong>n\u00edvel superior<\/strong>!<\/p>\n\n\n\n<p>Com oferta de 1 vaga imediata e oportunidades para cadastro reserva, o sal\u00e1rio inicial pode chegar at\u00e9 R$ 7 mil!<\/p>\n\n\n\n    <div class=\"nova-resumo-edital\">\n        <h2 class=\"nova-resumo-edital-title\" id=\"resumo-edital\">Resumo Edital<\/h2>\n        <ul class=\"nova-resumo-edital-list nova-menu\"><li>\n                <img decoding=\"async\" width=\"24\" height=\"24\" loading=\"lazy\" src=\"https:\/\/www.novaconcursos.com.br\/portal\/wp-content\/themes\/nova-theme\/includes\/assets\/img\/person.svg\" aria-hidden=\"true\" alt=\"\u00edcone pessoa\" title=\"\"><span>\n                    <b>Vagas: <\/b> 1 + CR\n                <\/span>\n            <\/li>\n            <li>\n                <img decoding=\"async\" width=\"24\" height=\"24\" loading=\"lazy\" src=\"https:\/\/www.novaconcursos.com.br\/portal\/wp-content\/themes\/nova-theme\/includes\/assets\/img\/inscricoes.svg\" aria-hidden=\"true\" alt=\"\u00edcone pessoa\" title=\"\"><span>\n                    <b>Per\u00edodo de inscri\u00e7\u00f5es: <\/b> 03\/02\/2025 a 21\/02\/2025\n                <\/span>\n            <\/li>\n            <li>\n                <img decoding=\"async\" width=\"24\" height=\"24\" loading=\"lazy\" src=\"https:\/\/www.novaconcursos.com.br\/portal\/wp-content\/themes\/nova-theme\/includes\/assets\/img\/taxa-inscricao.svg\" aria-hidden=\"true\" alt=\"\u00edcone pessoa\" title=\"\"><span>\n                    <b>Taxa de inscri\u00e7\u00e3o: <\/b> R$ 110,00 a R$ 130,00\n                <\/span>\n            <\/li>\n            <li>\n                <img decoding=\"async\" width=\"24\" height=\"24\" loading=\"lazy\" src=\"https:\/\/www.novaconcursos.com.br\/portal\/wp-content\/themes\/nova-theme\/includes\/assets\/img\/prova.svg\" aria-hidden=\"true\" alt=\"\u00edcone pessoa\" title=\"\"><span>\n                    <b>Prova: <\/b> 13\/04\/2025\n                <\/span>\n            <\/li>\n            <li>\n                <img decoding=\"async\" width=\"24\" height=\"24\" loading=\"lazy\" src=\"https:\/\/www.novaconcursos.com.br\/portal\/wp-content\/themes\/nova-theme\/includes\/assets\/img\/banca.svg\" aria-hidden=\"true\" alt=\"\u00edcone pessoa\" title=\"\"><span>\n                    <b>Banca: <\/b> Cebraspe\n                <\/span>\n            <\/li>\n        <\/ul><div class=\"nova-resumo-edital-baixar\">\n            <a href=\"https:\/\/www.novaconcursos.com.br\/portal\/wp-content\/uploads\/2025\/01\/Edital-concurso-servidor-MPCE-2025.pdf\" rel=\"noopener\">\n                Baixe aqui o edital\n            <\/a>\n        <\/div>\n    <\/div>\n\n\n\n<p>Est\u00e1 interessado? Continue a leitura e confira como se preparar para o novo concurso MP CE!<\/p>\n\n\n\n<h2 class=\"wp-block-heading\" id=\"como-se-inscrever-no-concurso-mp-ce\">Como se inscrever no concurso MP CE?<\/h2>\n\n\n\n<p>Fique atento! Para se inscrever no concurso MPCE, os candidatos devem acessar o portal da banca entre os dias <strong>3 de fevereiro a 21 de fevereiro de 2025<\/strong>. Ap\u00f3s o preenchimento dos dados, deve ser efetuado o pagamento da taxa de inscri\u00e7\u00e3o, no valor de <strong>R$ 110<\/strong> para t\u00e9cnico e <strong>R$ 130 <\/strong>para analista.<\/p>\n\n\n\n<p>As provas objetivas est\u00e3o programadas para o dia <strong>13 de abril de 2025<\/strong>, garantindo tempo suficiente para uma prepara\u00e7\u00e3o cuidadosa.<\/p>\n\n\n\n<h3 class=\"wp-block-heading\">Isen\u00e7\u00e3o da Taxa de Inscri\u00e7\u00e3o<\/h3>\n\n\n\n<p>O MP CE oferece isen\u00e7\u00e3o da taxa de inscri\u00e7\u00e3o para candidatos que atendam a crit\u00e9rios espec\u00edficos, como:<\/p>\n\n\n\n<ul class=\"wp-block-list\"><li>Doadores de sangue regulares,<\/li>\n\n\n\n<li>Estudantes de institui\u00e7\u00f5es p\u00fablicas,<\/li>\n\n\n\n<li>Pessoas com defici\u00eancia,<\/li>\n\n\n\n<li>Membros de fam\u00edlias de baixa renda, conforme comprova\u00e7\u00e3o exigida.<\/li>\n<\/ul><p>A solicita\u00e7\u00e3o de isen\u00e7\u00e3o deve ser feita no mesmo site de inscri\u00e7\u00e3o, dentro do per\u00edodo de <strong>3 a 21 de fevereiro de 2025<\/strong>.<\/p>\n\n\n\n<p>N\u00e3o perca essa chance de ingressar no servi\u00e7o p\u00fablico e conquistar uma carreira s\u00f3lida no Minist\u00e9rio P\u00fablico. Fique atento ao prazo e prepare-se bem para as provas!<\/p>\n\n\n\n<h2 class=\"wp-block-heading\" id=\"quais-so-os-cargos-do-concurso-mp-ce\">Quais s\u00e3o os cargos do concurso MP CE?<\/h2>\n\n\n\n<p>O concurso MPE CE oferece 1 oportunidade imediata e forma\u00e7\u00e3o de cadastro reserva, que podem ser convocados para assumir vagas! As vagas s\u00e3o para os cargos de Analista Ministerial, para diversas especialidades e T\u00e9cnico Ministerial. <\/p>\n\n\n\n<p>Confira abaixo a distribui\u00e7\u00e3o dos cargos:<\/p>\n\n\n\n<figure class=\"wp-block-image size-large is-resized\"><img decoding=\"async\" width=\"724\" height=\"1024\" src=\"https:\/\/www.novaconcursos.com.br\/portal\/wp-content\/uploads\/2024\/12\/Quadro-de-Vagas-MPCE-724x1024.webp\" alt=\"Quadro de vagas do concurso MP CE\" class=\"wp-image-269477\" style=\"width:840px;height:auto\" loading=\"lazy\" title=\"\" srcset=\"https:\/\/www.novaconcursos.com.br\/portal\/wp-content\/uploads\/2024\/12\/Quadro-de-Vagas-MPCE-212x300.webp 212w, https:\/\/www.novaconcursos.com.br\/portal\/wp-content\/uploads\/2024\/12\/Quadro-de-Vagas-MPCE-480x679.webp 480w, https:\/\/www.novaconcursos.com.br\/portal\/wp-content\/uploads\/2024\/12\/Quadro-de-Vagas-MPCE-724x1024.webp 724w, https:\/\/www.novaconcursos.com.br\/portal\/wp-content\/uploads\/2024\/12\/Quadro-de-Vagas-MPCE-768x1086.webp 768w, https:\/\/www.novaconcursos.com.br\/portal\/wp-content\/uploads\/2024\/12\/Quadro-de-Vagas-MPCE-1086x1536.webp 1086w, https:\/\/www.novaconcursos.com.br\/portal\/wp-content\/uploads\/2024\/12\/Quadro-de-Vagas-MPCE.webp 1414w\" sizes=\"auto, (max-width: 480px) 100vw, (max-width: 768px) 100vw, (max-width: 1200px) 70vw, 768px\"><figcaption class=\"wp-element-caption\"><em>Edital publicado. Iniciais de R$ 7 mil!<\/em><\/figcaption><\/figure><h3 class=\"wp-block-heading\">Quanto ganha um servidor do MPCE?<\/h3>\n\n\n\n<p>Todos os cargos possuem uma jornada de 30 horas semanais. O sal\u00e1rio inicial \u00e9 de <strong>R$ 5.428,79<\/strong> para o cargo de t\u00e9cnico e de <strong>R$ 7.439,09<\/strong> para o cargo de analista. O servidor tamb\u00e9m recebe benef\u00edcios como aux\u00edlio-alimenta\u00e7\u00e3o. O valor dos ganhos aumentam de acordo com o tempo de carreira.<\/p>\n\n\n\n<div class=\"nova-continue-reading\">Leia tamb\u00e9m: <a href=\"https:\/\/www.novaconcursos.com.br\/portal\/concursos-abertos\/\" data-type=\"link\" data-id=\"https:\/\/www.novaconcursos.com.br\/portal\/concursos-abertos\/\">Concursos Abertos: Veja as Oportunidades do Ano!<\/a><\/div>\n\n\n\n<h2 class=\"wp-block-heading\" id=\"quais-so-os-requisitos-do-mp-ce\">Quais s\u00e3o os requisitos do MP CE?<\/h2>\n\n\n\n<p>De acordo com o edital, os requisitos b\u00e1sicos para tomar posse de um cargo no Minist\u00e9rio P\u00fablico do Cear\u00e1 s\u00e3o:<\/p>\n\n\n\n<ul class=\"wp-block-list\"><li>Ter a nacionalidade brasileira ou portuguesa e, no caso de nacionalidade portuguesa, estar amparado pelo Estatuto de Igualdade entre Brasileiros e Portugueses, com reconhecimento do gozo dos direitos pol\u00edticos, nos termos do \u00a7 1\u00ba do art. 12 da Constitui\u00e7\u00e3o Federal.<\/li>\n\n\n\n<li>Estar em gozo dos direitos pol\u00edticos.<\/li>\n\n\n\n<li>Estar quite com as obriga\u00e7\u00f5es militares, em caso de candidato do sexo masculino.<\/li>\n\n\n\n<li>Estar quite com as obriga\u00e7\u00f5es eleitorais.<\/li>\n\n\n\n<li>Possuir os requisitos exigidos para o exerc\u00edcio do cargo\/especialidade, conforme o item 2 deste edital.<\/li>\n\n\n\n<li>Ter idade m\u00ednima de 18 anos completos na data da posse.<\/li>\n\n\n\n<li>Ter aptid\u00e3o f\u00edsica e mental para o exerc\u00edcio das atribui\u00e7\u00f5es do cargo\/especialidade.<\/li>\n\n\n\n<li>O candidato dever\u00e1 declarar, na solicita\u00e7\u00e3o de inscri\u00e7\u00e3o, que tem ci\u00eancia e aceita que, caso aprovado, dever\u00e1 entregar os documentos comprobat\u00f3rios dos requisitos exigidos para o cargo\/especialidade por ocasi\u00e3o da posse.<\/li>\n\n\n\n<li>Apresentar certid\u00e3o negativa de antecedentes criminais expedidas pelos Foros das Justi\u00e7as Estadual, Federal e Eleitoral dos locais de resid\u00eancia do candidato nos \u00faltimos cinco anos.<\/li>\n\n\n\n<li>N\u00e3o haver sofrido, no exerc\u00edcio de fun\u00e7\u00e3o p\u00fablica, a penalidade prevista no par\u00e1grafo \u00fanico do art. 200, da Lei n\u00ba 9.826\/1974.<\/li>\n<\/ul><h3 class=\"wp-block-heading\">Quais s\u00e3o os requisitos de cada cargo do MP CE?<\/h3>\n\n\n\n<p>Confira a seguir os requisitos b\u00e1sicos de cada cargo:<\/p>\n\n\n\n<p><strong>Analista Ministerial \u2013 Especialidade: Administra\u00e7\u00e3o<\/strong><\/p>\n\n\n\n<ul class=\"wp-block-list\"><li>Certificado ou diploma de curso superior em Administra\u00e7\u00e3o, fornecido por institui\u00e7\u00e3o reconhecida pelo MEC, e registro no \u00f3rg\u00e3o de classe.<\/li>\n<\/ul><p><strong>Analista Ministerial \u2013 Especialidade: Arquitetura e Urbanismo<\/strong><\/p>\n\n\n\n<ul class=\"wp-block-list\"><li>Diploma de curso superior em Arquitetura e Urbanismo, fornecido por institui\u00e7\u00e3o reconhecida pelo MEC, e registro no \u00f3rg\u00e3o de classe.<\/li>\n<\/ul><p><strong>Analista Ministerial \u2013 Especialidade: Biblioteconomia<\/strong><\/p>\n\n\n\n<ul class=\"wp-block-list\"><li>Diploma de curso superior em Biblioteconomia, fornecido por institui\u00e7\u00e3o reconhecida pelo MEC, e registro no \u00f3rg\u00e3o de classe.<\/li>\n<\/ul><p><strong>Analista Ministerial \u2013 Especialidade: Ci\u00eancias Cont\u00e1beis<\/strong><\/p>\n\n\n\n<ul class=\"wp-block-list\"><li>Diploma de curso superior em Ci\u00eancias Cont\u00e1beis, fornecido por institui\u00e7\u00e3o reconhecida pelo MEC, e registro no \u00f3rg\u00e3o de classe.<\/li>\n<\/ul><p><strong>Analista Ministerial \u2013 Especialidade: Ci\u00eancias da Computa\u00e7\u00e3o<\/strong><\/p>\n\n\n\n<ul class=\"wp-block-list\"><li>Diploma de curso superior em Ci\u00eancias da Computa\u00e7\u00e3o, fornecido por institui\u00e7\u00e3o reconhecida pelo MEC.<\/li>\n<\/ul><p><strong>Analista Ministerial \u2013 Especialidade: Direito<\/strong><\/p>\n\n\n\n<ul class=\"wp-block-list\"><li>Diploma de curso superior em Direito, fornecido por institui\u00e7\u00e3o reconhecida pelo MEC.<\/li>\n<\/ul><p><strong>Analista Ministerial \u2013 Especialidade: Engenharia Ambiental<\/strong><\/p>\n\n\n\n<ul class=\"wp-block-list\"><li>Diploma de curso superior em Engenharia Ambiental, fornecido por institui\u00e7\u00e3o reconhecida pelo MEC, e registro no \u00f3rg\u00e3o de classe.<\/li>\n<\/ul><p><strong>Analista Ministerial \u2013 Especialidade: Engenharia Civil<\/strong><\/p>\n\n\n\n<ul class=\"wp-block-list\"><li>Diploma de curso superior em Engenharia Civil, fornecido por institui\u00e7\u00e3o reconhecida pelo MEC, e registro no \u00f3rg\u00e3o de classe.<\/li>\n<\/ul><p><strong>Analista Ministerial \u2013 Especialidade: Psicologia<\/strong><\/p>\n\n\n\n<ul class=\"wp-block-list\"><li>Diploma de curso superior em Psicologia, fornecido por institui\u00e7\u00e3o reconhecida pelo MEC, e registro no \u00f3rg\u00e3o de classe.<\/li>\n<\/ul><p><strong>Analista Ministerial \u2013 Especialidade: Servi\u00e7o Social<\/strong><\/p>\n\n\n\n<ul class=\"wp-block-list\"><li>Diploma de curso superior em Servi\u00e7o Social, fornecido por institui\u00e7\u00e3o reconhecida pelo MEC, e registro no \u00f3rg\u00e3o de classe.<\/li>\n<\/ul><p><strong>T\u00e9cnico Ministerial<\/strong><\/p>\n\n\n\n<ul class=\"wp-block-list\"><li>Certificado de conclus\u00e3o ou diploma em curso superior de gradua\u00e7\u00e3o em qualquer \u00e1rea de conhecimento, reconhecido pelo MEC.<\/li>\n<\/ul><h2 class=\"wp-block-heading\" id=\"quais-so-as-funes-do-mp-ce\">Quais s\u00e3o as fun\u00e7\u00f5es do MP CE?<\/h2>\n\n\n\n<p>Segundo o edital, as atribui\u00e7\u00f5es de cada cargo s\u00e3o:<\/p>\n\n\n\n<p><strong>Analista Ministerial \u2013 Especialidade: Administra\u00e7\u00e3o<\/strong><\/p>\n\n\n\n<ul class=\"wp-block-list\"><li>Executar tarefas a partir de objetivos previamente definidos, no campo de atua\u00e7\u00e3o de sua forma\u00e7\u00e3o;<\/li>\n\n\n\n<li>Auxiliar na elabora\u00e7\u00e3o e execu\u00e7\u00e3o de estudos, planos e projetos;<\/li>\n\n\n\n<li>Interpretar documentos, segundo a sua especializa\u00e7\u00e3o, para atendimento das necessidades do servi\u00e7o;<\/li>\n\n\n\n<li>Atuar na \u00e1rea administrativa e nos diversos \u00f3rg\u00e3os do Minist\u00e9rio P\u00fablico, emitindo pareceres sobre assuntos de sua especializa\u00e7\u00e3o;<\/li>\n\n\n\n<li>Examinar processos e procedimentos de interesse do Minist\u00e9rio P\u00fablico;<\/li>\n\n\n\n<li>Executar outras tarefas correlatas.<\/li>\n<\/ul><p><\/p>\n\n\n\n<p><strong>Analista Ministerial \u2013 Especialidade: Arquitetura e Urbanismo<\/strong><\/p>\n\n\n\n<ul class=\"wp-block-list\"><li>Executar tarefas a partir de objetivos previamente definidos na \u00e1rea de sua especializa\u00e7\u00e3o;<\/li>\n\n\n\n<li>Elaborar projetos de edifica\u00e7\u00f5es, planejar setores urbanos e regionais, organizar espa\u00e7os para atender a fun\u00e7\u00f5es espec\u00edficas;<\/li>\n\n\n\n<li>Controlar o andamento de projetos complementares \u00e0 arquitetura e ao urbanismo;<\/li>\n\n\n\n<li>Acompanhar obras de edifica\u00e7\u00f5es, conjuntos arquitet\u00f4nicos, monumentos, arquitetura paisag\u00edstica, projeto urbano de cidades, setores de planejamento f\u00edsico, planejamento urbano e regional de interesse do Minist\u00e9rio P\u00fablico;<\/li>\n\n\n\n<li>Proceder vistorias, em todo o Estado, no \u00e2mbito ambiental, considerando as legisla\u00e7\u00f5es federais, estaduais e municipais pertinentes ao uso e ocupa\u00e7\u00e3o do solo e ao meio ambiente de uma forma geral, com emiss\u00e3o de pareceres t\u00e9cnicos;<\/li>\n\n\n\n<li>Compor equipe t\u00e9cnica para acompanhar procedimento de outros setores.<\/li>\n<\/ul><p><\/p>\n\n\n\n<p><strong>Analista Ministerial \u2013 Especialidade: Biblioteconomia<\/strong><\/p>\n\n\n\n<ul class=\"wp-block-list\"><li>Executar tarefas a partir de objetivos previamente definidos, no campo de atua\u00e7\u00e3o de sua forma\u00e7\u00e3o;<\/li>\n\n\n\n<li>Classificar, organizar, conservar e divulgar o acervo de bibliotecas e centros de documenta\u00e7\u00e3o;<\/li>\n\n\n\n<li>Catalogar, guardar, buscar e selecionar informa\u00e7\u00f5es;<\/li>\n\n\n\n<li>Analisar e organizar livros, revistas, documentos, fotos, filmes e v\u00eddeos;<\/li>\n\n\n\n<li>Realizar atividades de n\u00edvel superior que envolvem o assessoramento aos membros do Minist\u00e9rio P\u00fablico do Estado do Cear\u00e1 em processos administrativos e judiciais;<\/li>\n\n\n\n<li>Realizar vistorias, per\u00edcias, avalia\u00e7\u00f5es, an\u00e1lise de documentos, estudos t\u00e9cnicos, coleta de dados e pesquisas, prestando informa\u00e7\u00f5es t\u00e9cnicas sob a forma de pareceres, laudos e relat\u00f3rios;<\/li>\n\n\n\n<li>Atuar em projetos, conv\u00eanios e programas de interesse do Minist\u00e9rio P\u00fablico, em conjunto com outras institui\u00e7\u00f5es;<\/li>\n\n\n\n<li>Executar trabalhos que exijam conhecimentos b\u00e1sicos e espec\u00edficos de inform\u00e1tica;<\/li>\n\n\n\n<li>Executar outras tarefas correlatas.<\/li>\n<\/ul><p><\/p>\n\n\n\n<p><strong>Analista Ministerial \u2013 Especialidade: Ci\u00eancias Cont\u00e1beis<\/strong><\/p>\n\n\n\n<ul class=\"wp-block-list\"><li>Executar a contabilidade setorial da Procuradoria-Geral de Justi\u00e7a, observando as normas do Sistema Integrado de Contabilidade do Estado;<\/li>\n\n\n\n<li>Observar a aplica\u00e7\u00e3o dos preceitos legais e atos regulamentares a partir de objetivos previamente definidos na \u00e1rea de sua especializa\u00e7\u00e3o;<\/li>\n\n\n\n<li>Orientar e manter o controle de expedientes;<\/li>\n\n\n\n<li>Auxiliar na elabora\u00e7\u00e3o e execu\u00e7\u00e3o de estudos, planos e projetos, armazenagem e recupera\u00e7\u00e3o de informa\u00e7\u00f5es documentais;<\/li>\n\n\n\n<li>Zelar pela conserva\u00e7\u00e3o do material documental sob sua guarda;<\/li>\n\n\n\n<li>Executar outras tarefas correlatas;<\/li>\n\n\n\n<li>Prestar assessoramento jur\u00eddico nas \u00e1reas do direito administrativo, comercial, penal, civil, previdenci\u00e1rio, societ\u00e1rio, tribut\u00e1rio, ambiental e trabalhista.<\/li>\n<\/ul><p><\/p>\n\n\n\n<p><strong>Analista Ministerial \u2013 Especialidade: Ci\u00eancias da Computa\u00e7\u00e3o<\/strong><\/p>\n\n\n\n<ul class=\"wp-block-list\"><li>Exercer atividades de apoio t\u00e9cnico, pesquisa, emiss\u00e3o de pareceres, supervis\u00e3o, coordena\u00e7\u00e3o, controle, planejamento ou execu\u00e7\u00e3o especializada segundo o grau de complexidade correspondente \u00e0 forma\u00e7\u00e3o profissional do ocupante;<\/li>\n\n\n\n<li>Executar tarefas a partir de objetivos previamente definidos na \u00e1rea de sua especializa\u00e7\u00e3o;<\/li>\n\n\n\n<li>Analisar e diagnosticar as necessidades de informa\u00e7\u00e3o do Minist\u00e9rio P\u00fablico do Estado do Cear\u00e1 e propor alternativas de solu\u00e7\u00f5es de tecnologia da informa\u00e7\u00e3o e estrat\u00e9gias de desenvolvimento;<\/li>\n\n\n\n<li>Planejar, coordenar e gerenciar o desenvolvimento, implanta\u00e7\u00e3o, presta\u00e7\u00e3o de suporte e manuten\u00e7\u00e3o em sistemas de informa\u00e7\u00e3o, assegurando o atendimento das necessidades do Minist\u00e9rio P\u00fablico do Estado do Cear\u00e1;<\/li>\n\n\n\n<li>Analisar, projetar e documentar sistemas de informa\u00e7\u00e3o utilizando as metodologias e padr\u00f5es adotados pela Institui\u00e7\u00e3o;<\/li>\n\n\n\n<li>Criar e manter documenta\u00e7\u00e3o t\u00e9cnica e de utiliza\u00e7\u00e3o de sistemas;<\/li>\n\n\n\n<li>Supervisionar a codifica\u00e7\u00e3o dos sistemas para garantir que esteja de acordo com as especifica\u00e7\u00f5es, metodologias e padr\u00f5es adotados na Institui\u00e7\u00e3o;<\/li>\n\n\n\n<li>Planejar, conceber, coordenar e gerenciar a\u00e7\u00f5es para a implementa\u00e7\u00e3o de solu\u00e7\u00f5es de infraestrutura de tecnologia da informa\u00e7\u00e3o no atendimento dos projetos da \u00e1rea no Minist\u00e9rio P\u00fablico;<\/li>\n\n\n\n<li>Administrar os servi\u00e7os de sistemas operacionais, redes de dados, bancos de dados, sistemas de armazenamento, virtualiza\u00e7\u00e3o, alta disponibilidade, backup, mensageria, colabora\u00e7\u00e3o, telefonia IP e outros relacionados \u00e0 infraestrutura de tecnologia da informa\u00e7\u00e3o;<\/li>\n\n\n\n<li>Participar do processo de contrata\u00e7\u00e3o e gest\u00e3o de contrata\u00e7\u00f5es de sistemas, bens e servi\u00e7os de tecnologia da informa\u00e7\u00e3o;<\/li>\n\n\n\n<li>Planejar, conceber, coordenar e gerenciar a execu\u00e7\u00e3o das a\u00e7\u00f5es para implementa\u00e7\u00e3o da seguran\u00e7a da informa\u00e7\u00e3o no ambiente de tecnologia da informa\u00e7\u00e3o da Institui\u00e7\u00e3o;<\/li>\n\n\n\n<li>Estabelecer e monitorar processos, normas, pr\u00e1ticas e metodologias para infraestrutura de tecnologia da informa\u00e7\u00e3o e o desenvolvimento de sistemas, incluindo o modelo institucional de dados e os relacionados \u00e0 seguran\u00e7a da informa\u00e7\u00e3o;<\/li>\n\n\n\n<li>Executar outras tarefas da mesma natureza e grau de complexidade.<\/li>\n<\/ul><p><strong>Analista Ministerial \u2013 Especialidade: Direito<\/strong><\/p>\n\n\n\n<ul class=\"wp-block-list\"><li>Prestar assessoramento jur\u00eddico nas diversas \u00e1reas do Direito;<\/li>\n\n\n\n<li>Auxiliar os \u00f3rg\u00e3os de execu\u00e7\u00e3o na elabora\u00e7\u00e3o de pe\u00e7as processuais;<\/li>\n\n\n\n<li>Examinar processos e procedimentos de interesse do Minist\u00e9rio P\u00fablico;<\/li>\n\n\n\n<li>Executar outras tarefas correlatas.<\/li>\n<\/ul><p><strong>Analista Ministerial \u2013 Especialidade: Engenharia Ambiental<\/strong><\/p>\n\n\n\n<ul class=\"wp-block-list\"><li>Desenvolver atividades decorrentes da aplica\u00e7\u00e3o da legisla\u00e7\u00e3o ambiental do Estado do Cear\u00e1 que visem \u00e0 preserva\u00e7\u00e3o da qualidade da \u00e1gua, do ar e do solo a partir do diagn\u00f3stico, manejo, controle e recupera\u00e7\u00e3o de ambientes urbanos e rurais;<\/li>\n\n\n\n<li>Executar levantamentos, licenciamentos ambientais, caracterizar vegeta\u00e7\u00e3o natural e fontes de polui\u00e7\u00e3o;<\/li>\n\n\n\n<li>Realizar auditoria de conformidade legal, projetos, programas, estudos, vistorias e avalia\u00e7\u00f5es ambientais;<\/li>\n\n\n\n<li>Atender a situa\u00e7\u00f5es de emerg\u00eancia envolvendo acidentes ambientais;<\/li>\n\n\n\n<li>Avaliar os efeitos da polui\u00e7\u00e3o por emiss\u00f5es gasosas, l\u00edquidas e res\u00edduos s\u00f3lidos, sistemas de controle de polui\u00e7\u00e3o ambiental, sistemas de gest\u00e3o ambiental, novas tecnologias para a redu\u00e7\u00e3o da emiss\u00e3o de poluentes;<\/li>\n\n\n\n<li>Efetuar localiza\u00e7\u00e3o de empreendimentos em cartas\/plantas planialtim\u00e9tricas e no sistema informatizado de georreferenciamento;<\/li>\n\n\n\n<li>Realizar atendimento e orienta\u00e7\u00f5es t\u00e9cnicas referentes a procedimentos e processos de licenciamento ambiental;<\/li>\n\n\n\n<li>Identificar e caracterizar est\u00e1gios de supress\u00e3o de vegeta\u00e7\u00e3o nativa em campo;<\/li>\n\n\n\n<li>Realizar levantamento de fauna silvestre em campo;<\/li>\n\n\n\n<li>Atuar na avalia\u00e7\u00e3o dos processos de licenciamento quando houver interven\u00e7\u00f5es em APP \u2013 \u00c1rea de Preserva\u00e7\u00e3o Permanente e\/ou supress\u00e3o de vegeta\u00e7\u00e3o nativa;<\/li>\n\n\n\n<li>Analisar laudos de caracteriza\u00e7\u00e3o de vegeta\u00e7\u00e3o e levantamento de fauna silvestre;<\/li>\n\n\n\n<li>Avaliar os estudos ambientais, especialmente no que se referem aos potenciais efeitos ao meio f\u00edsico e bi\u00f3tico, advindos da implanta\u00e7\u00e3o e opera\u00e7\u00e3o de empreendimentos que possam causar degrada\u00e7\u00e3o e polui\u00e7\u00e3o ambiental;<\/li>\n\n\n\n<li>Contribuir para a obten\u00e7\u00e3o de indicadores ambientais;<\/li>\n\n\n\n<li>Avaliar programas de mitiga\u00e7\u00e3o, compensa\u00e7\u00e3o e gest\u00e3o ambiental;<\/li>\n\n\n\n<li>Realizar vistorias em campo;<\/li>\n\n\n\n<li>Elaborar relat\u00f3rios e pareceres t\u00e9cnicos;<\/li>\n\n\n\n<li>Participar de grupos internos e externos para estudos, elabora\u00e7\u00e3o e revis\u00e3o de normas t\u00e9cnicas e termos de refer\u00eancia;<\/li>\n\n\n\n<li>Participar das a\u00e7\u00f5es de transfer\u00eancia de tecnologia e conhecimento;<\/li>\n\n\n\n<li>Realizar trabalhos que exijam conhecimentos b\u00e1sicos e\/ou espec\u00edficos de inform\u00e1tica;<\/li>\n\n\n\n<li>Executar outras tarefas correlatas.<\/li>\n<\/ul><p><strong>Analista Ministerial \u2013 Especialidade: Engenharia Civil<\/strong><\/p>\n\n\n\n<ul class=\"wp-block-list\"><li>Executar tarefas a partir de objetivos previamente definidos na \u00e1rea de sua especializa\u00e7\u00e3o;<\/li>\n\n\n\n<li>Projetar, supervisionar e executar obras como edif\u00edcios, casas, pontes, viadutos, saneamento, estradas;<\/li>\n\n\n\n<li>Acompanhar as etapas das obras da etapa de aterro \u00e0 execu\u00e7\u00e3o, assim como, \u00e0 execu\u00e7\u00e3o das instala\u00e7\u00f5es el\u00e9tricas, hidr\u00e1ulicas e sanit\u00e1rias de constru\u00e7\u00e3o de interesse do Minist\u00e9rio P\u00fablico;<\/li>\n\n\n\n<li>Proceder as vistorias em todo o estado, no \u00e2mbito ambiental, considerando as legisla\u00e7\u00f5es federais, estaduais e municipais pertinentes ao uso e ocupa\u00e7\u00e3o do solo e ao meio ambiente de uma forma geral, com emiss\u00e3o de pareceres t\u00e9cnicos;<\/li>\n\n\n\n<li>Compor equipe t\u00e9cnica para acompanhar procedimento de outros setores;<\/li>\n\n\n\n<li>Examinar processos e procedimentos de interesse do Minist\u00e9rio P\u00fablico;<\/li>\n\n\n\n<li>Executar outras tarefas correlatas.<\/li>\n<\/ul><p><strong>Analista Ministerial \u2013 Especialidade: Psicologia<\/strong><\/p>\n\n\n\n<ul class=\"wp-block-list\"><li>Executar tarefas a partir de objetivos previamente definidos na \u00e1rea de sua especializa\u00e7\u00e3o;<\/li>\n\n\n\n<li>Prestar assist\u00eancia psicol\u00f3gica de aconselhamento, orienta\u00e7\u00e3o funcional e profissional;<\/li>\n\n\n\n<li>Promover avalia\u00e7\u00e3o, diagn\u00f3sticos e orienta\u00e7\u00f5es organizacionais;<\/li>\n\n\n\n<li>Executar atividades relacionadas com processos de desenvolvimento individual, de equipes e organizacional, aprendizagem, perfil funcional e outros aspectos do comportamento humano;<\/li>\n\n\n\n<li>Executar atividades de avalia\u00e7\u00e3o em programas de capacita\u00e7\u00e3o e diagnosticar dificuldades de desempenho;<\/li>\n\n\n\n<li>Elaborar pareceres t\u00e9cnicos, laudos e relat\u00f3rios;<\/li>\n\n\n\n<li>Executar atividades relacionadas com o planejamento operacional, a execu\u00e7\u00e3o, o monitoramento de projetos, programas e planos de a\u00e7\u00e3o;<\/li>\n\n\n\n<li>Acompanhar e analisar sistematicamente a legisla\u00e7\u00e3o relacionada com a sua \u00e1rea de atua\u00e7\u00e3o;<\/li>\n\n\n\n<li>Acompanhar as mat\u00e9rias sob sua responsabilidade, propor alternativas e promover a\u00e7\u00f5es para o alcance dos objetivos da organiza\u00e7\u00e3o;<\/li>\n\n\n\n<li>Executar as suas atividades de forma integrada com as das demais unidades, contribuindo para o desenvolvimento das equipes de trabalho;<\/li>\n\n\n\n<li>Acompanhar programas sociais de interesse do Minist\u00e9rio P\u00fablico;<\/li>\n\n\n\n<li>Executar outras tarefas correlatas.<\/li>\n<\/ul><p><\/p>\n\n\n\n<p><strong>Analista Ministerial \u2013 Especialidade: Servi\u00e7o Social<\/strong><\/p>\n\n\n\n<ul class=\"wp-block-list\"><li>Executar tarefas a partir de objetivos previamente definidos na \u00e1rea de sua especializa\u00e7\u00e3o, em conson\u00e2ncia com o que determina a Lei Federal n\u00ba 8.662\/1993;<\/li>\n\n\n\n<li>Auxiliar na elabora\u00e7\u00e3o e execu\u00e7\u00e3o de estudos, planos e projetos;<\/li>\n\n\n\n<li>Interpretar documentos para atender \u00e0s necessidades do servi\u00e7o;<\/li>\n\n\n\n<li>Prestar servi\u00e7os de \u00e2mbito social aos servidores e seus familiares e membros do Minist\u00e9rio P\u00fablico;<\/li>\n\n\n\n<li>Participar da organiza\u00e7\u00e3o de eventos relacionados \u00e0 divulga\u00e7\u00e3o de procedimentos de interesse do Minist\u00e9rio P\u00fablico;<\/li>\n\n\n\n<li>Compor equipe t\u00e9cnica junto aos demais setores da Institui\u00e7\u00e3o;<\/li>\n\n\n\n<li>Planejar e executar atividades relacionadas com a solu\u00e7\u00e3o de problemas sociais dos servidores e membros do Minist\u00e9rio P\u00fablico;<\/li>\n\n\n\n<li>Elaborar o diagn\u00f3stico social dos servidores e membros;<\/li>\n\n\n\n<li>Manter contatos com institui\u00e7\u00f5es sociais e de sa\u00fade;<\/li>\n\n\n\n<li>Desempenhar atividades de avalia\u00e7\u00f5es t\u00e9cnicas pr\u00f3prias de assistente social;<\/li>\n\n\n\n<li>Examinar processos e procedimentos de interesse do Minist\u00e9rio P\u00fablico;<\/li>\n\n\n\n<li>Executar outras tarefas correlatas, desde que previstas na Lei Federal n\u00ba 8.662\/1993.<\/li>\n<\/ul><p><strong>T\u00e9cnico Ministerial<\/strong><\/p>\n\n\n\n<ul class=\"wp-block-list\"><li>Exercer assist\u00eancia t\u00e9cnico-administrativa, colaborando, mediante supervis\u00e3o, na realiza\u00e7\u00e3o de projetos, relat\u00f3rios, vistorias e estudos de caso;<\/li>\n\n\n\n<li>Redigir\/digitar documentos administrativos, que lhes forem atribu\u00eddos;<\/li>\n\n\n\n<li>Atender ao p\u00fablico;<\/li>\n\n\n\n<li>Cumprir dilig\u00eancias quando designado pelo Procurador-Geral de Justi\u00e7a.<\/li>\n<\/ul><h2 class=\"wp-block-heading\" id=\"etapas-do-concurso-mp-ce-2025\">Etapas do concurso MP CE 2025<\/h2>\n\n\n\n<p>O concurso para o MP CE far\u00e1 a sele\u00e7\u00e3o dos candidatos por meio das seguintes avalia\u00e7\u00f5es:<\/p>\n\n\n\n<ul class=\"wp-block-list\"><li>Prova objetiva (P1)<\/li>\n\n\n\n<li>Prova objetiva (P2) <\/li>\n\n\n\n<li>Prova discursiva (P3)<\/li>\n<\/ul><p>As provas objetivas e a prova discursiva para os cargos de Analista Ministerial ter\u00e3o a dura\u00e7\u00e3o de 4 horas e 30 minutos e ser\u00e3o aplicadas no dia <strong>13 de abril de 2024<\/strong>, no turno da manh\u00e3, enquanto as provas para T\u00e9cnico Ministerial acontecer\u00e3o no turno da tarde.<\/p>\n\n\n\n<h3 class=\"wp-block-heading\">Provas objetivas<\/h3>\n\n\n\n<p>As provas objetivas, de car\u00e1ter eliminat\u00f3rio e obrigat\u00f3rio, tem o valor de 120,00 pontos. As provas ser\u00e3o divididas em P1, de conhecimentos gerais, com 50 quest\u00f5es, e P2, de conhecimentos espec\u00edficos, com 70 quest\u00f5es. Para obter a apova\u00e7\u00e3o, \u00e9 necess\u00e1rio ter a nota acima de 10 pontos na P1 e 21 pontos na P2.<\/p>\n\n\n\n<h3 class=\"wp-block-heading\">Prova discursiva<\/h3>\n\n\n\n<p>A prova discursiva (P3), de car\u00e1ter eliminat\u00f3rio de classificat\u00f3rio,  valer\u00e1 20,00 pontos e consistir\u00e1 da reda\u00e7\u00e3o de texto dissertativo, de at\u00e9 30 linhas, a respeito de tema relacionado a Atualidades.<\/p>\n\n\n\n<h2 class=\"wp-block-heading\" id=\"o-que-cai-na-prova-do-mp-ce\">O que cai na prova do MP CE?<\/h2>\n\n\n\n<p>Confira os conte\u00fados a serem cobrados a todos os cargos na prova do concurso MP CE:<\/p>\n\n\n\n<p><strong>L\u00edngua Portuguesa<\/strong><\/p>\n\n\n\n<ol start=\"1\" class=\"wp-block-list\"><li>Compreens\u00e3o e interpreta\u00e7\u00e3o de textos de g\u00eaneros variados;<\/li>\n\n\n\n<li>Reconhecimento de tipos e g\u00eaneros textuais;<\/li>\n\n\n\n<li>Dom\u00ednio da ortografia oficial;<\/li>\n\n\n\n<li>Dom\u00ednio dos mecanismos de coes\u00e3o textual:\n<ul class=\"wp-block-list\"><li>Emprego de elementos de referencia\u00e7\u00e3o, substitui\u00e7\u00e3o e repeti\u00e7\u00e3o, de conectores e de outros elementos de sequencia\u00e7\u00e3o textual;<\/li>\n\n\n\n<li>Emprego de tempos e modos verbais;<\/li>\n<\/ul><\/li>\n\n\n\n<li>Dom\u00ednio da estrutura morfossint\u00e1tica do per\u00edodo:\n<ul class=\"wp-block-list\"><li>Emprego das classes de palavras;<\/li>\n\n\n\n<li>Rela\u00e7\u00f5es de coordena\u00e7\u00e3o entre ora\u00e7\u00f5es e entre termos da ora\u00e7\u00e3o;<\/li>\n\n\n\n<li>Rela\u00e7\u00f5es de subordina\u00e7\u00e3o entre ora\u00e7\u00f5es e entre termos da ora\u00e7\u00e3o;<\/li>\n\n\n\n<li>Emprego dos sinais de pontua\u00e7\u00e3o;<\/li>\n\n\n\n<li>Concord\u00e2ncia verbal e nominal;<\/li>\n\n\n\n<li>Reg\u00eancia verbal e nominal;<\/li>\n\n\n\n<li>Emprego do sinal indicativo de crase;<\/li>\n\n\n\n<li>Coloca\u00e7\u00e3o dos pronomes \u00e1tonos;<\/li>\n<\/ul><\/li>\n\n\n\n<li>Reescrita de frases e par\u00e1grafos do texto:\n<ul class=\"wp-block-list\"><li>Significa\u00e7\u00e3o das palavras;<\/li>\n\n\n\n<li>Substitui\u00e7\u00e3o de palavras ou de trechos de texto;<\/li>\n\n\n\n<li>Reorganiza\u00e7\u00e3o da estrutura de ora\u00e7\u00f5es e de per\u00edodos do texto;<\/li>\n\n\n\n<li>Reescrita de textos de diferentes g\u00eaneros e n\u00edveis de formalidade;<\/li>\n<\/ul><\/li>\n\n\n\n<li>Correspond\u00eancia oficial:\n<ul class=\"wp-block-list\"><li>Aspectos gerais da reda\u00e7\u00e3o oficial;<\/li>\n\n\n\n<li>Finalidade dos expedientes oficiais;<\/li>\n\n\n\n<li>Adequa\u00e7\u00e3o da linguagem ao tipo de documento;<\/li>\n\n\n\n<li>Adequa\u00e7\u00e3o do formato do texto ao g\u00eanero.<\/li>\n<\/ul><\/li>\n<\/ol><p><strong>Legisla\u00e7\u00e3o Estadual e Legisla\u00e7\u00e3o Aplicada ao Minist\u00e9rio P\u00fablico<\/strong><\/p>\n\n\n\n<ol start=\"1\" class=\"wp-block-list\"><li>Constitui\u00e7\u00e3o do Estado do Cear\u00e1;<\/li>\n\n\n\n<li>Lei n\u00ba 9.826\/1974 e suas altera\u00e7\u00f5es (Estatuto dos Funcion\u00e1rios P\u00fablicos Civis do Estado);<\/li>\n\n\n\n<li>Lei Complementar n\u00ba 72\/2008 e suas altera\u00e7\u00f5es (Lei Org\u00e2nica e Estatuto do Minist\u00e9rio P\u00fablico do Estado do Cear\u00e1);<\/li>\n\n\n\n<li>Lei n\u00ba 8.625\/1993 (Lei Org\u00e2nica Nacional do Minist\u00e9rio P\u00fablico);<\/li>\n\n\n\n<li>Lei n\u00ba 14.043\/2007 e altera\u00e7\u00f5es (Plano de Cargos, Carreiras e Vencimentos dos Servidores do Minist\u00e9rio P\u00fablico do Estado do Cear\u00e1).<\/li>\n<\/ol><p><strong>\u00c9tica no Servi\u00e7o P\u00fablico<\/strong><\/p>\n\n\n\n<ol start=\"1\" class=\"wp-block-list\"><li>\u00c9tica e moral;<\/li>\n\n\n\n<li>\u00c9tica, princ\u00edpios e valores;<\/li>\n\n\n\n<li>\u00c9tica e democracia: exerc\u00edcio da cidadania;<\/li>\n\n\n\n<li>\u00c9tica e fun\u00e7\u00e3o p\u00fablica;<\/li>\n\n\n\n<li>\u00c9tica no setor p\u00fablico;<\/li>\n\n\n\n<li>Lei n\u00ba 8.429\/1992 e suas altera\u00e7\u00f5es:\n<ul class=\"wp-block-list\"><li>Disposi\u00e7\u00f5es gerais;<\/li>\n\n\n\n<li>Atos de improbidade administrativa.<\/li>\n<\/ul><\/li>\n<\/ol><p><strong>Racioc\u00ednio L\u00f3gico<\/strong><\/p>\n\n\n\n<ol start=\"1\" class=\"wp-block-list\"><li>Conjuntos num\u00e9ricos: n\u00fameros inteiros, racionais e reais;<\/li>\n\n\n\n<li>Sistema legal de medidas;<\/li>\n\n\n\n<li>Raz\u00f5es e propor\u00e7\u00f5es:\n<ul class=\"wp-block-list\"><li>Divis\u00e3o proporcional;<\/li>\n\n\n\n<li>Regras de tr\u00eas simples e compostas;<\/li>\n\n\n\n<li>Porcentagens;<\/li>\n<\/ul><\/li>\n\n\n\n<li>Equa\u00e7\u00f5es e inequa\u00e7\u00f5es de 1\u00ba e de 2\u00ba graus;<\/li>\n\n\n\n<li>Sistemas lineares;<\/li>\n\n\n\n<li>Fun\u00e7\u00f5es e gr\u00e1ficos;<\/li>\n\n\n\n<li>Princ\u00edpios de contagem;<\/li>\n\n\n\n<li>Progress\u00f5es aritm\u00e9ticas e geom\u00e9tricas;<\/li>\n\n\n\n<li>Compreens\u00e3o de estruturas l\u00f3gicas;<\/li>\n\n\n\n<li>L\u00f3gica de argumenta\u00e7\u00e3o: analogias, infer\u00eancias, dedu\u00e7\u00f5es e conclus\u00f5es;<\/li>\n\n\n\n<li>L\u00f3gica sentencial (ou proposicional):\n<ul class=\"wp-block-list\"><li>Proposi\u00e7\u00f5es simples e compostas;<\/li>\n\n\n\n<li>Tabelas-verdade;<\/li>\n\n\n\n<li>Equival\u00eancias;<\/li>\n\n\n\n<li>Leis de De Morgan;<\/li>\n\n\n\n<li>Diagramas l\u00f3gicos;<\/li>\n<\/ul><\/li>\n\n\n\n<li>L\u00f3gica de primeira ordem;<\/li>\n\n\n\n<li>Princ\u00edpios de contagem e probabilidade;<\/li>\n\n\n\n<li>Opera\u00e7\u00f5es com conjuntos;<\/li>\n\n\n\n<li>Racioc\u00ednio l\u00f3gico envolvendo problemas aritm\u00e9ticos, geom\u00e9tricos e matriciais.<\/li>\n<\/ol><p><strong>No\u00e7\u00f5es de Gest\u00e3o P\u00fablica<\/strong><\/p>\n\n\n\n<ol start=\"1\" class=\"wp-block-list\"><li>Processo administrativo:\n<ul class=\"wp-block-list\"><li>Fun\u00e7\u00f5es de administra\u00e7\u00e3o: planejamento, organiza\u00e7\u00e3o, dire\u00e7\u00e3o e controle;<\/li>\n\n\n\n<li>Processo de planejamento:\n<ul class=\"wp-block-list\"><li>Planejamento estrat\u00e9gico: vis\u00e3o, miss\u00e3o e an\u00e1lise SWOT;<\/li>\n\n\n\n<li>An\u00e1lise competitiva e estrat\u00e9gias gen\u00e9ricas;<\/li>\n\n\n\n<li>Redes e alian\u00e7as;<\/li>\n\n\n\n<li>Planejamento t\u00e1tico;<\/li>\n\n\n\n<li>Planejamento operacional;<\/li>\n\n\n\n<li>Administra\u00e7\u00e3o por objetivos;<\/li>\n\n\n\n<li>Balanced scorecard;<\/li>\n\n\n\n<li>Processo decis\u00f3rio;<\/li>\n<\/ul><\/li>\n\n\n\n<li>Organiza\u00e7\u00e3o:\n<ul class=\"wp-block-list\"><li>Estrutura organizacional;<\/li>\n\n\n\n<li>Tipos de departamentaliza\u00e7\u00e3o: caracter\u00edsticas, vantagens e desvantagens de cada tipo;<\/li>\n<\/ul><\/li>\n<\/ul><\/li>\n\n\n\n<li>Comportamento organizacional: rela\u00e7\u00f5es indiv\u00edduo\/organiza\u00e7\u00e3o, motiva\u00e7\u00e3o, lideran\u00e7a, desempenho;<\/li>\n\n\n\n<li>Compet\u00eancia interpessoal;<\/li>\n\n\n\n<li>Gerenciamento de conflitos;<\/li>\n\n\n\n<li>Fundamentos da gest\u00e3o de projetos;<\/li>\n\n\n\n<li>Gerenciamento de projetos conforme PMBOK 7\u00ba Edi\u00e7\u00e3o:\n<ul class=\"wp-block-list\"><li>Elabora\u00e7\u00e3o da estrutura anal\u00edtica de projeto;<\/li>\n\n\n\n<li>Elabora\u00e7\u00e3o de cronograma;<\/li>\n\n\n\n<li>Estimativas de custos e or\u00e7amentos;<\/li>\n\n\n\n<li>Elementos de qualidade de projetos;<\/li>\n\n\n\n<li>An\u00e1lise de riscos;<\/li>\n\n\n\n<li>Gest\u00e3o de contratos.<\/li>\n<\/ul><\/li>\n<\/ol><p><strong>Atualidades (Prova Discursiva)<\/strong><\/p>\n\n\n\n<ol start=\"1\" class=\"wp-block-list\"><li>T\u00f3picos relevantes e atuais de diversas \u00e1reas, tais como seguran\u00e7a, transportes, pol\u00edtica, economia, sociedade, educa\u00e7\u00e3o, sa\u00fade, cultura, tecnologia, energia, rela\u00e7\u00f5es internacionais, desenvolvimento sustent\u00e1vel e ecologia.<\/li>\n<\/ol><h2 class=\"wp-block-heading\" id=\"materiais-preparatrios-para-o-concurso-mp-ce\">Materiais preparat\u00f3rios para o concurso MP CE<\/h2>\n\n\n\n<p>Quer alcan\u00e7ar a aprova\u00e7\u00e3o no concurso p\u00fablico do MPCE? Ent\u00e3o \u00e9 fundamental contar com\u00a0materiais\u00a0de estudo pr\u00e1ticos e estabelecer uma\u00a0rotina\u00a0eficiente de estudos.<\/p>\n\n\n\n<p>A\u00a0<a href=\"https:\/\/www.novaconcursos.com.br\/portal\/concursos-abertos\/\">Nova Concursos<\/a>\u00a0\u00e9 refer\u00eancia na prepara\u00e7\u00e3o para concursos p\u00fablicos, com mais de\u00a0<strong>70 mil alunos aprovados<\/strong>! Com um\u00a0m\u00e9todo\u00a0de estudo de alta qualidade e materiais completos, pode fazer toda a diferen\u00e7a na sua prepara\u00e7\u00e3o.<\/p>\n\n\n\n<p>Confira quais s\u00e3o esses materiais e garanta a vaga dos seus sonhos!<\/p>\n\n\n\n<h3 class=\"wp-block-heading\">L\u00edngua Portuguesa para Concursos<\/h3>\n\n\n\n<p>A apostila \u201c<a href=\"https:\/\/www.novaconcursos.com.br\/apostila\/lingua-portuguesa-concursos\" data-type=\"link\" data-id=\"https:\/\/www.novaconcursos.com.br\/apostila\/lingua-portuguesa-concursos\">L\u00edngua Portuguesa para Concursos<\/a>\u201d oferece um\u00a0roteiro de estudos\u00a0personalizado, direcionando seu estudo de forma eficiente para ser aprovado! Ela apresenta uma an\u00e1lise detalhada dos assuntos mais cobrados, permitindo que voc\u00ea foque seus esfor\u00e7os nas \u00e1reas que necessitam de maior aten\u00e7\u00e3o.<\/p>\n\n\n\n<p>Al\u00e9m disso, conta com diversas\u00a0quest\u00f5es comentadas\u00a0de concursos anteriores, garantindo uma compreens\u00e3o profunda dos temas abordados na teoria e na pr\u00e1tica na resolu\u00e7\u00e3o das quest\u00f5es. Todo o conte\u00fado \u00e9 visualmente estimulante, organizado de forma clara para uma leitura confort\u00e1vel, tornando o processo de aprendizado mais din\u00e2mico e envolvente.<\/p>\n\n\n\n<h3 class=\"wp-block-heading\">Apostila B\u00e1sico para Concursos<\/h3>\n\n\n\n<p>A<strong>\u00a0<\/strong><a href=\"https:\/\/www.novaconcursos.com.br\/apostila\/basico-concurso\" data-type=\"link\" data-id=\"https:\/\/www.novaconcursos.com.br\/apostila\/basico-concurso\">Apostila\u00a0B\u00e1sico para Concursos<\/a>\u00a0\u00e9 uma ferramenta essencial para quem est\u00e1 se preparando para qualquer concurso p\u00fablico!<\/p>\n\n\n\n<p>O material oferece uma abordagem pr\u00e1tica e descomplicada dos conte\u00fados indispens\u00e1veis, com quest\u00f5es recentes das principais bancas organizadoras do pa\u00eds.<\/p>\n\n\n\n<p>Este material \u00e9 ideal para iniciar sua prepara\u00e7\u00e3o de forma organizada e focada nos conte\u00fados que realmente importam. Comece j\u00e1 a se preparar!<\/p>\n\n\n\n<h3 class=\"wp-block-heading\">Curso Online Guia da Aprova\u00e7\u00e3o<\/h3>\n\n\n\n<p>O caminho para se tornar um servidor p\u00fablico \u00e9 \u00e1rduo e, para a grande maioria dos candidatos, a parte mais dif\u00edcil \u00e9 como planejar os estudos para alcan\u00e7ar o t\u00e3o sonhado cargo p\u00fablico. Pensando nisso, preparamos, juntamente com o Prof. Guilherme Volts, o\u00a0<a href=\"https:\/\/www.novaconcursos.com.br\/curso-online\/guia-aprovacao?promo_creative=Curso+Guia+da+Aprova%C3%A7%C3%A3o.&amp;promo_name=concurso&amp;promo_id=%2Fportal%2Fconcursos%2Fconcurso-see-ac&amp;promo_position=corpo-texto\">Curso Guia da Aprova\u00e7\u00e3o.<\/a> <\/p>\n\n\n\n<p>Nele, voc\u00ea vai encontrar planejamento e estrat\u00e9gia de aprova\u00e7\u00e3o, t\u00e9cnicas de estudo, exerc\u00edcios e avalia\u00e7\u00e3o e revis\u00e3o! Confira e avance na sua jornada para a aprova\u00e7\u00e3o!<\/p>\n\n\n\n<h2 class=\"wp-block-heading\" id=\"perfil-da-banca-cebraspe\">Perfil da banca Cebraspe<\/h2>\n\n\n\n<p>Respns\u00e1vel por elaborar a avalia\u00e7\u00e3o do concurso MP CE, a banca Cebraspe (antiga Cespe\/UnB) \u00e9 conhecida por seu modelo de provas objetivas do tipo <strong>\u201ccerto ou errado\u201d<\/strong>, onde uma resposta incorreta anula uma correta, exigindo aten\u00e7\u00e3o e precis\u00e3o dos candidatos.<\/p>\n\n\n\n<p>\u00c9 uma banca que est\u00e1 \u00e0 frente de grandes concursos de n\u00edveis federais e estaduais, suas quest\u00f5es s\u00e3o elaboradas de forma contextualizada, demandando interpreta\u00e7\u00e3o, racioc\u00ednio l\u00f3gico e uma compreens\u00e3o aprofundada dos conte\u00fados. <\/p>\n\n\n\n<p>Al\u00e9m disso, \u00e9 comum que a banca explore a interdisciplinaridade e cobre a aplica\u00e7\u00e3o pr\u00e1tica do conhecimento. Por fim, nos concursos discursivos, valoriza clareza, coes\u00e3o, argumenta\u00e7\u00e3o e dom\u00ednio t\u00e9cnico sobre o tema.<\/p>\n\n\n\n<h2 class=\"wp-block-heading\" id=\"ltimo-concurso-mp-ce\">\u00daltimo Concurso MP CE<\/h2>\n\n\n\n<p>O \u00faltimo concurso MP CE foi realizado em 2020 e contou com a oferta de 23 vagas para T\u00e9cnicos e Analistas. Na \u00e9poca a banca organizadora tamb\u00e9m foi o <a href=\"https:\/\/www.cebraspe.org.br\" target=\"_blank\" rel=\"noreferrer noopener\">Cebraspe<\/a>. <\/p>\n\n\n\n<h3 class=\"wp-block-heading\">Cargos e vagas do concurso MP CE?<\/h3>\n\n\n\n<p>As oportunidades foram as seguintes:<\/p>\n\n\n\n<p><strong>N\u00edvel M\u00e9dio<\/strong><\/p>\n\n\n\n<ul class=\"wp-block-list\"><li>T\u00e9cnico Ministerial (9 vagas);<\/li>\n<\/ul><p><strong>N\u00edvel Superior<\/strong><\/p>\n\n\n\n<ul class=\"wp-block-list\"><li>Analista Ministerial \u2013 Administra\u00e7\u00e3o (1);<\/li>\n\n\n\n<li>Analista Ministerial \u2013 Biblioteconomia (1);<\/li>\n\n\n\n<li>Analista Ministerial \u2013 Ci\u00eancias Cont\u00e1beis (4);<\/li>\n\n\n\n<li>Analista Ministerial \u2013 Ci\u00eancias da Computa\u00e7\u00e3o (CR);<\/li>\n\n\n\n<li>Analista Ministerial \u2013 Direito (1);<\/li>\n\n\n\n<li>Analista Ministerial \u2013 Engenharia Civil (3);<\/li>\n\n\n\n<li>Analista Ministerial \u2013 Psicologia (2);<\/li>\n\n\n\n<li>Analista Ministerial \u2013 Servi\u00e7o Social (2).<\/li>\n<\/ul><p>Os sal\u00e1rios variavam de <strong>R$ 4.031,91 a R$ 5.919,42<\/strong>, em jornadas de trabalho de 30 horas semanais.<\/p>\n\n\n\n<h3 class=\"wp-block-heading\">Como foi a prova do concurso MP CE?<\/h3>\n\n\n\n<p>Os candidatos foram avaliados por meio de <strong>provas objetivas e discursivas<\/strong>.<\/p>\n\n\n\n<p>Houve ainda uma <strong>avalia\u00e7\u00e3o de t\u00edtulos <\/strong>para o cargo de Analista Ministerial seguindo os crit\u00e9rios trazidos pelo quadro abaixo:<\/p>\n\n\n<div class=\"wp-block-image\">\n<figure class=\"aligncenter\"><img decoding=\"async\" width=\"561\" height=\"309\" src=\"https:\/\/www.novaconcursos.com.br\/portal\/wp-content\/uploads\/2019\/12\/mpce-titulos.png\" alt=\"Quadro de avalia\u00e7\u00e3o de t\u00edtulos MP CE \u00faltmo concurso\" class=\"wp-image-95853\" loading=\"lazy\" title=\"\" srcset=\"https:\/\/www.novaconcursos.com.br\/portal\/wp-content\/uploads\/2019\/12\/mpce-titulos-300x165.png 300w, https:\/\/www.novaconcursos.com.br\/portal\/wp-content\/uploads\/2019\/12\/mpce-titulos.png 561w\" sizes=\"auto, (max-width: 480px) 100vw, (max-width: 768px) 100vw, (max-width: 1200px) 70vw, 768px\"><\/figure><\/div>\n\n\n<p><\/p>\n\n\n\n<p>A estrutura das provas foi a seguinte: Conhecimentos B\u00e1sicos (50 quest\u00f5es) e Conhecimentos Espec\u00edficos (70 quest\u00f5es).<\/p>\n\n\n\n<p>Para ser considerado classificado, era necess\u00e1rio alcan\u00e7ar o m\u00ednimo de:<\/p>\n\n\n\n<ul class=\"wp-block-list\"><li>Conhecimentos B\u00e1sicos: 10,00 pontos;<\/li>\n\n\n\n<li>Conhecimentos Espec\u00edficos: 21,00 pontos;<\/li>\n\n\n\n<li>Conjunto das provas: 36,00 pontos.<\/li>\n<\/ul><p>Confira o conte\u00fado program\u00e1tico:<\/p>\n\n\n\n<ul class=\"wp-block-list\"><li>L\u00edngua Portuguesa;<\/li>\n\n\n\n<li>Legisla\u00e7\u00e3o Estadual e Legisla\u00e7\u00e3o Aplicada ao Minist\u00e9rio P\u00fablico;<\/li>\n\n\n\n<li>\u00c9tica no Servi\u00e7o P\u00fablico;<\/li>\n\n\n\n<li>Atualidades.<\/li>\n<\/ul><figure class=\"wp-block-embed is-type-video is-provider-youtube wp-block-embed-youtube wp-embed-aspect-16-9 wp-has-aspect-ratio\"><div class=\"wp-block-embed__wrapper\">\n<iframe loading=\"lazy\" title=\"CONCURSO MPCE 2025: EDITAL PUBLICADO COM INICIAIS DE R$ 7,4 MIL! \ud83d\udd34\" width=\"500\" height=\"281\" src=\"https:\/\/www.youtube.com\/embed\/FFFbmx7HtV8?feature=oembed\" frameborder=\"0\" allow=\"accelerometer; autoplay; clipboard-write; encrypted-media; gyroscope; picture-in-picture; web-share\" referrerpolicy=\"strict-origin-when-cross-origin\" allowfullscreen><\/iframe>\n<\/div><\/figure>","protected":false},"excerpt":{"rendered":"<p>Concurso MP CE tem edital publicado e oferecer\u00e1 oportunidades para cargos de n\u00edvel superior. Veja!<\/p>\n","protected":false},"author":54693,"featured_media":269453,"comment_status":"closed","ping_status":"closed","sticky":false,"template":"","format":"standard","meta":{"_acf_changed":false,"footnotes":"","_wp_rev_ctl_limit":""},"categories":[44999,44959,44939],"tags":[40405,45020],"class_list":["post-95848","post","type-post","status-publish","format-standard","has-post-thumbnail","hentry","category-concursos","category-ce","category-carreira-administrativa","tag-concurso-mp-ce-2","tag-concursos-abertos-ce"],"acf":[],"_links":{"self":[{"href":"https:\/\/www.novaconcursos.com.br\/portal\/wp-json\/wp\/v2\/posts\/95848","targetHints":{"allow":["GET"]}}],"collection":[{"href":"https:\/\/www.novaconcursos.com.br\/portal\/wp-json\/wp\/v2\/posts"}],"about":[{"href":"https:\/\/www.novaconcursos.com.br\/portal\/wp-json\/wp\/v2\/types\/post"}],"author":[{"embeddable":true,"href":"https:\/\/www.novaconcursos.com.br\/portal\/wp-json\/wp\/v2\/users\/54693"}],"replies":[{"embeddable":true,"href":"https:\/\/www.novaconcursos.com.br\/portal\/wp-json\/wp\/v2\/comments?post=95848"}],"version-history":[{"count":11,"href":"https:\/\/www.novaconcursos.com.br\/portal\/wp-json\/wp\/v2\/posts\/95848\/revisions"}],"predecessor-version":[{"id":269548,"href":"https:\/\/www.novaconcursos.com.br\/portal\/wp-json\/wp\/v2\/posts\/95848\/revisions\/269548"}],"wp:featuredmedia":[{"embeddable":true,"href":"https:\/\/www.novaconcursos.com.br\/portal\/wp-json\/wp\/v2\/media\/269453"}],"wp:attachment":[{"href":"https:\/\/www.novaconcursos.com.br\/portal\/wp-json\/wp\/v2\/media?parent=95848"}],"wp:term":[{"taxonomy":"category","embeddable":true,"href":"https:\/\/www.novaconcursos.com.br\/portal\/wp-json\/wp\/v2\/categories?post=95848"},{"taxonomy":"post_tag","embeddable":true,"href":"https:\/\/www.novaconcursos.com.br\/portal\/wp-json\/wp\/v2\/tags?post=95848"}],"curies":[{"name":"wp","href":"https:\/\/api.w.org\/{rel}","templated":true}]}}