{"id":96203,"date":"2022-07-12T12:15:03","date_gmt":"2022-07-12T15:15:03","guid":{"rendered":"https:\/\/www.novaconcursos.com.br\/portal\/?post_type=nc-public-tender&#038;p=96203"},"modified":"2024-12-16T09:51:18","modified_gmt":"2024-12-16T12:51:18","slug":"concurso-guarda-municipal-de-maua-sp","status":"publish","type":"post","link":"https:\/\/www.novaconcursos.com.br\/portal\/concursos\/concurso-guarda-municipal-de-maua-sp\/","title":{"rendered":"Concurso Guarda Mau\u00e1 SP: Edital publicado n\u00edvel m\u00e9dio. Inicial R$ 3 mil!"},"content":{"rendered":"<p>Novidades para os concurseiros! Foi publicado o edital do novo <strong>concurso Guarda Mau\u00e1 SP<\/strong> (Guarda Civil Municipal de Mau\u00e1 \u2013 S\u00e3o Paulo) com a oferta de <strong>100 oportunidades<\/strong> para a carreira de<strong> n\u00edvel m\u00e9dio.<\/strong><\/p>\n<p>Al\u00e9m disso, as inscri\u00e7\u00f5es<strong> j\u00e1 est\u00e3o abertas<\/strong> e poder\u00e3o ser realizadas at\u00e9 o m\u00eas de <strong>agosto,<\/strong> de forma que as provas acontecer\u00e3o tamb\u00e9m nesse m\u00eas. Sendo assim, se voc\u00ea se interessa pelo concurso, confira <strong>todos os detalhes<\/strong> a seguir!<\/p>\n<ul><li><a class=\"_ps2id\" href=\"#inscri%C3%A7%C3%B5es\" data-ps2id-offset=\"\">Inscri\u00e7\u00f5es<\/a>\n<ul><li><a class=\"_ps2id\" href=\"#isen%C3%A7%C3%A3o\" data-ps2id-offset=\"\">Isen\u00e7\u00e3o de taxa<\/a><\/li>\n<\/ul><\/li>\n<li><a class=\"_ps2id\" href=\"#vagas\" data-ps2id-offset=\"\">Vagas, cargos e remunera\u00e7\u00f5es<\/a><\/li>\n<li><a class=\"_ps2id\" href=\"#requisitos\" data-ps2id-offset=\"\">Requisitos<\/a><\/li>\n<li><a class=\"_ps2id\" href=\"#atribui%C3%A7%C3%B5es\" data-ps2id-offset=\"\">Atribui\u00e7\u00f5es<\/a><\/li>\n<li><a class=\"_ps2id\" href=\"#provas\" data-ps2id-offset=\"\">Provas<\/a><\/li>\n<\/ul><p>\u00a0<\/p>\n<h2 id=\"ps2id-idinscries-targetconcurso-guarda-mau-sp-inscries\">[ps2id id=\u2019inscri\u00e7\u00f5es\u2019 target=\u201d\/]Concurso Guarda Mau\u00e1 SP: inscri\u00e7\u00f5es<\/h2>\n<p>Portanto, \u00e9 essencial que os interessados no novo concurso Guarda Mau\u00e1 SP saibam que as inscri\u00e7\u00f5es <strong>j\u00e1 est\u00e3o abertas<\/strong> e poder\u00e3o ser realizadas at\u00e9 o dia <strong>08 de agosto<\/strong> por meio do site da<strong> banca organizadora<\/strong> do certame, o <a href=\"https:\/\/www.ibamsp-concursos.org.br\/site\/concursos\/documentos\/671\" target=\"_blank\" rel=\"noopener noreferrer\">Ibam<\/a> (Instituto Brasileiro de Administra\u00e7\u00e3o Municipal).<\/p>\n<p>Al\u00e9m disso, para efetivar a participa\u00e7\u00e3o \u00e9 necess\u00e1rio que os candidatos efetuem,<strong> at\u00e9 o dia 09 de agosto,<\/strong> o pagamento da <strong>taxa de inscri\u00e7\u00e3o,<\/strong> que possui o valor fixo de <strong>R$ 74,00.<\/strong><\/p>\n<p>Estude para o concurso dos seus sonhos com a <a href=\"https:\/\/aprovacao.novaconcursos.com.br\/assinatura\" target=\"_blank\" rel=\"noopener noreferrer\">Assinatura Completa da Nova.<\/a> Tenha acesso a <strong>Cursos, Plataforma de Quest\u00f5es, Eventos Exclusivos<\/strong> para Assinantes e Muito Mais!<\/p>\n<h3>[ps2id id=\u2019isen\u00e7\u00e3o\u2019 target=\u201d\/]Isen\u00e7\u00e3o de taxa<\/h3>\n<p>\u00c9 igualmente importante que os concurseiros saibam que at\u00e9 as 14h00 de hoje, <strong>12 de julho,<\/strong> poder\u00e3o solicitar a <strong>isen\u00e7\u00e3o de taxa<\/strong> os candidatos desempregados moradores de Mau\u00e1, por meio da impress\u00e3o do <strong>requerimento<\/strong> presente no site da banca organizadora.<\/p>\n<p>Ademais, o candidato deve estar desempregado <strong>h\u00e1 mais de 06 meses<\/strong> e morar no munic\u00edpio <strong>h\u00e1 mais de 02 anos.<\/strong><\/p>\n<p>Nesse sentido, os candidatos dever\u00e3o protocolar o requerimento juntamente com os <strong>documentos comprobat\u00f3rios<\/strong> presentes no edital na recep\u00e7\u00e3o da Ger\u00eancia de Gest\u00e3o e Desenvolvimento em RH da Prefeitura Municipal de Mau\u00e1, localizada na Avenida Jo\u00e3o Ramalho, 205, Vila No\u00eamia.<\/p>\n<p>Al\u00e9m disso, a entrega dos documentos pode ser feita at\u00e9 o dia <strong>13 de julho<\/strong> das 10h00 \u00e0s 15h00.<\/p>\n<h2 id=\"ps2id-idvagas-targetvagas-cargos-e-remuneraes\">[ps2id id=\u2019vagas\u2019 target=\u201d\/]Vagas, cargos e remunera\u00e7\u00f5es<\/h2>\n<p>Sendo assim, o novo concurso da Guarda Civil Municipal de Mau\u00e1, em <a href=\"https:\/\/www.novaconcursos.com.br\/portal\/concursos-abertos\/sp\/\">S\u00e3o Paulo,<\/a> oferta <strong>100 oportunidades<\/strong> para o cargo, que exige dos concurseiros o <strong>n\u00edvel m\u00e9dio<\/strong> de escolaridade.<\/p>\n<p>Al\u00e9m disso, 50 das vagas s\u00e3o destinadas ao <strong>sexo masculino<\/strong>, enquanto as demais 50 s\u00e3o para o <strong>sexo feminino.<\/strong> Ademais, vale frisar que existem <strong>reservas<\/strong> de vagas para candidatos negros e com defici\u00eancia.<\/p>\n<p>Dessa forma, os aprovados no concurso p\u00fablico e contratados contar\u00e3o com<strong> remunera\u00e7\u00f5es<\/strong> no valor de<strong> R$ 3.076,81,<\/strong> sem contar com o adicional de periculosidade, para as jornadas de trabalho de <strong>40 horas<\/strong> semanais.<\/p>\n<p>Ademais, para concorrer a uma das oportunidades ser\u00e1 preciso que os candidatos possuam entre <strong>18 e 45 anos de idade.<\/strong><\/p>\n<h2 id=\"ps2id-idrequisitos-targetquais-so-os-requisitos-bsicos\">[ps2id id=\u2019requisitos\u2019 target=\u201d\/]Quais s\u00e3o os requisitos b\u00e1sicos?<\/h2>\n<p>\u00c9 igualmente importante que os candidatos do concurso Guarda Mau\u00e1 SP saibam que, para a realiza\u00e7\u00e3o da inscri\u00e7\u00e3o, devem ser cumpridos os seguintes <strong>requisitos b\u00e1sicos:<\/strong><\/p>\n<ul><li>ser brasileiro nato ou naturalizado, na forma do artigo 12 da Constitui\u00e7\u00e3o Federal;<\/li>\n<li>ter idade m\u00ednima na data de inscri\u00e7\u00e3o de 18 anos e m\u00e1xima de 45 anos;<\/li>\n<li>estar em dia com as obriga\u00e7\u00f5es do Servi\u00e7o Militar, se do sexo masculino;<\/li>\n<li>estar em situa\u00e7\u00e3o regular com a Justi\u00e7a Eleitoral;<\/li>\n<li>possuir escolaridade\/pr\u00e9-requisitos exigidos para o cargo;<\/li>\n<li>n\u00e3o registrar antecedentes criminais, impeditivos do exerc\u00edcio da fun\u00e7\u00e3o p\u00fablica, achando-se no pleno gozo de seus direitos civis e pol\u00edticos;<\/li>\n<li>submeter-se, por ocasi\u00e3o da convoca\u00e7\u00e3o, ao exame m\u00e9dico pr\u00e9-admissional, de car\u00e1ter eliminat\u00f3rio, a ser realizado pela Prefeitura ou por sua ordem, para constata\u00e7\u00e3o de aptid\u00e3o f\u00edsica e mental, podendo ser exigida a apresenta\u00e7\u00e3o de exames complementares, \u00e0s suas expensas;<\/li>\n<li>n\u00e3o receber proventos de aposentadoria ou remunera\u00e7\u00e3o de cargo, emprego ou fun\u00e7\u00e3o p\u00fablica, ressalvados os cargos\/fun\u00e7\u00f5es acumul\u00e1veis previstos na Constitui\u00e7\u00e3o Federal;<\/li>\n<li>preencher as exig\u00eancias das fun\u00e7\u00f5es segundo o que determina a Lei e a Tabela do item 1.2 do presente Edital;<\/li>\n<li>n\u00e3o haver sofrido, no exerc\u00edcio de atividade p\u00fablica, penalidade por atos incompat\u00edveis com o servi\u00e7o p\u00fablico.<\/li>\n<\/ul><p>\u00a0<\/p>\n<h2 id=\"ps2id-idatribuies-targetquais-so-as-atribuies-dos-cargos\">[ps2id id=\u2019atribui\u00e7\u00f5es\u2019 target=\u201d\/]Quais s\u00e3o as atribui\u00e7\u00f5es dos cargos?<\/h2>\n<p>Al\u00e9m disso, tamb\u00e9m \u00e9 de suma import\u00e2ncia que os interessados na nova sele\u00e7\u00e3o conhe\u00e7am as<strong> atribui\u00e7\u00f5es<\/strong> da carreira contemplada, sendo elas:<\/p>\n<ul><li>desempenhar atividades de prote\u00e7\u00e3o do patrim\u00f4nio p\u00fablico municipal, inspecionando, quando for o caso, as depend\u00eancias dos pr\u00f3prios, fazendo rondas nos per\u00edodos diurno ou noturno, fiscalizando a entrada e a sa\u00edda, controlando o acesso de pessoas, ve\u00edculos e equipamentos;<\/li>\n<li>executar a fun\u00e7\u00e3o de motociclista, motorista e encarregado em viaturas;<\/li>\n<li>conhecer e observar os princ\u00edpios gerais da disciplina e da hierarquia;<\/li>\n<li>tomar conhecimento das ordens existentes a respeito de sua ocupa\u00e7\u00e3o, ao iniciar qualquer servi\u00e7o, para o qual se encontre escalado;<\/li>\n<li>estar atento durante a execu\u00e7\u00e3o de qualquer servi\u00e7o;<\/li>\n<li>tratar com aten\u00e7\u00e3o e urbanidade as pessoas com as quais, em raz\u00e3o de servi\u00e7o, entrar em contato, ainda quando estas procederem de maneira diversa;<\/li>\n<li>acionar a chefia competente quando se defrontar com ocorr\u00eancias, ou quando for solicitado para atend\u00ea-las;<\/li>\n<li>zelar pelo bom nome da institui\u00e7\u00e3o;<\/li>\n<li>zelar pela sua apresenta\u00e7\u00e3o individual e pessoal, se apresentando decentemente com o uniforme fornecido pela Administra\u00e7\u00e3o P\u00fablica Municipal de Mau\u00e1;<\/li>\n<li>executar atividades de socorro e prote\u00e7\u00e3o \u00e0s v\u00edtimas de calamidades p\u00fablicas;<\/li>\n<li>colaborar com outros \u00f3rg\u00e3os p\u00fablicos nas atividades que lhe dizem respeito;<\/li>\n<li>colaborar na preven\u00e7\u00e3o e combate de inc\u00eandios e no suporte b\u00e1sico da vida;<\/li>\n<li>impedir a entrada, no pr\u00e9dio ou nas \u00e1reas adjacentes, de pessoas estranhas ou sem autoriza\u00e7\u00e3o, fora de hor\u00e1rio de trabalho, convidando-as a se retirarem por medida de seguran\u00e7a;<\/li>\n<li>comunicar \u00e0 chefia imediata qualquer irregularidade ocorrida durante seu plant\u00e3o;<\/li>\n<li>prestar colabora\u00e7\u00e3o e orientar o p\u00fablico em geral, quando necess\u00e1rio;<\/li>\n<li>executar outras atividades definidas por superiores hier\u00e1rquicos.<\/li>\n<\/ul><p>\u00a0<\/p>\n<h2 id=\"ps2id-idprovas-targetconcurso-guarda-mau-sp-provas\">[ps2id id=\u2019provas\u2019 target=\u201d\/]Concurso Guarda Mau\u00e1 SP: provas<\/h2>\n<p>Por fim, \u00e9 imprescind\u00edvel que os candidatos do <a href=\"https:\/\/www.novaconcursos.com.br\/portal\/concursos-previstos\/sp\/\">concurso<\/a> Guarda Mau\u00e1 SP saibam que ser\u00e3o avaliados por meio de uma s\u00e9rie de <strong>etapas avaliativas,<\/strong> sendo elas:<\/p>\n<ul><li>Prova objetiva;<\/li>\n<li>Teste de aptid\u00e3o f\u00edsica;<\/li>\n<li>Avalia\u00e7\u00e3o psicol\u00f3gica;<\/li>\n<li>Investiga\u00e7\u00e3o social;<\/li>\n<li>Exame m\u00e9dico;<\/li>\n<li>Exame toxicol\u00f3gico;<\/li>\n<li>Curso de forma\u00e7\u00e3o.<\/li>\n<\/ul><p>\u00a0<\/p>\n<p>Dessa forma, a <strong>prova objetiva<\/strong> est\u00e1 prevista para ser aplicada no dia <strong>28 de agosto<\/strong>, quando os inscritos na sele\u00e7\u00e3o responder\u00e3o a <strong>40 quest\u00f5es<\/strong> de m\u00faltipla escolha acerca das <strong>disciplinas<\/strong> abaixo:<\/p>\n<ul><li>L\u00edngua Portuguesa \u2013 12;<\/li>\n<li>Matem\u00e1tica \u2013 08;<\/li>\n<li>Conhecimentos Espec\u00edficos \u2013 20.<\/li>\n<\/ul><p>\u00a0<\/p>\n<p>Por outro lado, para a fase de <strong>teste de aptid\u00e3o f\u00edsica<\/strong> os candidatos ser\u00e3o avaliados por meio dos testes indicados abaixo:<\/p>\n<ul><li>Flex\u00e3o de bra\u00e7o;<\/li>\n<li>Abdominal;<\/li>\n<li>Corrida de 50 metros;<\/li>\n<li>Corrida de 12 minutos.<\/li>\n<\/ul>","protected":false},"excerpt":{"rendered":"<p>Novidades para os concurseiros! Foi publicado o edital do novo concurso Guarda Mau\u00e1 SP (Guarda Civil Municipal de Mau\u00e1 \u2013 S\u00e3o Paulo) com a oferta de 100 oportunidades para a carreira de n\u00edvel m\u00e9dio.<br \/>\nAl\u00e9m disso, as inscri\u00e7\u00f5es j\u00e1 est\u00e3o abertas e poder\u00e3o ser realizadas at\u00e9 o m\u00eas de agosto, de forma que as provas acontecer\u00e3o tamb\u00e9m nesse m\u00eas. Sendo assim, se voc\u00ea se interessa pelo concurso, confira todos os detalhes a seguir!<\/p>\n","protected":false},"author":16,"featured_media":164707,"comment_status":"closed","ping_status":"closed","sticky":false,"template":"","format":"standard","meta":{"_acf_changed":false,"footnotes":"","_wp_rev_ctl_limit":""},"categories":[44999],"tags":[],"class_list":["post-96203","post","type-post","status-publish","format-standard","has-post-thumbnail","hentry","category-concursos"],"acf":[],"_links":{"self":[{"href":"https:\/\/www.novaconcursos.com.br\/portal\/wp-json\/wp\/v2\/posts\/96203","targetHints":{"allow":["GET"]}}],"collection":[{"href":"https:\/\/www.novaconcursos.com.br\/portal\/wp-json\/wp\/v2\/posts"}],"about":[{"href":"https:\/\/www.novaconcursos.com.br\/portal\/wp-json\/wp\/v2\/types\/post"}],"author":[{"embeddable":true,"href":"https:\/\/www.novaconcursos.com.br\/portal\/wp-json\/wp\/v2\/users\/16"}],"replies":[{"embeddable":true,"href":"https:\/\/www.novaconcursos.com.br\/portal\/wp-json\/wp\/v2\/comments?post=96203"}],"version-history":[{"count":6,"href":"https:\/\/www.novaconcursos.com.br\/portal\/wp-json\/wp\/v2\/posts\/96203\/revisions"}],"predecessor-version":[{"id":164988,"href":"https:\/\/www.novaconcursos.com.br\/portal\/wp-json\/wp\/v2\/posts\/96203\/revisions\/164988"}],"wp:featuredmedia":[{"embeddable":true,"href":"https:\/\/www.novaconcursos.com.br\/portal\/wp-json\/wp\/v2\/media\/164707"}],"wp:attachment":[{"href":"https:\/\/www.novaconcursos.com.br\/portal\/wp-json\/wp\/v2\/media?parent=96203"}],"wp:term":[{"taxonomy":"category","embeddable":true,"href":"https:\/\/www.novaconcursos.com.br\/portal\/wp-json\/wp\/v2\/categories?post=96203"},{"taxonomy":"post_tag","embeddable":true,"href":"https:\/\/www.novaconcursos.com.br\/portal\/wp-json\/wp\/v2\/tags?post=96203"}],"curies":[{"name":"wp","href":"https:\/\/api.w.org\/{rel}","templated":true}]}}