{"id":96516,"date":"2024-03-12T10:11:46","date_gmt":"2024-03-12T13:11:46","guid":{"rendered":"https:\/\/www.novaconcursos.com.br\/portal\/?post_type=nc-public-tender&#038;p=96516"},"modified":"2024-12-16T09:33:55","modified_gmt":"2024-12-16T12:33:55","slug":"concurso-assembleia-legislativa-ce","status":"publish","type":"post","link":"https:\/\/www.novaconcursos.com.br\/portal\/concursos\/concurso-assembleia-legislativa-ce\/","title":{"rendered":"Concurso Assembleia Legislativa CE: Validade prorrogada por mais dois anos!"},"content":{"rendered":"<p>Aten\u00e7\u00e3o, concurseiros! Ap\u00f3s suspens\u00e3o, o \u00faltimo <strong>concurso Assembleia Legislativa CE foi prorrogado por mais 2 anos!<\/strong><\/p>\n<p>O certame, publicado em 2021, ofertou 100 vagas de <strong>n\u00edveis m\u00e9dio e superior<\/strong>, com sal\u00e1rios que podem chegar a <strong>R$24 mil<\/strong>!<\/p>\n<p>Confira mais detalhes a seguir!<\/p>\n<ul><li><a class=\"_ps2id\" href=\"#carreiras\" data-ps2id-offset=\"\">Situa\u00e7\u00e3o atual<\/a><\/li>\n<li><a class=\"_ps2id\" href=\"#vagas\" data-ps2id-offset=\"\">Vagas e sal\u00e1rios<\/a><\/li>\n<li><a class=\"_ps2id\" href=\"#requisitos\" data-ps2id-offset=\"\">Requisitos<\/a><\/li>\n<li><a class=\"_ps2id\" href=\"#etapas\" data-ps2id-offset=\"\">Etapas de Sele\u00e7\u00e3o<\/a><\/li>\n<li><a class=\"_ps2id\" href=\"#%C3%BAltimo-concurso\" data-ps2id-offset=\"\">\u00daltimo concurso<\/a><\/li>\n<\/ul><h2 id=\"ps2id-idcarreiras-targetconcurso-assembleia-legislativa-pror\">[ps2id id=\u2019carreiras\u2019 target=\u201d\/]Concurso <strong>Assembleia Legislativa \u00e9 prorrogado!<\/strong><\/h2>\n<p>A Assembleia Legislativa do Cear\u00e1 publicou o <a href=\"https:\/\/cdn.cebraspe.org.br\/concursos\/al_ce_20\/arquivos\/ED_16_ALCE_2020_PRORROGAO_DO_CONCURSO.PDF\" target=\"_blank\" rel=\"noopener\">documento<\/a> que prorrogou por mais 2 anos o \u00faltimo concurso. Assim, o certame ter\u00e1 validade <strong>at\u00e9 maio de 2026<\/strong>!<\/p>\n<blockquote><p><em>\u201cA MESA DIRETORA DA ASSEMBLEIA LEGISLATIVA DO ESTADO DO CEAR\u00c1, no uso de suas atribui\u00e7\u00f5es, torna p\u00fablica, conforme disposto no subitem 13.29 do Edital n\u00ba 1 \u2013 ALCE, de 16 de mar\u00e7o de 2020, a prorroga\u00e7\u00e3o do prazo de validade do concurso por mais dois anos, a contar da data de 6 de maio de 2024.\u201d<\/em><\/p><\/blockquote>\n<p>\u00a0<\/p>\n<p>Vale ressaltar que em janeiro de 2024, o presidente da AL Cear\u00e1, Evandro S\u00e1 Barreto Leit\u00e3o, anunciou o cancelamento do certame. Entretanto, em mar\u00e7o, a decis\u00e3o foi revogada e o certame foi prorrogado!<\/p>\n<blockquote><p><em>\u201cA MESA DIRETORA DA ASSEMBLEIA LEGISLATIVA DO ESTADO DO CEAR\u00c1, em cumprimento \u00e0 decis\u00e3o judicial proferida nos autos do Processo n\u00ba 3031095-49.2023.8.06.0001, em tr\u00e2mite na 11\u00aa Vara da Fazenda P\u00fablica do Tribunal de Justi\u00e7a do Estado do Cear\u00e1, torna sem efeito o Edital n\u00ba 15 \u2013 ALCE, de 4 de janeiro de 2024.\u201d\u00a0<\/em><\/p><\/blockquote>\n<p>\u00a0<\/p>\n<p>O edital, publicado em 2020, ofertou vagas de n\u00edveis m\u00e9dio e superior para <strong>T\u00e9cnico e Analista Legislativo<\/strong>! Confira os detalhes do certame a seguir!<\/p>\n<ul><li><strong>Confira<\/strong>:\u00a0<a href=\"https:\/\/www.novaconcursos.com.br\/apostila\/basico-para-concursos-lingua-portuguesa?promo_creative=Apostila+L%C3%ADngua+Portuguesa+para+Concursos+%E2%80%93+Ed.+2024&amp;promo_name=concurso&amp;promo_id=%2Fportal%2Fconcursos%2Fconcurso-prefeitura-de-cruzeiro-sp&amp;promo_position=corpo-texto\">Apostila L\u00edngua Portuguesa para Concursos \u2013 Ed. 2024<\/a><\/li>\n<\/ul><p>Estude para o concurso dos seus sonhos com o\u00a0<strong>M\u00e9todo<\/strong>\u00a0que j\u00e1 ajudou na\u00a0<strong>aprova\u00e7\u00e3o de mais de 70 mil alunos<\/strong>.\u00a0<a class=\"c-link\" tabindex=\"-1\" href=\"https:\/\/www.novaconcursos.com.br\/eventos\/assinatura?promo_creative=Clique+aqui&amp;promo_name=concurso&amp;promo_id=%2Fportal%2Fconcursos%2Fconcurso-prefeitura-de-cruzeiro-sp&amp;promo_position=corpo-texto\" target=\"_blank\" rel=\"noopener noreferrer\" data-stringify-link=\"https:\/\/www.novaconcursos.com.br\/eventos\/assinatura?promo_creative=Clique+aqui&amp;promo_name=concurso&amp;promo_id=%2Fportal%2Fconcursos%2Fconcurso-uespi-edital-autorizado-160-vagas&amp;promo_position=corpo-texto\" data-sk=\"tooltip_parent\" data-remove-tab-index=\"true\">Clique aqui<\/a>\u00a0e saiba mais!<\/p>\n<h2 id=\"ps2id-idvagas-targetvagas-e-salrios-do-concurso-assembleia-l\">[ps2id id=\u2019vagas\u2019 target=\u201d\/]Vagas e sal\u00e1rios do concurso Assembleia Legislativa CE<\/h2>\n<p>O certame ofertou <strong>100 vagas<\/strong> de car\u00e1ter imediato, para os n\u00edveis m\u00e9dio e superior, distribu\u00eddas entre os seguintes cargos:<\/p>\n<p><strong>N\u00edvel M\u00e9dio<\/strong><\/p>\n<ul><li>T\u00e9cnico Legislativo (30)<\/li>\n<\/ul><p><strong>N\u00edvel Superior<\/strong><\/p>\n<ul><li>Analista Legislativo \u2013 Administra\u00e7\u00e3o (06)\n<ul><li>Arquitetura e Urbanismo (01)<\/li>\n<li>Biblioteconomia (01)<\/li>\n<li>Ci\u00eancias Cont\u00e1beis (04)<\/li>\n<li>Ci\u00eancias Econ\u00f4micas (01)<\/li>\n<li>Consultoria T\u00e9cnica Legislativa (10)<\/li>\n<li>Controle Interno (05)<\/li>\n<li>Design Gr\u00e1fico (02)<\/li>\n<li>Direito (24)<\/li>\n<li>Engenharia Civil (01)<\/li>\n<li>Engenharia El\u00e9trica (01)<\/li>\n<li>Inform\u00e1tica (05)<\/li>\n<li>Jornalismo (02)<\/li>\n<li>L\u00edngua Portuguesa, Gram\u00e1tica Normativa e Revis\u00e3o Ortogr\u00e1fica (03)<\/li>\n<li>Psicologia (01)<\/li>\n<li>Publicidade e Propaganda (03)<\/li>\n<\/ul><\/li>\n<\/ul><p>Os <strong>sal\u00e1rios iniciais<\/strong> variaram entre R$2.224,90 e R$4.455,29, com jornadas de trabalho de 30 horas semanais.<\/p>\n<p>Durante as progress\u00f5es nas carreiras, as remunera\u00e7\u00f5es podem chegar a <strong>R$ 17.163,85<\/strong> para o n\u00edvel m\u00e9dio e <strong>R$ 24.505,37<\/strong> para o n\u00edvel superior, al\u00e9m das gratifica\u00e7\u00f5es.<\/p>\n<h2 id=\"ps2id-idrequisitos-targetrequisitos-do-concurso-assembleia-l\">[ps2id id=\u2019requisitos\u2019 target=\u201d\/]Requisitos do concurso Assembleia Legislativa CE<\/h2>\n<p>Para investidura nos cargos, os candidatos deveriam cumprir os seguintes requisitos<strong> m\u00ednimos<\/strong>:<\/p>\n<ul><li>Ser aprovado no concurso p\u00fablico;<\/li>\n<li>Ter a nacionalidade brasileira ou portuguesa e, no caso de nacionalidade portuguesa, estar amparado pelo Estatuto de Igualdade entre Brasileiros e Portugueses, com reconhecimento do gozo dos direitos pol\u00edticos, nos termos do \u00a7 1\u00ba do art. 12 da Constitui\u00e7\u00e3o Federal;<\/li>\n<li>Estar em gozo dos direitos pol\u00edticos;<\/li>\n<li>Estar quite com as obriga\u00e7\u00f5es militares, em caso de candidato do sexo masculino;<\/li>\n<li>Estar quite com as obriga\u00e7\u00f5es eleitorais;<\/li>\n<li>Possuir os requisitos exigidos para o exerc\u00edcio do cargo\/\u00e1rea;<\/li>\n<li>Ter idade m\u00ednima de 18 anos completos na data da posse;<\/li>\n<li>Ter aptid\u00e3o f\u00edsica e mental para o exerc\u00edcio das atribui\u00e7\u00f5es do cargo.<\/li>\n<\/ul><p>J\u00e1 os requisitos <strong>espec\u00edficos<\/strong> de cada cargo est\u00e3o relacionados ao n\u00edvel de escolaridade e \u00e1rea de forma\u00e7\u00e3o.<\/p>\n<p>O cargo de T\u00e9cnico Legislativo, na \u00e9poca, exigia ensino m\u00e9dio completo. J\u00e1 o cargo de Analista Legislativo, exigiu n\u00edvel superior completo nas \u00e1reas de atua\u00e7\u00e3o da especialidade escolhida.<\/p>\n<h2 id=\"ps2id-idetapas-targetetapas-de-seleo-do-concurso-assembleia-\">[ps2id id=\u2019etapas\u2019 target=\u201d\/]Etapas de Sele\u00e7\u00e3o do concurso Assembleia Legislativa CE<\/h2>\n<p>O concurso ALCE foi realizado nas seguintes etapas:<\/p>\n<ul><li>Provas objetivas, de car\u00e1ter eliminat\u00f3rio e classificat\u00f3rio, para todos os cargos;<\/li>\n<li>Prova discursiva, de car\u00e1ter eliminat\u00f3rio e classificat\u00f3rio, para todos os cargos;<\/li>\n<li>Avalia\u00e7\u00e3o de t\u00edtulos, de car\u00e1ter classificat\u00f3rio, somente para os cargos de n\u00edvel superior.<\/li>\n<\/ul><h3>Provas Objetivas<\/h3>\n<p>A prova foi composta por<strong> 70 quest\u00f5es<\/strong> de certo ou errado, distribu\u00eddas entre as seguintes<strong> disciplinas<\/strong>:<\/p>\n<p><strong>N\u00edvel M\u00e9dio<\/strong><\/p>\n<ul><li>Conhecimentos Gerais (20 quest\u00f5es)\n<ul><li>L\u00edngua Portuguesa;<\/li>\n<li>No\u00e7\u00f5es de Inform\u00e1tica;<\/li>\n<li>Legisla\u00e7\u00e3o;<\/li>\n<li>Racioc\u00ednio L\u00f3gico Quantitativo e Anal\u00edtico;<\/li>\n<\/ul><\/li>\n<li>Conhecimentos Espec\u00edficos (50 quest\u00f5es)<\/li>\n<\/ul><p><strong>N\u00edvel Superior<\/strong><\/p>\n<ul><li>Conhecimentos Gerais (20 quest\u00f5es)\n<ul><li>L\u00edngua Portuguesa;<\/li>\n<li>No\u00e7\u00f5es de Administra\u00e7\u00e3o P\u00fablica;<\/li>\n<li>No\u00e7\u00f5es de Direito Administrativo;<\/li>\n<li>No\u00e7\u00f5es de Direito Constitucional;<\/li>\n<li>Racioc\u00ednio L\u00f3gico e Quantitativo e Anal\u00edtico<\/li>\n<\/ul><\/li>\n<li>Conhecimentos Espec\u00edficos (50 quest\u00f5es)<\/li>\n<\/ul><p>Foi <strong>reprovado <\/strong>nas provas objetivas e eliminado do concurso p\u00fablico o candidato que se enquadrou em pelo menos um dos itens a seguir:<\/p>\n<ul><li>obteve nota inferior a 10,00 pontos na prova objetiva de conhecimentos gerais P1;<\/li>\n<li>obteve nota inferior a 25,00 pontos na prova objetiva de conhecimentos espec\u00edficos P2.<\/li>\n<\/ul><h3>Prova Discursiva<\/h3>\n<p>Na prova discursiva, o candidato teve que elaborar <strong>uma reda\u00e7\u00e3o<\/strong> dissertativo de, no m\u00ednimo, 20 linhas e, no m\u00e1ximo, 30 linhas, a respeito de um tema da atualidade.<\/p>\n<p>Foram avaliados os seguintes crit\u00e9rios:<\/p>\n<ul><li>aspectos textuais, que incluem a adequa\u00e7\u00e3o ao tema, o atendimento das instru\u00e7\u00f5es contidas na proposta de reda\u00e7\u00e3o (tipo e g\u00eanero textuais, prop\u00f3sito do texto, adequa\u00e7\u00e3o da linguagem \u00e0 situa\u00e7\u00e3o comunicativa e ao suporte de texto) e a coes\u00e3o e a coer\u00eancia textuais (encadeamento l\u00f3gico-sequencial das ideias, unidade formal e tem\u00e1tica do texto) compor\u00e3o a nota de conte\u00fado (NC);<\/li>\n<li>os aspectos formais, que incluem o dom\u00ednio da habilidade escrita em l\u00edngua padr\u00e3o (emprego da norma gramatical, observ\u00e2ncia ao sistema ortogr\u00e1fico, emprego dos recursos de pontua\u00e7\u00e3o, uso do recuo indicador do par\u00e1grafo, emprego das nota\u00e7\u00f5es l\u00e9xicas, rasura, incluindo o uso de corretivo etc.), compor\u00e3o a nota de dom\u00ednio da habilidade escrita em l\u00edngua padr\u00e3o (NLP).<\/li>\n<\/ul><p>A prova foi avaliada em at\u00e9 70 pontos e foi <strong>aprovado<\/strong> na prova discursiva o candidato que obteve NFPD \u2265 35,00 pontos.<\/p>\n<h3>Avalia\u00e7\u00e3o de T\u00edtulos<\/h3>\n<p>Esta etapa valeu 10 pontos e foram consideradas as seguintes titula\u00e7\u00f5es:<\/p>\n<ul><li>T\u00edtulo de Doutor: 2,75 pontos;<\/li>\n<li>T\u00edtulo de Mestre: 1,50 pontos;<\/li>\n<li>P\u00f3s-gradua\u00e7\u00e3o em n\u00edvel de especializa\u00e7\u00e3o, com carga hor\u00e1ria m\u00ednima de 360 h\/a na \u00e1rea a que concorre: 0,75 pontos; e<\/li>\n<li>Exerc\u00edcio de atividade profissional de n\u00edvel superior na Administra\u00e7\u00e3o P\u00fablica ou na iniciativa privada, em empregos\/cargos\/fun\u00e7\u00f5es na \u00e1rea a que concorre: 0,50 por ano completo, sem sobreposi\u00e7\u00e3o de tempo (m\u00e1ximo de 5,00 pontos).<\/li>\n<\/ul><p>Quer ingressar na carreira p\u00fablica? Confira todos os <a href=\"https:\/\/www.novaconcursos.com.br\/portal\/concursos-abertos\/ce\/\">concursos abertos no Cear\u00e1<\/a>!<\/p>\n<h2 id=\"ps2id-idltimoconcurso-targetltimo-concurso-al-ce\">[ps2id id=\u2019\u00faltimo-concurso\u2019 target=\u201d\/]\u00daltimo concurso AL CE<\/h2>\n<p>O \u00faltimo concurso ALCE aconteceu no ano de 2011, sob responsabilidade do Cebraspe.<\/p>\n<p>Na \u00e9poca, foram ofertadas <strong>63 vagas<\/strong> para o cargo de <strong>Analista Legislativo<\/strong>, nas seguintes especialidades:<\/p>\n<ul><li>Administra\u00e7\u00e3o;<\/li>\n<li>Ci\u00eancias Atuariais;<\/li>\n<li>Ci\u00eancias Cont\u00e1beis;<\/li>\n<li>Ci\u00eancias Econ\u00f4micas;<\/li>\n<li>Design Gr\u00e1fico;<\/li>\n<li>Direito;<\/li>\n<li>Estat\u00edstica;<\/li>\n<li>Inform\u00e1tica;<\/li>\n<li>Jornalismo;<\/li>\n<li>L\u00edngua Portuguesa \u2013 Gram\u00e1tica Normativa e Revis\u00e3o Ortogr\u00e1fica;<\/li>\n<li>Publicidade e Propaganda;<\/li>\n<li>Sociologia\/Ci\u00eancias Sociais.<\/li>\n<\/ul><p>Na \u00e9poca, o cargo de Analista possui um sal\u00e1rio inicial de R$ 4.455,29.<\/p>\n<h3>Requisitos<\/h3>\n<p>Os requisitos <strong>b\u00e1sicos<\/strong> para investidura nos cargos foram:<\/p>\n<ul><li>Ser aprovado no concurso p\u00fablico;<\/li>\n<li>Ter a nacionalidade brasileira ou portuguesa e, no caso de nacionalidade portuguesa, estar amparado pelo Estatuto de Igualdade entre Brasileiros e Portugueses, com reconhecimento do gozo dos direitos pol\u00edticos, nos termos do \u00a7 1\u00ba do art. 12 da Constitui\u00e7\u00e3o Federal;<\/li>\n<li>Estar em gozo dos direitos pol\u00edticos;<\/li>\n<li>Estar quite com as obriga\u00e7\u00f5es militares, em caso de candidato do sexo masculino;<\/li>\n<li>Estar quite com as obriga\u00e7\u00f5es eleitorais;<\/li>\n<li>Possuir os requisitos exigidos para o exerc\u00edcio do cargo\/\u00e1rea;<\/li>\n<li>Ter idade m\u00ednima de 18 anos completos na data da posse;<\/li>\n<li>Ter aptid\u00e3o f\u00edsica e mental para o exerc\u00edcio das atribui\u00e7\u00f5es do cargo.<\/li>\n<\/ul><h3>Etapas de Sele\u00e7\u00e3o<\/h3>\n<p>O concurso foi realizado nas seguintes etapas:<\/p>\n<ul><li>Provas objetivas, de car\u00e1ter eliminat\u00f3rio e classificat\u00f3rio, para todos os cargos;<\/li>\n<li>Prova discursiva, de car\u00e1ter eliminat\u00f3rio e classificat\u00f3rio, para todos os cargos;<\/li>\n<li>Avalia\u00e7\u00e3o de t\u00edtulos, de car\u00e1ter classificat\u00f3rio, somente para os cargos de n\u00edvel superior.<\/li>\n<\/ul><p>A prova objetiva foi composta por <strong>120 quest\u00f5es<\/strong> de certo ou errado, divididas entre conhecimentos b\u00e1sicos e espec\u00edficos.<\/p>","protected":false},"excerpt":{"rendered":"<p>Aten\u00e7\u00e3o, concurseiros! Ap\u00f3s suspens\u00e3o, o \u00faltimo concurso Assembleia Legislativa CE foi prorrogado por mais 2 anos!<\/p>\n<p>O certame, publicado em 2021, ofertou 100 vagas de n\u00edveis m\u00e9dio e superior, com sal\u00e1rios que podem chegar a R$24 mil!<\/p>\n<p>Confira mais detalhes a seguir!<\/p>\n","protected":false},"author":16,"featured_media":122245,"comment_status":"closed","ping_status":"closed","sticky":false,"template":"","format":"standard","meta":{"_acf_changed":false,"footnotes":"","_wp_rev_ctl_limit":""},"categories":[44999],"tags":[],"class_list":["post-96516","post","type-post","status-publish","format-standard","has-post-thumbnail","hentry","category-concursos"],"acf":[],"_links":{"self":[{"href":"https:\/\/www.novaconcursos.com.br\/portal\/wp-json\/wp\/v2\/posts\/96516","targetHints":{"allow":["GET"]}}],"collection":[{"href":"https:\/\/www.novaconcursos.com.br\/portal\/wp-json\/wp\/v2\/posts"}],"about":[{"href":"https:\/\/www.novaconcursos.com.br\/portal\/wp-json\/wp\/v2\/types\/post"}],"author":[{"embeddable":true,"href":"https:\/\/www.novaconcursos.com.br\/portal\/wp-json\/wp\/v2\/users\/16"}],"replies":[{"embeddable":true,"href":"https:\/\/www.novaconcursos.com.br\/portal\/wp-json\/wp\/v2\/comments?post=96516"}],"version-history":[{"count":26,"href":"https:\/\/www.novaconcursos.com.br\/portal\/wp-json\/wp\/v2\/posts\/96516\/revisions"}],"predecessor-version":[{"id":224719,"href":"https:\/\/www.novaconcursos.com.br\/portal\/wp-json\/wp\/v2\/posts\/96516\/revisions\/224719"}],"wp:featuredmedia":[{"embeddable":true,"href":"https:\/\/www.novaconcursos.com.br\/portal\/wp-json\/wp\/v2\/media\/122245"}],"wp:attachment":[{"href":"https:\/\/www.novaconcursos.com.br\/portal\/wp-json\/wp\/v2\/media?parent=96516"}],"wp:term":[{"taxonomy":"category","embeddable":true,"href":"https:\/\/www.novaconcursos.com.br\/portal\/wp-json\/wp\/v2\/categories?post=96516"},{"taxonomy":"post_tag","embeddable":true,"href":"https:\/\/www.novaconcursos.com.br\/portal\/wp-json\/wp\/v2\/tags?post=96516"}],"curies":[{"name":"wp","href":"https:\/\/api.w.org\/{rel}","templated":true}]}}