{"id":96568,"date":"2020-01-13T18:30:17","date_gmt":"2020-01-13T21:30:17","guid":{"rendered":"https:\/\/www.novaconcursos.com.br\/portal\/?post_type=nc-public-tender&#038;p=96568"},"modified":"2024-12-16T10:08:44","modified_gmt":"2024-12-16T13:08:44","slug":"concurso-camara-de-santos-sp","status":"publish","type":"post","link":"https:\/\/www.novaconcursos.com.br\/portal\/concursos\/concurso-camara-de-santos-sp\/","title":{"rendered":"Concurso C\u00e2mara de Santos &#8211; SP: SAIU EDITAL com ganhos de at\u00e9 R$ 8 mil!"},"content":{"rendered":"<p>Saiu o edital do novo <strong>concurso C\u00e2mara de Santos, no estado de S\u00e3o Paulo!<\/strong> S\u00e3o <strong>37 vagas<\/strong> para cargos de <strong>n\u00edveis m\u00e9dio e superior de escolaridade<\/strong>, com sal\u00e1rios chegando a <strong>R$ 8 mil<\/strong>.<\/p>\n<h2 id=\"como-fazer-a-inscrio-no-concurso-cmara-de-santos-sp\">Como fazer a inscri\u00e7\u00e3o no concurso C\u00e2mara de Santos SP?<\/h2>\n<p>As inscri\u00e7\u00f5es estar\u00e3o dispon\u00edveis a partir das 10 horas do dia <strong>27 de janeiro at\u00e9 \u00e0s 17 horas do dia 5 de mar\u00e7o de 2020<\/strong>. Os interessados dever\u00e3o se inscrever por meio do site da banca organizadora, o Instituto Mais.<\/p>\n<p>S\u00e3o dois endere\u00e7os: para <a href=\"https:\/\/www.institutomais.org.br\/Concursos\/Detalhe\/363\" target=\"_blank\" rel=\"noopener noreferrer\">Procurador<\/a> e <a href=\"https:\/\/www.institutomais.org.br\/Concursos\/Detalhe\/364\" target=\"_blank\" rel=\"noopener noreferrer\">Cargos em geral<\/a>.<\/p>\n<p>A taxa de inscri\u00e7\u00e3o tem os seguintes valores:<\/p>\n<ul><li>N\u00edvel M\u00e9dio: R$ 45,00;<\/li>\n<li>N\u00edvel Superior: R$ 64,00.<\/li>\n<\/ul><h2 id=\"quem-pode-fazer-o-concurso-cmara-de-santos\">Quem pode fazer o concurso C\u00e2mara de Santos?<\/h2>\n<p>As oportunidades s\u00e3o as seguintes:<\/p>\n<p><strong>N\u00edvel M\u00e9dio<\/strong><\/p>\n<ul><li>Auxiliar Legislativo (4);<\/li>\n<li>Assistente Legislativo (8);<\/li>\n<li>T\u00e9cnico Audiovisual (1);<\/li>\n<li>T\u00e9cnico de Som (CR).<\/li>\n<\/ul><p><strong>N\u00edvel Superior<\/strong><\/p>\n<ul><li>Analista de Recursos Humanos (2);<\/li>\n<li>Analista de Sistemas (1);<\/li>\n<li>Analista em Gest\u00e3o P\u00fablica (4);<\/li>\n<li>Analista Financeiro (2);<\/li>\n<li>Analista Jur\u00eddico (8);<\/li>\n<li>Analista Urbano (1);<\/li>\n<li>Contador (2);<\/li>\n<li>Engenheiro de Telecomunica\u00e7\u00e3o (1);<\/li>\n<li>Jornalista (1);<\/li>\n<li>Procurador (2).<\/li>\n<\/ul><p>Os sal\u00e1rios variam de R$ 2.653,33 a R$ 8.000,00, em jornadas de trabalho de 40 horas semanais.<\/p>\n<h2 id=\"quais-os-requisitos-bsicos-para-investidura-no-concurso-cmar\">Quais os requisitos b\u00e1sicos para investidura no concurso C\u00e2mara de Santos \u2013 SP?<\/h2>\n<ul><li>Ser brasileiro nato ou naturalizado, na forma do artigo 12, par\u00e1grafo 1\u00ba da Constitui\u00e7\u00e3o Federal;<\/li>\n<li>Ter idade m\u00ednima de 18 (dezoito) anos;<\/li>\n<li>Estar em dia com as obriga\u00e7\u00f5es do Servi\u00e7o Militar, se do sexo masculino;<\/li>\n<li>Estar em situa\u00e7\u00e3o regular com a Justi\u00e7a Eleitoral;<\/li>\n<li>Comprovar escolaridade\/pr\u00e9-requisitos exigidos para o cargo e, quando se tratar de profiss\u00e3o regulamentada, no ato da posse, apresentar o competente registro de inscri\u00e7\u00e3o no respectivo \u00f3rg\u00e3o fiscalizador;<\/li>\n<li>N\u00e3o registrar antecedentes criminais, impeditivos do exerc\u00edcio da fun\u00e7\u00e3o p\u00fablica, achando-se no pleno gozo de seus direitos civis e pol\u00edticos;<\/li>\n<li>Submeter-se, por ocasi\u00e3o da nomea\u00e7\u00e3o, ao exame m\u00e9dico pr\u00e9-admissional, de car\u00e1ter eliminat\u00f3rio, a ser realizado pela C\u00e2mara ou por sua ordem, para constata\u00e7\u00e3o de aptid\u00e3o f\u00edsica e mental;<\/li>\n<li>Preencher as exig\u00eancias para provimento do cargo segundo o que determina a Lei 789\/2012 e a Tabela do Anexo I do presente Edital;<\/li>\n<li>N\u00e3o ter sido dispensado por justa causa, ou exonerado a bem do servi\u00e7o p\u00fablico.<\/li>\n<\/ul><h2 id=\"como-ser-a-prova-do-concurso-cmara-de-santos\">Como ser\u00e1 a prova do concurso C\u00e2mara de Santos?<\/h2>\n<p>Os candidatos ser\u00e3o avaliados por meio de <strong>provas objetivas<\/strong>, previstas para o dia <strong>26 de <\/strong><strong>abril de 2020<\/strong>, na cidade de Santos (SP).<\/p>\n<p><strong>\u21d2<\/strong><strong> ATEN<\/strong><strong>\u00c7\u00c3<\/strong><strong>O: As provas do concurso CAU SP est<\/strong><strong>\u00e3<\/strong><strong>o suspensas devido a pandemia do novo CoronaV<\/strong><strong>\u00ed<\/strong><strong>rus. Uma nova data ser\u00e1 informada posteriormente pela banca organizadora.<\/strong><\/p>\n<p>Exclusivamente para o cargo de Procurador, a prova se dar\u00e1 no dia <strong>22 de mar\u00e7o de 2020<\/strong>.<\/p>\n<p>A <strong>estrutura das provas<\/strong> ser\u00e1 a seguinte:<\/p>\n<ul><li>N\u00edvel M\u00e9dio: L\u00edngua Portuguesa (8 quest\u00f5es), Matem\u00e1tica (8 quest\u00f5es), Atualidades (4 quest\u00f5es), No\u00e7\u00f5es de Inform\u00e1tica (4 quest\u00f5es), Conhecimentos Espec\u00edficos (36 quest\u00f5es);<\/li>\n<li>N\u00edvel Superior: L\u00edngua Portuguesa (12 quest\u00f5es), Atualidades (4 quest\u00f5es), No\u00e7\u00f5es de Inform\u00e1tica (4 quest\u00f5es), Legisla\u00e7\u00e3o (4 quest\u00f5es), Conhecimentos Espec\u00edficos (36 quest\u00f5es);<\/li>\n<li>N\u00edvel Superior \u2013 Analista Jur\u00eddico: L\u00edngua Portuguesa (14 quest\u00f5es), No\u00e7\u00f5es de Inform\u00e1tica (5 quest\u00f5es), Legisla\u00e7\u00e3o (5 quest\u00f5es), Direito Administrativo (8 quest\u00f5es), Direito Constitucional (8 quest\u00f5es), Direito Tribut\u00e1rio (6 quest\u00f5es), Direito Civil (4 quest\u00f5es), Direito Processual Civil (4 quest\u00f5es), Direito Previdenci\u00e1rio (3 quest\u00f5es), Direito Ambiental (3 quest\u00f5es);<\/li>\n<li>N\u00edvel Superior \u2013 Procurador: L\u00edngua Portuguesa (14 quest\u00f5es), No\u00e7\u00f5es de Inform\u00e1tica (5 quest\u00f5es), Legisla\u00e7\u00e3o (5 quest\u00f5es), Direito Administrativo (8 quest\u00f5es), Direito Constitucional (8 quest\u00f5es), Direito Tribut\u00e1rio (8 quest\u00f5es), Direito Civil (2 quest\u00f5es), Direito Processual Civil (6 quest\u00f5es), Direito Previdenci\u00e1rio (2 quest\u00f5es), Direito Ambiental (2 quest\u00f5es).<\/li>\n<\/ul><p>Haver\u00e1 ainda uma prova discursiva, com tr\u00eas quest\u00f5es dissertativas sobre as disciplinas de Direito Constitucional, Direito Administrativo e Direito Previdenci\u00e1rio, e um parecer jur\u00eddico sobre o conte\u00fado de Conhecimentos Espec\u00edficos, exclusivamente para o cargo de Procurador.<\/p>\n<p>O conte\u00fado program\u00e1tico abrange as seguintes disciplinas:<\/p>\n<p>N\u00edvel M\u00e9dio<\/p>\n<ul><li>L\u00edngua Portuguesa: Interpreta\u00e7\u00e3o de Texto. Significa\u00e7\u00e3o das palavras: sin\u00f4nimos, ant\u00f4nimos, sentido pr\u00f3prio e figurado das palavras. Ortografia Oficial. Pontua\u00e7\u00e3o. Acentua\u00e7\u00e3o. Emprego das classes de palavras: substantivo, adjetivo, numeral, pronome, verbo, adv\u00e9rbio, preposi\u00e7\u00e3o, conjun\u00e7\u00e3o (classifica\u00e7\u00e3o e sentido que imprime \u00e0s rela\u00e7\u00f5es entre as ora\u00e7\u00f5es). Concord\u00e2ncia verbal e nominal. Reg\u00eancia verbal e nominal. Crase. Coloca\u00e7\u00e3o pronominal.<\/li>\n<li>Matem\u00e1tica: Resolu\u00e7\u00e3o de situa\u00e7\u00f5es-problema. N\u00fameros Inteiros: Opera\u00e7\u00f5es, Propriedades, M\u00faltiplos e Divisores; N\u00fameros Racionais: Opera\u00e7\u00f5es e Propriedades. N\u00fameros e Grandezas Diretamente e Inversamente Proporcionais: Raz\u00f5es e Propor\u00e7\u00f5es, Divis\u00e3o Proporcional, Regra de Tr\u00eas Simples e Composta. Porcentagem. Juros Simples. Sistema de Medidas Legais. Conceitos b\u00e1sicos de geometria: c\u00e1lculo de \u00e1rea e c\u00e1lculo de volume.<\/li>\n<li>Atualidades: Quest\u00f5es relacionadas a fatos pol\u00edticos, econ\u00f4micos, sociais e culturais, nacionais e internacionais, divulgados na m\u00eddia local e\/ou nacional, veiculados nos \u00faltimos seis meses anteriores \u00e0 data da prova.<\/li>\n<li>No\u00e7\u00f5es de Inform\u00e1tica: No\u00e7\u00f5es b\u00e1sicas de armazenamento de dados: arquivos, pastas, programas; MS Office: Word, Excel, PowerPoint e Outlook (Vers\u00e3o 2007 e\/ou vers\u00e3o atualizada); conceitos b\u00e1sicos e caracter\u00edsticas do sistema operacional Windows; conceitos e modos de utiliza\u00e7\u00e3o de ferramentas Internet Explorer; conceitos b\u00e1sicos de seguran\u00e7a da Informa\u00e7\u00e3o com foco no comportamento do usu\u00e1rio.<\/li>\n<\/ul><p>N\u00edvel Superior<\/p>\n<ul><li>L\u00edngua Portuguesa: Interpreta\u00e7\u00e3o de Texto. Significa\u00e7\u00e3o das palavras: sin\u00f4nimos, ant\u00f4nimos, sentido pr\u00f3prio e figurado das palavras. Ortografia Oficial. Pontua\u00e7\u00e3o. Acentua\u00e7\u00e3o. Emprego das classes de palavras: substantivo, adjetivo, numeral, pronome, verbo, adv\u00e9rbio, preposi\u00e7\u00e3o, conjun\u00e7\u00e3o (classifica\u00e7\u00e3o e sentido que imprime \u00e0s rela\u00e7\u00f5es entre as ora\u00e7\u00f5es). Concord\u00e2ncia verbal e nominal. Reg\u00eancia verbal e nominal. Crase. Coloca\u00e7\u00e3o pronominal.<\/li>\n<li>Atualidades: Quest\u00f5es relacionadas a fatos pol\u00edticos, econ\u00f4micos, sociais e culturais, nacionais e internacionais, divulgados na m\u00eddia local e\/ou nacional, veiculados nos \u00faltimos seis meses anteriores \u00e0 data da prova.<\/li>\n<li>No\u00e7\u00f5es de Inform\u00e1tica: No\u00e7\u00f5es b\u00e1sicas de armazenamento de dados: arquivos, pastas, programas; MS Office: Word, Excel, PowerPoint e Outlook (Vers\u00e3o 2007 e\/ou vers\u00e3o atualizada); conceitos b\u00e1sicos e caracter\u00edsticas do sistema operacional Windows; conceitos e modos de utiliza\u00e7\u00e3o de ferramentas Internet Explorer; conceitos b\u00e1sicos de seguran\u00e7a da Informa\u00e7\u00e3o com foco no comportamento do usu\u00e1rio.<\/li>\n<li>Legisla\u00e7\u00e3o: Regimento Interno da C\u00e2mara Municipal de Santos (Resolu\u00e7\u00e3o n.\u00ba 16, de 26 de junho de 2019) e suas atualiza\u00e7\u00f5es e\/ou altera\u00e7\u00f5es. Lei Org\u00e2nica do Mun\u00edcipio de Santos, de 05 de abril de 1990 e suas atualiza\u00e7\u00f5es e\/ou altera\u00e7\u00f5es. Resolu\u00e7\u00e3o n.\u00ba 17, de 08 de agosto de 2019 e suas atualiza\u00e7\u00f5es e\/ou altera\u00e7\u00f5es, Resolu\u00e7\u00e3o n.\u00ba 18, de 08 de agosto de 2019 e suas atualiza\u00e7\u00f5es e\/ou altera\u00e7\u00f5es e Resolu\u00e7\u00e3o n.\u00ba 19, de 09 de agosto de 2019 e suas atualiza\u00e7\u00f5es e\/ou altera\u00e7\u00f5es.<\/li>\n<\/ul><p>N\u00edvel Superior \u2013 Analista Jur\u00eddico<\/p>\n<ul><li>L\u00edngua Portuguesa: Interpreta\u00e7\u00e3o de Texto. Significa\u00e7\u00e3o das palavras: sin\u00f4nimos, ant\u00f4nimos, sentido pr\u00f3prio e figurado das palavras. Ortografia Oficial. Pontua\u00e7\u00e3o. Acentua\u00e7\u00e3o. Emprego das classes de palavras: substantivo, adjetivo, numeral, pronome, verbo, adv\u00e9rbio, preposi\u00e7\u00e3o, conjun\u00e7\u00e3o (classifica\u00e7\u00e3o e sentido que imprime \u00e0s rela\u00e7\u00f5es entre as ora\u00e7\u00f5es). Concord\u00e2ncia verbal e nominal. Reg\u00eancia verbal e nominal. Crase. Coloca\u00e7\u00e3o pronominal.<\/li>\n<li>Legisla\u00e7\u00e3o: Regimento Interno da C\u00e2mara Municipal de Santos (Resolu\u00e7\u00e3o n.\u00ba 16, de 26 de junho de 2019) e suas atualiza\u00e7\u00f5es e\/ou altera\u00e7\u00f5es. Lei Org\u00e2nica do Mun\u00edcipio de Santos, de 05 de abril de 1990 e suas atualiza\u00e7\u00f5es e\/ou altera\u00e7\u00f5es. Resolu\u00e7\u00e3o n.\u00ba 17, de 08 de agosto de 2019 e suas atualiza\u00e7\u00f5es e\/ou altera\u00e7\u00f5es, Resolu\u00e7\u00e3o n.\u00ba 18, de 08 de agosto de 2019 e suas atualiza\u00e7\u00f5es e\/ou altera\u00e7\u00f5es e Resolu\u00e7\u00e3o n.\u00ba 19, de 09 de agosto de 2019 e suas atualiza\u00e7\u00f5es e\/ou altera\u00e7\u00f5es.<\/li>\n<li>No\u00e7\u00f5es de Inform\u00e1tica: No\u00e7\u00f5es b\u00e1sicas de armazenamento de dados: arquivos, pastas, programas; MS Office: Word, Excel, PowerPoint e Outlook (Vers\u00e3o 2007 e\/ou vers\u00e3o atualizada); conceitos b\u00e1sicos e caracter\u00edsticas do sistema operacional Windows; conceitos e modos de utiliza\u00e7\u00e3o de ferramentas Internet Explorer; conceitos b\u00e1sicos de seguran\u00e7a da Informa\u00e7\u00e3o com foco no comportamento do usu\u00e1rio.<\/li>\n<\/ul><p>N\u00edvel Superior \u2013 Procurador<\/p>\n<ul><li>L\u00edngua Portuguesa: Interpreta\u00e7\u00e3o de Texto. Significa\u00e7\u00e3o das palavras: sin\u00f4nimos, ant\u00f4nimos, sentido pr\u00f3prio e figurado das palavras. Ortografia Oficial. Pontua\u00e7\u00e3o. Acentua\u00e7\u00e3o. Emprego das classes de palavras: substantivo, adjetivo, numeral, pronome, verbo, adv\u00e9rbio, preposi\u00e7\u00e3o, conjun\u00e7\u00e3o (classifica\u00e7\u00e3o e sentido que imprime \u00e0s rela\u00e7\u00f5es entre as ora\u00e7\u00f5es). Concord\u00e2ncia verbal e nominal. Reg\u00eancia verbal e nominal. Crase. Coloca\u00e7\u00e3o pronominal.<\/li>\n<li>Legisla\u00e7\u00e3o: Regimento Interno da C\u00e2mara Municipal de Santos (Resolu\u00e7\u00e3o n.\u00ba 16, de 26 de junho de 2019) e suas atualiza\u00e7\u00f5es e\/ou altera\u00e7\u00f5es. Lei Org\u00e2nica do Mun\u00edcipio de Santos de 05 de abril de 1990 e suas atualiza\u00e7\u00f5es e\/ou altera\u00e7\u00f5es. Resolu\u00e7\u00e3o n.\u00ba 17, de 08 de agosto de 2019 e suas atualiza\u00e7\u00f5es e\/ou altera\u00e7\u00f5es, Resolu\u00e7\u00e3o n.\u00ba 18, de 08 de agosto de 2019 e suas atualiza\u00e7\u00f5es e\/ou altera\u00e7\u00f5es e Resolu\u00e7\u00e3o n.\u00ba 19, de 09 de agosto de 2019 e suas atualiza\u00e7\u00f5es e\/ou altera\u00e7\u00f5es.<\/li>\n<li>No\u00e7\u00f5es de Inform\u00e1tica: No\u00e7\u00f5es b\u00e1sicas de armazenamento de dados: arquivos, pastas, programas; MS Office: Word, Excel, PowerPoint e Outlook (Vers\u00e3o 2007 e\/ou vers\u00e3o atualizada); conceitos b\u00e1sicos e caracter\u00edsticas do sistema operacional Windows; conceitos e modos de utiliza\u00e7\u00e3o de ferramentas Internet Explorer; conceitos b\u00e1sicos de seguran\u00e7a da Informa\u00e7\u00e3o com foco no comportamento do usu\u00e1rio.<\/li>\n<\/ul><h2 id=\"ltimo-concurso-cmara-de-santos-sp\">\u00daltimo concurso C\u00e2mara de Santos \u2013 SP<\/h2>\n<p>O \u00faltimo concurso C\u00e2mara de Santos aconteceu no ano de 2014, ofertando ao todo 44 vagas para cargos de n\u00edveis fundamental, m\u00e9dio e superior. O IBAM (Instituto Brasileiro de Administra\u00e7\u00e3o Municipal) ficou respons\u00e1vel pela organiza\u00e7\u00e3o do certame.<\/p>\n<p>A divis\u00e3o foi a seguinte:<\/p>\n<p>N\u00edvel M\u00e9dio<\/p>\n<ul><li>Auxiliar de Administra\u00e7\u00e3o;<\/li>\n<li>T\u00e9cnico em Inform\u00e1tica.<\/li>\n<\/ul><p>N\u00edvel M\u00e9dio<\/p>\n<ul><li>T\u00e9cnico \u2013 Analista de Sistema \u2013 Suporte Banco de Dados;<\/li>\n<li>T\u00e9cnico \u2013 Analista de Sistema \u2013 Desenvolvimento;<\/li>\n<li>T\u00e9cnico \u2013 Analista de Sistema \u2013 Suporte a Rede de Computadores;<\/li>\n<li>T\u00e9cnico \u2013 Analista de Sistema \u2013 Modelagem de Sistemas;<\/li>\n<li>T\u00e9cnico \u2013 Biblioteconomista;<\/li>\n<li>T\u00e9cnico \u2013 Contador;<\/li>\n<li>T\u00e9cnico \u2013 Pedagogo;<\/li>\n<li>T\u00e9cnico Especializado \u2013 Arquiteto;<\/li>\n<li>Analista Jur\u00eddico.<\/li>\n<\/ul><p>A rela\u00e7\u00e3o candidato\/vaga foi a seguinte:<\/p>\n<h3>Provas concurso C\u00e2mara de Santos 2014<\/h3>\n<p>Os candidatos eram avaliados mediante provas objetivas. Houve tamb\u00e9m uma avalia\u00e7\u00e3o de t\u00edtulos para cargos de n\u00edvel superior.<\/p>\n<p>O conte\u00fado program\u00e1tico era o seguinte:<\/p>\n<p>Atendente Legislativo e Telefonista<\/p>\n<p>L\u00edngua Portuguesa: Interpreta\u00e7\u00e3o de Texto; Ortografia oficial; Acentua\u00e7\u00e3o gr\u00e1fica; As classes gramaticais; Concord\u00e2ncia verbal e nominal; Pronomes: emprego e coloca\u00e7\u00e3o e Reg\u00eancia nominal e verbal. No\u00e7\u00f5es da norma culta da l\u00edngua portuguesa na modalidade escrita.<\/p>\n<p>Matem\u00e1tica: Conjunto dos n\u00fameros naturais, inteiros e racionais relativos (formas decimal e fracion\u00e1ria): propriedades, opera\u00e7\u00f5es e problemas; Grandezas Proporcionais \u2013 Regra de tr\u00eas simples; Porcentagem e juro simples \u2013 Resolvendo problemas; Sistema Monet\u00e1rio Brasileiro; Sistema Decimal de Medidas: comprimento, superf\u00edcie, volume, massa, capacidade e tempo (transforma\u00e7\u00e3o de unidades e problemas); Figuras Geom\u00e9tricas Planas: per\u00edmetros e \u00e1reas \u2013 problemas.<\/p>\n<p>T\u00e9cnico Legislativo, T\u00e9cnico em Tecnologia da Informa\u00e7\u00e3o, T\u00e9cnico de Som<\/p>\n<p>Portugu\u00eas: Quest\u00f5es que possibilitem avaliar a capacidade de Interpreta\u00e7\u00e3o de texto, conhecimento da norma culta na modalidade escrita do idioma e aplica\u00e7\u00e3o da Ortografia oficial; Acentua\u00e7\u00e3o gr\u00e1fica; Pontua\u00e7\u00e3o; Classes gramaticais; Concord\u00e2ncia verbal e nominal; Pronomes: emprego e coloca\u00e7\u00e3o e Reg\u00eancia nominal e verbal.<\/p>\n<p>Matem\u00e1tica: Teoria dos Conjuntos; Conjuntos dos n\u00fameros Reais (R): opera\u00e7\u00f5es, propriedades e problemas; C\u00e1lculos Alg\u00e9bricos; Grandezas Proporcionais \u2013 Regra de Tr\u00eas Simples e Composta; Porcentagem e Juro Simples; Sistema Monet\u00e1rio Brasileiro; Equa\u00e7\u00e3o do Primeiro e Segundo Graus \u2013 problemas; Sistema Decimal de Medidas (comprimento, superf\u00edcie, volume, massa, capacidade e tempo) \u2013 transforma\u00e7\u00e3o de unidades e resolu\u00e7\u00e3o de problemas; Geometria: ponto, reta, plano \u2013 \u00e2ngulos, pol\u00edgonos, tri\u00e2ngulos, quadril\u00e1teros, circunfer\u00eancia, c\u00edrculo e seus elementos respectivos \u2013 figuras geom\u00e9tricas planas (per\u00edmetros e \u00e1reas) \u2013 s\u00f3lidos geom\u00e9tricos (figuras espaciais): seus elementos e volumes; Fun\u00e7\u00f5es do 1\u00ba e 2\u00ba graus; Sequ\u00eancias, Progress\u00f5es Aritm\u00e9ticas e Geom\u00e9tricas. Resolu\u00e7\u00e3o de problemas.<\/p>\n<p>N\u00edvel Superior<\/p>\n<p>Portugu\u00eas: Quest\u00f5es que possibilitem avaliar a capacidade de Interpreta\u00e7\u00e3o de texto, conhecimento da norma culta na modalidade escrita do idioma e aplica\u00e7\u00e3o da Ortografia oficial; Acentua\u00e7\u00e3o gr\u00e1fica; Pontua\u00e7\u00e3o; Classes gramaticais; Concord\u00e2ncia verbal e nominal; Pronomes: emprego e coloca\u00e7\u00e3o e Reg\u00eancia nominal e verbal.<\/p>","protected":false},"excerpt":{"rendered":"<p>Saiu o edital do novo concurso C\u00e2mara de Santos, no estado de S\u00e3o Paulo! S\u00e3o 37 vagas para cargos de n\u00edveis m\u00e9dio e superior de escolaridade, com sal\u00e1rios chegando a R$ 8 mil.<\/p>\n","protected":false},"author":16,"featured_media":0,"comment_status":"closed","ping_status":"closed","sticky":false,"template":"","format":"standard","meta":{"_acf_changed":false,"footnotes":"","_wp_rev_ctl_limit":""},"categories":[44999],"tags":[],"class_list":["post-96568","post","type-post","status-publish","format-standard","hentry","category-concursos"],"acf":[],"_links":{"self":[{"href":"https:\/\/www.novaconcursos.com.br\/portal\/wp-json\/wp\/v2\/posts\/96568","targetHints":{"allow":["GET"]}}],"collection":[{"href":"https:\/\/www.novaconcursos.com.br\/portal\/wp-json\/wp\/v2\/posts"}],"about":[{"href":"https:\/\/www.novaconcursos.com.br\/portal\/wp-json\/wp\/v2\/types\/post"}],"author":[{"embeddable":true,"href":"https:\/\/www.novaconcursos.com.br\/portal\/wp-json\/wp\/v2\/users\/16"}],"replies":[{"embeddable":true,"href":"https:\/\/www.novaconcursos.com.br\/portal\/wp-json\/wp\/v2\/comments?post=96568"}],"version-history":[{"count":1,"href":"https:\/\/www.novaconcursos.com.br\/portal\/wp-json\/wp\/v2\/posts\/96568\/revisions"}],"predecessor-version":[{"id":124390,"href":"https:\/\/www.novaconcursos.com.br\/portal\/wp-json\/wp\/v2\/posts\/96568\/revisions\/124390"}],"wp:attachment":[{"href":"https:\/\/www.novaconcursos.com.br\/portal\/wp-json\/wp\/v2\/media?parent=96568"}],"wp:term":[{"taxonomy":"category","embeddable":true,"href":"https:\/\/www.novaconcursos.com.br\/portal\/wp-json\/wp\/v2\/categories?post=96568"},{"taxonomy":"post_tag","embeddable":true,"href":"https:\/\/www.novaconcursos.com.br\/portal\/wp-json\/wp\/v2\/tags?post=96568"}],"curies":[{"name":"wp","href":"https:\/\/api.w.org\/{rel}","templated":true}]}}